    
{"id":53042,"date":"2021-12-13T10:35:05","date_gmt":"2021-12-13T09:35:05","guid":{"rendered":"https:\/\/www.praha7.cz\/?p=53042"},"modified":"2021-12-21T10:31:39","modified_gmt":"2021-12-21T09:31:39","slug":"pozvanka-na-8-radne-zasedani-zastupitelstva-mc-praha-7-3","status":"publish","type":"post","link":"https:\/\/www.praha7.cz\/pozvanka-na-8-radne-zasedani-zastupitelstva-mc-praha-7-3\/","title":{"rendered":"Pozv\u00e1nka na 8.&nbsp;\u0159\u00e1dn\u00e9 zased\u00e1n\u00ed Zastupitelstva M\u010c Praha&nbsp;7"},"content":{"rendered":"<p style=\"text-align: justify;\">[perex]<\/p>\r\n<p style=\"text-align: justify;\">8.&nbsp;\u0159\u00e1dn\u00e9 zased\u00e1n\u00ed Zastupitelstva M\u010c Praha&nbsp;7 se kon\u00e1 v&nbsp;pond\u011bl\u00ed dne 20.&nbsp;prosince 2021 od 17:00 hodin. P\u0159enos zased\u00e1n\u00ed m\u016f\u017eete sledovat\u00a0<a href=\"https:\/\/www.youtube.com\/watch?v=zVNB51OwvfY&amp;list=PLhx7K_xZ34I_isGsWTgo49slstFUDvYvM\">ZDE<\/a>.\u00a0<\/p>\r\n<p style=\"text-align: justify;\">Materi\u00e1ly ke sta\u017een\u00ed budou k\u00a0dispozici pod eviden\u010dn\u00edmi \u010d\u00edsly u\u00a0n\u00e1zv\u016f jednotliv\u00fdch bod\u016f.\u00a0<\/p>\r\n<p style=\"text-align: justify;\">[\/perex]<\/p>\r\n<p style=\"text-align: justify;\"><strong>Program <\/strong><strong>8.\u00a0\u0159\u00e1dn\u00e9ho zased\u00e1n\u00ed Zastupitelstva M\u010c Praha\u00a07\u00a0<\/strong><\/p>\r\n<ul style=\"text-align: justify;\">\r\n\t<li>Pravideln\u00fd bod programu za\u0159azen\u00fd za bod \u010d. 2 \u2013 Dotazy a&nbsp;p\u0159ipom\u00ednky ob\u010dan\u016f 1<\/li>\r\n\t<li>Pravideln\u00fd bod programu za\u0159azen\u00fd pevn\u011b na 18 hodinu \u2013 Dotazy a&nbsp;p\u0159ipom\u00ednky ob\u010dan\u016f 2\u00a0<\/li>\r\n<\/ul>\r\n<p style=\"text-align: justify;\"><strong>1.\u00a0<\/strong> \u00a0Zah\u00e1jen\u00ed &#8211; schv\u00e1len\u00ed programu<\/p>\r\n<p style=\"text-align: justify;\"><strong>2.\u00a0<\/strong> N\u00c1VRH k&nbsp;ak\u010dn\u00edmu pl\u00e1nu pro rok 2022 &#8211;\u00a0<a href=\"https:\/\/www.praha7.cz\/wp-content\/uploads\/2021\/12\/1977.zip\">\u010d. 1977<\/a><\/p>\r\n<p style=\"text-align: justify;\"><strong>3.<\/strong>\u00a0 N\u00c1VRH k&nbsp;rozpo\u010dtu hlavn\u00ed \u010dinnosti M\u010c Praha&nbsp;7 na rok 2022, ke st\u0159edn\u011bdob\u00e9mu v\u00fdhledu rozpo\u010dtu M\u010c Praha&nbsp;7 do roku 2027, k&nbsp;rozpo\u010dt\u016fm pro rok 2022 a&nbsp;st\u0159edn\u011bdob\u00fdm v\u00fdhled\u016fm rozpo\u010dtu p\u0159\u00edsp\u011bvkov\u00fdch organizac\u00ed M\u010c Praha&nbsp;7 do roku 2024 a&nbsp;k&nbsp;finan\u010dn\u00edmu pl\u00e1nu zda\u0148ovan\u00e9 \u010dinnosti M\u011bstsk\u00e9 \u010d\u00e1sti Praha&nbsp;7 na rok 2022 (v\u010detn\u011b 7U s.r.o.) &#8211;\u00a0<a href=\"https:\/\/www.praha7.cz\/wp-content\/uploads\/2021\/12\/1972.zip\">\u010d. 1972<\/a><\/p>\r\n<p style=\"text-align: justify;\"><strong>4.<\/strong>\u00a0 N\u00c1VRH k&nbsp;p\u0159ijet\u00ed &#8222;Pravidel (Z\u00e1sad) pro hospoda\u0159en\u00ed M\u010c Praha&nbsp;7 v&nbsp;obdob\u00ed rozpo\u010dtov\u00e9ho provizoria na rok 2022 &#8211; pravidla rozpo\u010dtov\u00e9ho provizoria&#8220; &#8211; <a href=\"https:\/\/www.praha7.cz\/wp-content\/uploads\/2021\/12\/1963.zip\">\u010d. 1963<\/a><\/p>\r\n<p style=\"text-align: justify;\"><strong>5.<\/strong>\u00a0 N\u00c1VRH ke zpr\u00e1v\u011b o&nbsp;v\u00fdsledc\u00edch hospoda\u0159en\u00ed M\u010c Praha&nbsp;7 za 1. &#8211; 3.&nbsp;\u010dtvrtlet\u00ed 2021 &#8211; hlavn\u00ed \u010dinnost &#8211;\u00a0<a href=\"https:\/\/www.praha7.cz\/wp-content\/uploads\/2021\/12\/1973.zip\">\u010d. 1973<\/a><\/p>\r\n<p style=\"text-align: justify;\"><strong>6.<\/strong>\u00a0 N\u00c1VRH k&nbsp;rezignaci na funkci p\u0159\u00edsed\u00edc\u00ed Obvodn\u00edho soudu pro Prahu 7\u00a0 &#8211; <a href=\"https:\/\/www.praha7.cz\/wp-content\/uploads\/2021\/12\/1961-2.zip\">\u010d. 1961<\/a><\/p>\r\n<p style=\"text-align: justify;\"><strong>7.\u00a0<\/strong> N\u00c1VRH k&nbsp;volb\u011b p\u0159\u00edsed\u00edc\u00edch Obvodn\u00edho soudu pro Prahu 7 &#8211;\u00a0<a href=\"https:\/\/www.praha7.cz\/wp-content\/uploads\/2021\/12\/1970.zip\">\u010d. 1970<\/a><\/p>\r\n<p style=\"text-align: justify;\"><strong>8.<\/strong>\u00a0 N\u00c1VRH k\u00a0ozn\u00e1men\u00ed hl. m. Praze o&nbsp;z\u00e1m\u011bru M\u010c Praha&nbsp;7 na prodej \u010d\u00e1sti pozemku parc. \u010c. 1561, k.\u00fa. Hole\u0161ovice, v\u00a0souvislosti s\u00a0\u017e\u00e1dost\u00ed organizace Spr\u00e1va \u017deleznic, st\u00e1tn\u00ed organizace, pro \u00fa\u010dely realizace ve\u0159ejn\u011b prosp\u011b\u0161n\u00e9 stavby dopravn\u00ed infrastruktury, \u201eModernizace trati Praha \u2013Bubny (v\u010detn\u011b) \u2013 Praha-V\u00fdstavi\u0161t\u011b (v\u010detn\u011b) <a href=\"https:\/\/file.praha7.cz\/odbory\/kst\/1980.zip\">\u010d. 1980<\/a><\/p>\r\n<p style=\"text-align: justify;\"><strong>9.\u00a0<\/strong> N\u00c1VRH\u00a0 k&nbsp;uzav\u0159en\u00ed Dodatku \u010d. 2 ke Smlouv\u011b o&nbsp;z\u0159\u00edzen\u00ed pr\u00e1va stavby ze dne 31.&nbsp;01.&nbsp;2018, ve zn\u011bn\u00ed Dodatku \u010d. 1 ze dne 08.08.2018, uzav\u0159en\u00e9 mezi M\u010c Praha&nbsp;7 a&nbsp;stavebn\u00edkem \u010ceskobratrsk\u00e1 c\u00edrkev evangelick\u00e1, I\u010cO: 00445223, ve v\u011bci z\u0159\u00edzen\u00ed bez\u00faplatn\u00e9ho pr\u00e1va stavby na pozemc\u00edch parc. \u010d. 303, 304, 305, v\u0161e k.\u00fa. Hole\u0161ovice &#8211; <a href=\"https:\/\/file.praha7.cz\/odbory\/kst\/1975.zip\">\u010d. 1975<\/a><\/p>\r\n<p style=\"text-align: justify;\"><strong>10. \u00a0<\/strong>N\u00c1VRH k&nbsp;pod\u00e1n\u00ed \u017e\u00e1dosti na hl. m. Praha o&nbsp;sv\u011b\u0159en\u00ed pozemku parc. \u010d.\u00a02170\/3, v&nbsp;k.\u00fa. Hole\u0161ovice (pozemek na \u0160pejcharu) do sv\u011b\u0159en\u00e9 spr\u00e1vy\u00a0\u00a0nemovitost\u00ed M\u010c Praha&nbsp;7 &#8211;<a href=\"https:\/\/www.praha7.cz\/wp-content\/uploads\/2021\/12\/1976.zip\">\u00a0\u010d.\u00a01976<\/a><\/p>\r\n<p style=\"text-align: justify;\"><strong>11.<\/strong> \u00a0N\u00c1VRH ke zpr\u00e1v\u011b o&nbsp;v\u00fdsledc\u00edch hospoda\u0159en\u00ed M\u010c Praha&nbsp;7 za 1. &#8211; 3.\u00a0\u010dtvrtlet\u00ed roku 2021 v&nbsp;r\u00e1mci hospod\u00e1\u0159sk\u00e9 \u010dinnosti &#8211; \u00faseku zda\u0148ovan\u00e9 <br \/>\r\n\u00a0\u010dinnosti &#8211;\u00a0<a href=\"https:\/\/www.praha7.cz\/wp-content\/uploads\/2021\/12\/1967.zip\">\u010d. 1967<\/a><\/p>\r\n<p style=\"text-align: justify;\"><strong>12.\u00a0<\/strong> N\u00c1VRH k\u00a0prominut\u00ed a&nbsp;odpisu pohled\u00e1vek v\u010detn\u011b vy\u00fa\u010dtov\u00e1n\u00ed slu\u017eeb \u2013 byty neu\u017e\u00edvan\u00e9, byty zem\u0159el\u00ed, nebytov\u00e9 prostory neu\u017e\u00edvan\u00e9 &#8211;\u00a0<a href=\"https:\/\/www.praha7.cz\/wp-content\/uploads\/2021\/12\/1971.zip\">\u010d. 1971<\/a><\/p>\r\n<p style=\"text-align: justify;\"><strong>13.\u00a0<\/strong> \u00a0N\u00c1VRH k&nbsp;p\u0159ipom\u00ednk\u00e1m \u00a0M\u010c Praha&nbsp;7 k&nbsp;Aktualizaci \u010d. 5 Z\u00e1sad \u00fazemn\u00edho\u00a0rozvoje hl. m. Prahy ve ve\u0159ejn\u00e9m projedn\u00e1n\u00ed dle \u00a7 22 a&nbsp;\u00a7 39 z\u00e1kona \u010d.\u00a0183\/2006 Sb. &#8211;\u00a0<a href=\"https:\/\/www.praha7.cz\/wp-content\/uploads\/2021\/12\/1966.zip\">\u010d. 1966<\/a><\/p>\r\n<p style=\"text-align: justify;\"><strong>14.<\/strong>\u00a0 \u00a0N\u00c1VRH ke smlouv\u011b o&nbsp;partnerstv\u00ed s&nbsp;finan\u010dn\u00edm p\u0159\u00edsp\u011bvkem mezi M\u010c\u00a0Praha&nbsp;7 a&nbsp;\u010ceskou asociac\u00ed streetwork o.p.s., I\u010cO: 02032929 &#8211;\u00a0<a href=\"https:\/\/www.praha7.cz\/wp-content\/uploads\/2021\/12\/1974.zip\">\u010d. 1974<\/a><\/p>\r\n<p style=\"text-align: justify;\"><strong>15.<\/strong>\u00a0 N\u00c1VRH k&nbsp;ve\u0159ejnopr\u00e1vn\u00ed smlouv\u011b o&nbsp;poskytnut\u00ed dotace mezi M\u010c Praha&nbsp;7 a&nbsp;Charitou Praha Hole\u0161ovice, I\u010cO: 49368222, v&nbsp;r\u00e1mci projektu &#8222;Tax\u00edk Max\u00edk&#8220; &#8211;\u00a0<a href=\"https:\/\/www.praha7.cz\/wp-content\/uploads\/2021\/12\/1979.zip\">\u010d. 1979<\/a><\/p>\r\n<p style=\"text-align: justify;\"><strong>16.\u00a0<\/strong> N\u00c1VRH k&nbsp;uzav\u0159en\u00ed darovac\u00ed smlouvy mezi M\u010c Praha&nbsp;7 a&nbsp;Katolickou mate\u0159skou \u0161kolou sv. Klimenta se s\u00eddlem U&nbsp;Uranie 1080\/16, 170&nbsp;00 Praha&nbsp;7 \u2013 Hole\u0161ovice, I\u010cO: 4965063, na finan\u010dn\u00ed dar ve v\u00fd\u0161i 152&nbsp;000&nbsp;K\u010d na zabezpe\u010den\u00ed p\u0159ed\u0161koln\u00edho vzd\u011bl\u00e1v\u00e1n\u00ed pro 38 d\u011bt\u00ed s&nbsp;trval\u00fdm pobytem v&nbsp;Praze 7 ve \u0161koln\u00edm roce 2021\/2022 &#8211;\u00a0<a href=\"https:\/\/www.praha7.cz\/wp-content\/uploads\/2021\/12\/1964.zip\">\u010d. 1964<\/a><\/p>\r\n<p style=\"text-align: justify;\"><strong>17.\u00a0 <\/strong>INFORMACE o&nbsp;\u010dinnosti Rady M\u010c Praha&nbsp;7 a&nbsp;pln\u011bn\u00ed \u00fakol\u016f ulo\u017een\u00fdch Rad\u011b M\u010c\u00a0\u00a0Praha&nbsp;7 Zastupitelstvem\u00a0 M\u010c Praha&nbsp;7 v\u00a0obdob\u00ed mezi 7.&nbsp;a&nbsp;8.&nbsp;zased\u00e1n\u00edm\u00a0Zastupitelstva M\u010c Praha&nbsp;7 v\u00a0roce 2021 &#8211;\u00a0<a href=\"https:\/\/www.praha7.cz\/wp-content\/uploads\/2021\/12\/1968.zip\">\u010d. 1968<\/a><\/p>\r\n<p style=\"text-align: justify;\"><strong>18.<\/strong>\u00a0 INFORMACE o&nbsp;Monitoringu napl\u0148ov\u00e1n\u00ed priorit a&nbsp;c\u00edl\u016f Strategick\u00e9ho r\u00e1mce MAP do roku 2023 \u2013 \u201eVyhodnocen\u00ed MAP1 \u2013 mate\u0159sk\u00e9 \u0161koly\u201c, Monotoringu napl\u0148ov\u00e1n\u00ed priorit a&nbsp;c\u00edl\u016f a&nbsp;Strategick\u00e9ho pl\u00e1nu MAP do roku 2023 \u2013 \u201eVyhodnocen\u00ed MAP1 \u2013 z\u00e1kladn\u00ed \u0161koly\u201c a&nbsp;pr\u016fb\u011b\u017en\u00e9 sebehodnot\u00edc\u00ed zpr\u00e1v\u011b MAP za obdob\u00ed 1.&nbsp;8.&nbsp;2020 \u2013 31.&nbsp;7.&nbsp;2021 &#8211;<a href=\"https:\/\/www.praha7.cz\/wp-content\/uploads\/2021\/12\/1981.zip\">\u00a0\u010d.\u00a01981<\/a><\/p>\r\n<p style=\"text-align: justify;\"><strong>19.\u00a0<\/strong> INFORMACE o&nbsp;\u010dinnosti Kontroln\u00edho v\u00fdboru Zastupitelstva M\u010c Praha&nbsp;7\u00a0v\u00a0obdob\u00ed mezi 7.&nbsp;a&nbsp;8.&nbsp;zased\u00e1n\u00edm Zastupitelstva M\u010c Praha&nbsp;7 v\u00a0roce 2021 &#8211;\u00a0<a href=\"https:\/\/www.praha7.cz\/wp-content\/uploads\/2021\/12\/1962.zip\">\u010d. 1962<\/a><\/p>\r\n<p style=\"text-align: justify;\"><strong>20.\u00a0<\/strong> INFORMACE o&nbsp;\u010dinnosti Finan\u010dn\u00edho v\u00fdboru Zastupitelstva M\u010c Praha&nbsp;7\u00a0v\u00a0obdob\u00ed mezi 7.&nbsp;a&nbsp;8.&nbsp;zased\u00e1n\u00edm Zastupitelstva M\u010c Praha&nbsp;7 v\u00a0roce 2021 &#8211;\u00a0<a href=\"https:\/\/www.praha7.cz\/wp-content\/uploads\/2021\/12\/1965.zip\">\u010d. 1965<\/a><\/p>\r\n<p style=\"text-align: justify;\"><strong>21.<\/strong>\u00a0 INFORMACE o&nbsp;\u010dinnosti V\u00fdboru pro\u00a0vzd\u011bl\u00e1v\u00e1n\u00ed, soci\u00e1ln\u00ed politiku a\u00a0zdravotnictv\u00ed Zastupitelstva M\u010c Praha&nbsp;7 v\u00a0obdob\u00ed mezi 7.&nbsp;a&nbsp;8.&nbsp;zased\u00e1n\u00edm\u00a0Zastupitelstva M\u010c Praha&nbsp;7 v\u00a0roce 2021<\/p>\r\n<p style=\"text-align: justify;\"><strong>22.<\/strong>\u00a0 Dopisy, adresovan\u00e9 Z\u00a0M\u010c P7<\/p>\r\n<p style=\"text-align: justify;\"><strong>23.<\/strong>\u00a0 R\u016fzn\u00e9<\/p>\r\n<p style=\"text-align: justify;\"><strong>24.\u00a0<\/strong> Z\u00e1v\u011br<\/p>\r\n<p style=\"text-align: justify;\">Mgr. Jan \u010ci\u017einsk\u00fd<br \/>\r\nstarosta m\u011bstsk\u00e9 \u010d\u00e1sti Praha&nbsp;7<\/p>\r\n<p style=\"text-align: justify;\"><a href=\"https:\/\/file.praha7.cz\/odbory\/kst\/8_2021.zip\">Materi\u00e1ly k&nbsp;8.\u00a0\u0159\u00e1dn\u00e9mu zased\u00e1n\u00ed Z\u00a0M\u010c Praha\u00a07<\/a><\/p>","protected":false},"excerpt":{"rendered":"[perex] 8.&nbsp;\u0159\u00e1dn\u00e9 zased\u00e1n\u00ed Zastupitelstva M\u010c Praha&nbsp;7 se kon\u00e1 v&nbsp;pond\u011bl\u00ed dne 20.&nbsp;prosince 2021 od 17:00 hodin. P\u0159enos zased\u00e1n\u00ed m\u016f\u017eete sledovat\u00a0ZDE.\u00a0 Materi\u00e1ly ke sta\u017een\u00ed budou k\u00a0dispozici pod eviden\u010dn\u00edmi \u010d\u00edsly u\u00a0n\u00e1zv\u016f jednotliv\u00fdch bod\u016f.\u00a0 [\/perex] Program 8.\u00a0\u0159\u00e1dn\u00e9ho zased\u00e1n\u00ed Zastupitelstva M\u010c Praha\u00a07\u00a0 Pravideln\u00fd bod programu za\u0159azen\u00fd za bod \u010d. 2 \u2013 Dotazy a&nbsp;p\u0159ipom\u00ednky ob\u010dan\u016f 1 Pravideln\u00fd bod programu za\u0159azen\u00fd pevn\u011b [&hellip;]","protected":false},"author":14,"featured_media":33780,"comment_status":"closed","ping_status":"open","sticky":false,"template":"","format":"standard","meta":[],"categories":[34],"tags":[],"_links":{"self":[{"href":"https:\/\/www.praha7.cz\/api\/wp\/v2\/posts\/53042"}],"collection":[{"href":"https:\/\/www.praha7.cz\/api\/wp\/v2\/posts"}],"about":[{"href":"https:\/\/www.praha7.cz\/api\/wp\/v2\/types\/post"}],"author":[{"embeddable":true,"href":"https:\/\/www.praha7.cz\/api\/wp\/v2\/users\/14"}],"replies":[{"embeddable":true,"href":"https:\/\/www.praha7.cz\/api\/wp\/v2\/comments?post=53042"}],"version-history":[{"count":13,"href":"https:\/\/www.praha7.cz\/api\/wp\/v2\/posts\/53042\/revisions"}],"predecessor-version":[{"id":53252,"href":"https:\/\/www.praha7.cz\/api\/wp\/v2\/posts\/53042\/revisions\/53252"}],"wp:featuredmedia":[{"embeddable":true,"href":"https:\/\/www.praha7.cz\/api\/wp\/v2\/media\/33780"}],"wp:attachment":[{"href":"https:\/\/www.praha7.cz\/api\/wp\/v2\/media?parent=53042"}],"wp:term":[{"taxonomy":"category","embeddable":true,"href":"https:\/\/www.praha7.cz\/api\/wp\/v2\/categories?post=53042"},{"taxonomy":"post_tag","embeddable":true,"href":"https:\/\/www.praha7.cz\/api\/wp\/v2\/tags?post=53042"}],"curies":[{"name":"wp","href":"https:\/\/api.w.org\/{rel}","templated":true}]}}