    
{"id":52965,"date":"2021-12-08T16:15:17","date_gmt":"2021-12-08T15:15:17","guid":{"rendered":"https:\/\/www.praha7.cz\/?p=52965"},"modified":"2021-12-14T12:24:32","modified_gmt":"2021-12-14T11:24:32","slug":"v-pondeli-13-12-probehne-na-poliklinice-prahy-7-ockovani-12-15-let","status":"publish","type":"post","link":"https:\/\/www.praha7.cz\/v-pondeli-13-12-probehne-na-poliklinice-prahy-7-ockovani-12-15-let\/","title":{"rendered":"V pond\u011bl\u00ed 13.&nbsp;12.&nbsp;prob\u011bhne na Poliklinice Prahy&nbsp;7 o\u010dkov\u00e1n\u00ed 12 \u2013 15 let bez registrace"},"content":{"rendered":"<p>[perex]<\/p>\r\n<p>Z\u00e1jemci o&nbsp;o\u010dkov\u00e1n\u00ed d\u011bt\u00ed ve v\u011bku 12 \u2013 15 let mohou vyu\u017e\u00edt mimo\u0159\u00e1dn\u00e9ho term\u00ednu vakcinace na Poliklinice Prahy&nbsp;7 (Franti\u0161ka K\u0159\u00ed\u017eka 22). Za p\u0159\u00edtomnosti d\u011btsk\u00e9 l\u00e9ka\u0159ky bude ve 2.&nbsp;pat\u0159e polikliniky <strong>v\u00a0pond\u011bl\u00ed 13.&nbsp;12.&nbsp;2021 v\u00a0\u010dase 15 \u2013 18 hodin<\/strong> prob\u00edhat o\u010dkov\u00e1n\u00ed vakc\u00ednou Moderna proti nemoci COVID-19 zam\u011b\u0159en\u00e9 na v\u011bkovou kategorii 12 \u2013 15 let.<\/p>\r\n<p>[\/perex]<\/p>\r\n<p><strong>D\u011bti v\u00a0doprovodu z\u00e1konn\u00e9ho z\u00e1stupce mohou p\u0159ij\u00edt kdykoli v\u00a0uveden\u00e9m \u010dase bez nutnosti p\u0159edchoz\u00ed rezervace.<\/strong> S\u00a0sebou si nezapome\u0148te karti\u010dku poji\u0161t\u011bnce d\u00edt\u011bte a&nbsp;doklad toto\u017enosti z\u00e1konn\u00e9ho z\u00e1stupce.<\/p>\r\n<p>Term\u00edn <strong>p\u0159eo\u010dkov\u00e1n\u00ed druhou d\u00e1vkou bude ve st\u0159edu 12.&nbsp;1.&nbsp;2022<\/strong>. Pros\u00edme, vyu\u017eijte t\u00e9to mo\u017enosti pouze v\u00a0p\u0159\u00edpad\u011b, \u017ee se budete moci z\u00fa\u010dastnit v\u00a0obou uveden\u00fdch term\u00ednech.<\/p>\r\n<p>V p\u0159\u00edpad\u011b dotaz\u016f k\u00a0o\u010dkov\u00e1n\u00ed na Poliklinice Prahy&nbsp;7 se obracejte na tel.: 270&nbsp;005\u00a0666 (7-18 hod.), 270&nbsp;005&nbsp;668 (7-16 hod.), e-mail: <a href=\"mailto:ocm@pp7.cz\">ocm@pp7.cz<\/a>, <a href=\"mailto:ockovacicentrum@pp7.cz\">ockovacicentrum@pp7.cz<\/a><\/p>\r\n<p>&nbsp;<\/p>\r\n<p><em>Pro z\u00e1jemce o&nbsp;o\u010dkov\u00e1n\u00ed ve v\u011bku 16+ jsou informace uvedeny <a href=\"https:\/\/www.praha7.cz\/poliklinika-nabizi-ockovani-bez-registrace\/\">ZDE<\/a>.<\/em><\/p>","protected":false},"excerpt":{"rendered":"[perex] Z\u00e1jemci o&nbsp;o\u010dkov\u00e1n\u00ed d\u011bt\u00ed ve v\u011bku 12 \u2013 15 let mohou vyu\u017e\u00edt mimo\u0159\u00e1dn\u00e9ho term\u00ednu vakcinace na Poliklinice Prahy&nbsp;7 (Franti\u0161ka K\u0159\u00ed\u017eka 22). Za p\u0159\u00edtomnosti d\u011btsk\u00e9 l\u00e9ka\u0159ky bude ve 2.&nbsp;pat\u0159e polikliniky v\u00a0pond\u011bl\u00ed 13.&nbsp;12.&nbsp;2021 v\u00a0\u010dase 15 \u2013 18 hodin prob\u00edhat o\u010dkov\u00e1n\u00ed vakc\u00ednou Moderna proti nemoci COVID-19 zam\u011b\u0159en\u00e9 na v\u011bkovou kategorii 12 \u2013 15 let. [\/perex] D\u011bti v\u00a0doprovodu z\u00e1konn\u00e9ho [&hellip;]","protected":false},"author":5,"featured_media":32639,"comment_status":"closed","ping_status":"open","sticky":false,"template":"","format":"standard","meta":[],"categories":[34],"tags":[],"_links":{"self":[{"href":"https:\/\/www.praha7.cz\/api\/wp\/v2\/posts\/52965"}],"collection":[{"href":"https:\/\/www.praha7.cz\/api\/wp\/v2\/posts"}],"about":[{"href":"https:\/\/www.praha7.cz\/api\/wp\/v2\/types\/post"}],"author":[{"embeddable":true,"href":"https:\/\/www.praha7.cz\/api\/wp\/v2\/users\/5"}],"replies":[{"embeddable":true,"href":"https:\/\/www.praha7.cz\/api\/wp\/v2\/comments?post=52965"}],"version-history":[{"count":3,"href":"https:\/\/www.praha7.cz\/api\/wp\/v2\/posts\/52965\/revisions"}],"predecessor-version":[{"id":53041,"href":"https:\/\/www.praha7.cz\/api\/wp\/v2\/posts\/52965\/revisions\/53041"}],"wp:featuredmedia":[{"embeddable":true,"href":"https:\/\/www.praha7.cz\/api\/wp\/v2\/media\/32639"}],"wp:attachment":[{"href":"https:\/\/www.praha7.cz\/api\/wp\/v2\/media?parent=52965"}],"wp:term":[{"taxonomy":"category","embeddable":true,"href":"https:\/\/www.praha7.cz\/api\/wp\/v2\/categories?post=52965"},{"taxonomy":"post_tag","embeddable":true,"href":"https:\/\/www.praha7.cz\/api\/wp\/v2\/tags?post=52965"}],"curies":[{"name":"wp","href":"https:\/\/api.w.org\/{rel}","templated":true}]}}