    
{"id":52467,"date":"2021-11-16T17:12:03","date_gmt":"2021-11-16T16:12:03","guid":{"rendered":"https:\/\/www.praha7.cz\/?p=52467"},"modified":"2021-11-16T17:12:48","modified_gmt":"2021-11-16T16:12:48","slug":"oprava-tramvajove-trati-na-cechove-moste-do-21-11","status":"publish","type":"post","link":"https:\/\/www.praha7.cz\/oprava-tramvajove-trati-na-cechove-moste-do-21-11\/","title":{"rendered":"Oprava tramvajov\u00e9 trati na \u010cechov\u011b most\u011b do 21.&nbsp;11."},"content":{"rendered":"<p>[perex]<\/p>\r\n<p>Oprava tramvajov\u00e9 trati v\u00a0\u00faseku Starom\u011bstsk\u00e1 \u2013 Pr\u00e1vnick\u00e1 fakulta \u2013 \u010cech\u016fv most, kter\u00e1 prob\u00edh\u00e1 od 6.&nbsp;listopadu, bude ukon\u010dena v\u00a0ned\u011bli 21.&nbsp;listopadu (do 24.00 hodin).<\/p>\r\n<p>[\/perex]<\/p>\r\n<h3>Zm\u011bny tras tramvajov\u00fdch linek<\/h3>\r\n<p>Linky \u010d\u00edslo 17 a&nbsp;93 jsou v&nbsp;\u00faseku Starom\u011bstsk\u00e1 \u2013 \u010cech\u016fv most odklon\u011bny p\u0159es zast\u00e1vku Malostransk\u00e1.<\/p>\r\n<p>Historick\u00e1 linka \u010d\u00edslo 42 je v&nbsp;\u00faseku Kr\u00e1lovsk\u00fd letohr\u00e1dek \u2013 \u010cech\u016fv most odklon\u011bna p\u0159es zast\u00e1vku Malostransk\u00e1 (na n\u00e1b\u0159e\u017e\u00ed Edvarda Bene\u0161e), pouze v&nbsp;uveden\u00e9m sm\u011bru.<\/p>\r\n<p>&nbsp;<\/p>\r\n<h3>Zm\u011bny v&nbsp;zast\u00e1vk\u00e1ch tramvaj\u00ed<\/h3>\r\n<p>Pro historickou linku 42 se z\u0159izuje zast\u00e1vka Malostransk\u00e1 na n\u00e1b\u0159e\u017e\u00ed Edvarda Bene\u0161e, sm\u011br \u010cech\u016fv most.<\/p>\r\n<p>&nbsp;<\/p>\r\n<h3>N\u00e1hradn\u00ed doprava<\/h3>\r\n<p>N\u00e1hradn\u00ed doprava nen\u00ed zavedena.<\/p>\r\n<p>V denn\u00edm provozu lze v&nbsp;\u00faseku Starom\u011bstsk\u00e1 \u2013 Pr\u00e1vnick\u00e1 fakulta vyu\u017e\u00edt pravidelnou autobusovou linku \u010d\u00edslo 207.<\/p>\r\n<p>&nbsp;<\/p>\r\n<h3>Zm\u011bny v&nbsp;zast\u00e1vk\u00e1ch autobus\u016f<\/h3>\r\n<p>V ned\u011bli 14.&nbsp;listopadu 2021 p\u0159ibli\u017en\u011b od 4.30 hodin do 20.00 hodin se pro linku \u010d\u00edslo 207 p\u0159em\u00eds\u0165uje zast\u00e1vka Pr\u00e1vnick\u00e1 fakulta, sm\u011br Starom\u011bstsk\u00e1, na Dvo\u0159\u00e1kovo n\u00e1b\u0159e\u017e\u00ed p\u0159ibli\u017en\u011b 60 metr\u016f za k\u0159i\u017eovatku s&nbsp;\u010cechov\u00fdm mostem.<\/p>\r\n<p>&nbsp;<\/p>\r\n<h3>Obj\u00edzdn\u00e9 trasy pro automobilovou dopravu<\/h3>\r\n<p>sm\u011br Centrum: n\u00e1b\u0159e\u017e\u00ed Edvarda Bene\u0161e, \u0160tef\u00e1nik\u016fv most, Lannova, Nov\u00e9 Ml\u00fdny, Dvo\u0159\u00e1kovo n\u00e1b\u0159e\u017e\u00ed<br \/>\r\nsm\u011br Hole\u0161ovice: Dvo\u0159\u00e1kovo n\u00e1b\u0159e\u017e\u00ed, B\u0159ehov\u00e1, 17.&nbsp;listopadu, n\u00e1m\u011bst\u00ed Curieov\u00fdch, Dvo\u0159\u00e1kovo n\u00e1b\u0159e\u017e\u00ed, Nov\u00e9 Ml\u00fdny, Lannova, \u0160tef\u00e1nik\u016fv most<br \/>\r\nsm\u011br Kl\u00e1rov: Dvo\u0159\u00e1kovo n\u00e1b\u0159e\u017e\u00ed, Na Rejdi\u0161ti, 17.&nbsp;listopadu, n\u00e1m\u011bst\u00ed Jana Palacha, M\u00e1nes\u016fv most<\/p>","protected":false},"excerpt":{"rendered":"[perex] Oprava tramvajov\u00e9 trati v\u00a0\u00faseku Starom\u011bstsk\u00e1 \u2013 Pr\u00e1vnick\u00e1 fakulta \u2013 \u010cech\u016fv most, kter\u00e1 prob\u00edh\u00e1 od 6.&nbsp;listopadu, bude ukon\u010dena v\u00a0ned\u011bli 21.&nbsp;listopadu (do 24.00 hodin). [\/perex] Zm\u011bny tras tramvajov\u00fdch linek Linky \u010d\u00edslo 17 a&nbsp;93 jsou v&nbsp;\u00faseku Starom\u011bstsk\u00e1 \u2013 \u010cech\u016fv most odklon\u011bny p\u0159es zast\u00e1vku Malostransk\u00e1. Historick\u00e1 linka \u010d\u00edslo 42 je v&nbsp;\u00faseku Kr\u00e1lovsk\u00fd letohr\u00e1dek \u2013 \u010cech\u016fv most odklon\u011bna p\u0159es [&hellip;]","protected":false},"author":5,"featured_media":52468,"comment_status":"closed","ping_status":"open","sticky":false,"template":"","format":"standard","meta":[],"categories":[34],"tags":[],"_links":{"self":[{"href":"https:\/\/www.praha7.cz\/api\/wp\/v2\/posts\/52467"}],"collection":[{"href":"https:\/\/www.praha7.cz\/api\/wp\/v2\/posts"}],"about":[{"href":"https:\/\/www.praha7.cz\/api\/wp\/v2\/types\/post"}],"author":[{"embeddable":true,"href":"https:\/\/www.praha7.cz\/api\/wp\/v2\/users\/5"}],"replies":[{"embeddable":true,"href":"https:\/\/www.praha7.cz\/api\/wp\/v2\/comments?post=52467"}],"version-history":[{"count":1,"href":"https:\/\/www.praha7.cz\/api\/wp\/v2\/posts\/52467\/revisions"}],"predecessor-version":[{"id":52469,"href":"https:\/\/www.praha7.cz\/api\/wp\/v2\/posts\/52467\/revisions\/52469"}],"wp:featuredmedia":[{"embeddable":true,"href":"https:\/\/www.praha7.cz\/api\/wp\/v2\/media\/52468"}],"wp:attachment":[{"href":"https:\/\/www.praha7.cz\/api\/wp\/v2\/media?parent=52467"}],"wp:term":[{"taxonomy":"category","embeddable":true,"href":"https:\/\/www.praha7.cz\/api\/wp\/v2\/categories?post=52467"},{"taxonomy":"post_tag","embeddable":true,"href":"https:\/\/www.praha7.cz\/api\/wp\/v2\/tags?post=52467"}],"curies":[{"name":"wp","href":"https:\/\/api.w.org\/{rel}","templated":true}]}}