    
{"id":52432,"date":"2021-11-15T16:40:03","date_gmt":"2021-11-15T15:40:03","guid":{"rendered":"https:\/\/www.praha7.cz\/?p=52432"},"modified":"2021-11-16T11:18:18","modified_gmt":"2021-11-16T10:18:18","slug":"sprava-zeleznic-vypsala-tendr-na-modernizaci-trati-bubny-vystaviste-vcetne-nadrazi","status":"publish","type":"post","link":"https:\/\/www.praha7.cz\/sprava-zeleznic-vypsala-tendr-na-modernizaci-trati-bubny-vystaviste-vcetne-nadrazi\/","title":{"rendered":"Spr\u00e1va \u017eeleznic vypsala tendr na modernizaci trati Bubny-V\u00fdstavi\u0161t\u011b v\u010detn\u011b n\u00e1dra\u017e\u00ed"},"content":{"rendered":"<p>[perex]<\/p>\r\n<p>Modernizace \u017eelezni\u010dn\u00ed trati z&nbsp;Prahy do Kladna s&nbsp;odbo\u010dkou na Leti\u0161t\u011b V\u00e1clava Havla Praha se posunula do dal\u0161\u00ed f\u00e1ze. Spr\u00e1va \u017eeleznic vypsala v\u00fdb\u011brov\u00e9 \u0159\u00edzen\u00ed na zhotovitele \u00faseku Praha-Bubny \u2013 Praha-V\u00fdstavi\u0161t\u011b. Nejv\u00fd\u0161e p\u0159\u00edpustn\u00e1 nab\u00eddkov\u00e1 cena zak\u00e1zky je 3,8 miliardy korun. Realizac\u00ed t\u00e9to stavby za\u010dne z\u00e1sadn\u00ed p\u0159em\u011bna pra\u017esk\u00fdch Hole\u0161ovic, kter\u00e9 v&nbsp;m\u00edstech dne\u0161n\u00edho bubensk\u00e9ho n\u00e1dra\u017e\u00ed propoj\u00ed zcela nov\u00e1 \u010dtvr\u0165. Modernizace bude hotov\u00e1 do roku 2025 a&nbsp;stane se jedn\u00edm z&nbsp;pil\u00ed\u0159\u016f budouc\u00edho rozvoje cel\u00e9ho \u00fazem\u00ed.<\/p>\r\n<p>[\/perex]<\/p>\r\n<p><em>\u201eVyps\u00e1n\u00ed v\u00fdb\u011brov\u00e9ho \u0159\u00edzen\u00ed na zhotovitele je pro celou modernizaci trat\u011b z\u00a0Prahy do Kladna a&nbsp;na leti\u0161t\u011b d\u016fle\u017eit\u00fdm miln\u00edkem. Spolu s\u00a0kladensk\u00fdm \u00fasekem jde o&nbsp;faktick\u00fd za\u010d\u00e1tek cel\u00e9 stavby a&nbsp;p\u0159edev\u0161\u00edm o&nbsp;za\u010d\u00e1tek prom\u011bny cel\u00fdch Hole\u0161ovic. Star\u00e9 n\u00e1dra\u017e\u00ed dlouho rozd\u011blovalo Hole\u0161ovice na dv\u011b nesourod\u00e9 \u010d\u00e1sti, zat\u00edmco nov\u00e1 \u017eeleznice bude naopak ob\u011b \u010d\u00e1sti p\u0159irozen\u011b spojovat,\u201c\u00a0<\/em>\u0159\u00edk\u00e1 gener\u00e1ln\u00ed \u0159editel Spr\u00e1vy \u017eeleznic Ji\u0159\u00ed Svoboda.<\/p>\r\n<p>Nejv\u00fdrazn\u011bj\u0161\u00edm prvkem modernizovan\u00e9 trat\u011b bude nov\u00e1 \u017eelezni\u010dn\u00ed stanice Praha-Bubny, kter\u00e1 vznikne za Negrelliho viaduktem a&nbsp;kter\u00e1 bude propojena podzemn\u00edm vestibulem se stanic\u00ed metra C Vltavsk\u00e1. Architektonick\u00e9 ztv\u00e1rn\u011bn\u00ed n\u00e1dra\u017e\u00ed se t\u0159emi n\u00e1stupi\u0161ti a&nbsp;\u010dty\u0159mi kolejemi m\u00e1 na starosti architektonick\u00e9 studio Jakub Cigler Architekti. Podoba n\u00e1dra\u017e\u00ed bude m\u00edt dv\u011b r\u016fzn\u00e9 f\u00e1ze. V\u00a0prvn\u00ed f\u00e1zi, kdy p\u016fjde o&nbsp;jedinou budovu v\u00a0\u00fazem\u00ed, vznikne na jej\u00ed st\u0159e\u0161e travnat\u00e1 odpo\u010dinkov\u00e1 plocha, kter\u00e1 umo\u017en\u00ed lidem v\u00fdhled na m\u011bsto a&nbsp;m\u011bn\u00edc\u00ed se Hole\u0161ovice. V\u00a0druh\u00e9 f\u00e1zi vznikne spolu s\u00a0v\u00fdstavbou nov\u00e9 \u010dtvrti p\u0159\u00edmo nad n\u00e1dra\u017e\u00edm administrativn\u00ed budova. V\u00a0n\u00e1dra\u017en\u00edch vestibulech potom bude \u0159ada komer\u010dn\u00edch prostor, kter\u00e9 budou slou\u017eit jak cestuj\u00edc\u00edm, tak obyvatel\u016fm budouc\u00ed nov\u00e9 \u010dtvrti Bubny-Z\u00e1tory.<\/p>\r\n<p>Pr\u00e1v\u011b n\u00e1dra\u017e\u00ed bude spolu s\u00a0novou budovou pra\u017esk\u00e9 filharmonie p\u0159irozen\u00fdm centrem nov\u00e9 \u010dtvrti. Z\u00e1rove\u0148 p\u016fjde o&nbsp;jeden z\u00a0kl\u00ed\u010dov\u00fdch prvk\u016f jej\u00ed dopravn\u00ed obslu\u017enosti. Funkce d\u016fle\u017eit\u00e9ho dopravn\u00edho uzlu p\u0159itom bude modernizovan\u00e1 \u017eeleznice plnit nap\u0159\u00ed\u010d Prahou 7 a&nbsp;Prahou 6. V\u00a0r\u00e1mci modernizace \u00faseku Bubny-V\u00fdstavi\u0161t\u011b vznikne toti\u017e na okraji parku Stromovka \u017eelezni\u010dn\u00ed zast\u00e1vka Praha-V\u00fdstavi\u0161t\u011b, jej\u00ed\u017e architektonick\u00e9 ztv\u00e1rn\u011bn\u00ed bude m\u00edt na starosti studio dh architekti a&nbsp;kter\u00e1 v\u00fdrazn\u011b ulev\u00ed pra\u017esk\u00e9 integrovan\u00e9 doprav\u011b p\u0159edev\u0161\u00edm ve chv\u00edl\u00edch, kdy se budou na pra\u017esk\u00e9m v\u00fdstavi\u0161ti konat hromadn\u00e9 akce jako veletrhy, koncerty nebo sportovn\u00ed z\u00e1pasy. D\u00edky nov\u00e9 l\u00e1vce p\u0159es \u017eelezni\u010dn\u00ed tra\u0165 se nav\u00edc zlep\u0161\u00ed propojen\u00ed Stromovky a&nbsp;Letn\u00e9. Podobn\u00fd p\u0159\u00ednos bude m\u00edt \u017eeleznice tak\u00e9 pro n\u00e1v\u0161t\u011bvnost koncert\u016f v\u00a0budov\u011b pra\u017esk\u00e9 filharmonie nebo v\u00a0p\u0159\u00edpad\u011b kon\u00e1n\u00ed hromadn\u00fdch akc\u00ed na pra\u017esk\u00e9 Letn\u00e9.<\/p>\r\n<p>Modernizovan\u00e1 tra\u0165 povede v\u00a0\u00faseku Bubny-V\u00fdstavi\u0161t\u011b z\u00a0v\u011bt\u0161\u00ed \u010d\u00e1sti po nov\u00e9 estak\u00e1d\u011b, kter\u00e1 umo\u017en\u00ed scelen\u00ed Hole\u0161ovic do jednoho funk\u010dn\u00edho \u00fazem\u00ed.\u00a0<em>\u201eEstak\u00e1da bude navr\u017eena s\u00a0velkorys\u00fdmi mostn\u00edmi oblouky, a&nbsp;to z\u00a0toho d\u016fvodu, aby maxim\u00e1ln\u011b umo\u017enila dal\u0161\u00ed rozvoj \u00fazem\u00ed. Po\u010d\u00edt\u00e1me s\u00a0t\u00edm, \u017ee v\u00a0okol\u00ed V\u00fdstavi\u0161t\u011b zde po vzoru z\u00a0N\u011bmecka a&nbsp;dal\u0161\u00edch z\u00e1padn\u00edch zem\u00ed vzniknou prosklen\u00e9 vestavby umo\u017e\u0148uj\u00edc\u00ed komer\u010dn\u00ed vyu\u017eit\u00ed. Pokud se tak ale nestane, umo\u017en\u00ed estak\u00e1da vzdu\u0161n\u00e9 a&nbsp;pocitov\u011b bezpe\u010dn\u00e9 propojen\u00ed \u00fazem\u00ed po obou jej\u00edch stran\u00e1ch,\u201c\u00a0<\/em>dod\u00e1v\u00e1 Ji\u0159\u00ed Svoboda. Z\u00e1rove\u0148 umo\u017en\u00ed zru\u0161en\u00ed neobl\u00edben\u00e9ho \u017eelezni\u010dn\u00edho p\u0159ejezdu v\u00a0Bubensk\u00e9 ulici a&nbsp;tak\u00e9 zv\u00fd\u0161en\u00ed mostn\u00ed konstrukce v\u00a0ulici Dukelsk\u00fdch hrdin\u016f, kde v\u00a0minulosti opakovan\u011b doch\u00e1zelo kv\u016fli n\u00edzk\u00e9mu v\u00fd\u0161kov\u00e9mu profilu ke str\u017een\u00ed tramvajov\u00fdch trolej\u00ed nepozorn\u00fdmi \u0159idi\u010di n\u00e1kladn\u00edch voz\u016f.<\/p>\r\n<p><img loading=\"lazy\" src=\"https:\/\/www.praha7.cz\/wp-content\/uploads\/2021\/11\/\u017eeleznice-Praha-Kladno-1500x1000.jpg\" alt=\"\" width=\"640\" height=\"427\" class=\"alignnone wp-image-52434 size-large\" srcset=\"https:\/\/www.praha7.cz\/wp-content\/uploads\/2021\/11\/\u017eeleznice-Praha-Kladno-1500x1000.jpg 1500w, https:\/\/www.praha7.cz\/wp-content\/uploads\/2021\/11\/\u017eeleznice-Praha-Kladno-600x400.jpg 600w, https:\/\/www.praha7.cz\/wp-content\/uploads\/2021\/11\/\u017eeleznice-Praha-Kladno-768x512.jpg 768w, https:\/\/www.praha7.cz\/wp-content\/uploads\/2021\/11\/\u017eeleznice-Praha-Kladno.jpg 1875w\" sizes=\"(max-width: 640px) 100vw, 640px\" \/><\/p>\r\n<p><img loading=\"lazy\" src=\"https:\/\/www.praha7.cz\/wp-content\/uploads\/2021\/11\/\u017eeleznice-Praha-Kladno-2-1500x1000.jpg\" alt=\"\" width=\"640\" height=\"427\" class=\"alignnone wp-image-52435 size-large\" srcset=\"https:\/\/www.praha7.cz\/wp-content\/uploads\/2021\/11\/\u017eeleznice-Praha-Kladno-2-1500x1000.jpg 1500w, https:\/\/www.praha7.cz\/wp-content\/uploads\/2021\/11\/\u017eeleznice-Praha-Kladno-2-600x400.jpg 600w, https:\/\/www.praha7.cz\/wp-content\/uploads\/2021\/11\/\u017eeleznice-Praha-Kladno-2-768x512.jpg 768w, https:\/\/www.praha7.cz\/wp-content\/uploads\/2021\/11\/\u017eeleznice-Praha-Kladno-2.jpg 1875w\" sizes=\"(max-width: 640px) 100vw, 640px\" \/><\/p>\r\n<p><iframe loading=\"lazy\" width=\"560\" height=\"314\" src=\"\/\/www.youtube.com\/embed\/v7ju7u-58go\" allowfullscreen=\"allowfullscreen\"><\/iframe><\/p>","protected":false},"excerpt":{"rendered":"[perex] Modernizace \u017eelezni\u010dn\u00ed trati z&nbsp;Prahy do Kladna s&nbsp;odbo\u010dkou na Leti\u0161t\u011b V\u00e1clava Havla Praha se posunula do dal\u0161\u00ed f\u00e1ze. Spr\u00e1va \u017eeleznic vypsala v\u00fdb\u011brov\u00e9 \u0159\u00edzen\u00ed na zhotovitele \u00faseku Praha-Bubny \u2013 Praha-V\u00fdstavi\u0161t\u011b. Nejv\u00fd\u0161e p\u0159\u00edpustn\u00e1 nab\u00eddkov\u00e1 cena zak\u00e1zky je 3,8 miliardy korun. Realizac\u00ed t\u00e9to stavby za\u010dne z\u00e1sadn\u00ed p\u0159em\u011bna pra\u017esk\u00fdch Hole\u0161ovic, kter\u00e9 v&nbsp;m\u00edstech dne\u0161n\u00edho bubensk\u00e9ho n\u00e1dra\u017e\u00ed propoj\u00ed zcela nov\u00e1 \u010dtvr\u0165. [&hellip;]","protected":false},"author":5,"featured_media":52433,"comment_status":"closed","ping_status":"open","sticky":false,"template":"","format":"standard","meta":[],"categories":[34],"tags":[],"_links":{"self":[{"href":"https:\/\/www.praha7.cz\/api\/wp\/v2\/posts\/52432"}],"collection":[{"href":"https:\/\/www.praha7.cz\/api\/wp\/v2\/posts"}],"about":[{"href":"https:\/\/www.praha7.cz\/api\/wp\/v2\/types\/post"}],"author":[{"embeddable":true,"href":"https:\/\/www.praha7.cz\/api\/wp\/v2\/users\/5"}],"replies":[{"embeddable":true,"href":"https:\/\/www.praha7.cz\/api\/wp\/v2\/comments?post=52432"}],"version-history":[{"count":2,"href":"https:\/\/www.praha7.cz\/api\/wp\/v2\/posts\/52432\/revisions"}],"predecessor-version":[{"id":52450,"href":"https:\/\/www.praha7.cz\/api\/wp\/v2\/posts\/52432\/revisions\/52450"}],"wp:featuredmedia":[{"embeddable":true,"href":"https:\/\/www.praha7.cz\/api\/wp\/v2\/media\/52433"}],"wp:attachment":[{"href":"https:\/\/www.praha7.cz\/api\/wp\/v2\/media?parent=52432"}],"wp:term":[{"taxonomy":"category","embeddable":true,"href":"https:\/\/www.praha7.cz\/api\/wp\/v2\/categories?post=52432"},{"taxonomy":"post_tag","embeddable":true,"href":"https:\/\/www.praha7.cz\/api\/wp\/v2\/tags?post=52432"}],"curies":[{"name":"wp","href":"https:\/\/api.w.org\/{rel}","templated":true}]}}