    
{"id":52225,"date":"2022-04-07T15:42:28","date_gmt":"2022-04-07T13:42:28","guid":{"rendered":"https:\/\/www.praha7.cz\/?p=52225"},"modified":"2022-04-07T15:49:50","modified_gmt":"2022-04-07T13:49:50","slug":"5-a-6-11-bude-kvuli-obnove-znaceni-uzavreno-detske-dopravni-hriste-na-vysinach","status":"publish","type":"post","link":"https:\/\/www.praha7.cz\/5-a-6-11-bude-kvuli-obnove-znaceni-uzavreno-detske-dopravni-hriste-na-vysinach\/","title":{"rendered":"12.&nbsp;a&nbsp;13.&nbsp;4.&nbsp;bude kv\u016fli obnov\u011b zna\u010den\u00ed uzav\u0159eno d\u011btsk\u00e9 dopravn\u00ed h\u0159i\u0161t\u011b Na V\u00fd\u0161in\u00e1ch"},"content":{"rendered":"<p>[perex]<\/p>\r\n<p>Upozor\u0148ujeme ob\u010dany, \u017ee\u00a0v\u00a0\u00fater\u00fd 12.&nbsp;a&nbsp;ve st\u0159edu 13.&nbsp;dubna (od 13 hod) 2022 bude d\u011btsk\u00e9 dopravn\u00ed h\u0159i\u0161t\u011b Na V\u00fd\u0161in\u00e1ch uzav\u0159eno z\u00a0d\u016fvodu obnovy vodorovn\u00e9ho dopravn\u00edho zna\u010den\u00ed. D\u011bkujeme, \u017ee do prostoru h\u0159i\u0161t\u011b nevstupujete \u2013 barva bude zasychat.<\/p>\r\n<p>Nejbli\u017e\u0161\u00ed h\u0159i\u0161t\u011b je dostupn\u00e9 v\u00a0ulici U&nbsp;Sparty, p\u0159\u00edpadn\u011b pro j\u00edzdu na kole, odr\u00e1\u017eedle atp. je mo\u017en\u00e9 vyu\u017e\u00edt brusla\u0159sk\u00fd ov\u00e1l v&nbsp;Letensk\u00fdch sadech.<\/p>\r\n<p>[\/perex]<\/p>\r\n<p>&nbsp;<\/p>\r\n<p>&nbsp;<\/p>\r\n<p>&nbsp;<\/p>","protected":false},"excerpt":{"rendered":"[perex] Upozor\u0148ujeme ob\u010dany, \u017ee\u00a0v\u00a0\u00fater\u00fd 12.&nbsp;a&nbsp;ve st\u0159edu 13.&nbsp;dubna (od 13 hod) 2022 bude d\u011btsk\u00e9 dopravn\u00ed h\u0159i\u0161t\u011b Na V\u00fd\u0161in\u00e1ch uzav\u0159eno z\u00a0d\u016fvodu obnovy vodorovn\u00e9ho dopravn\u00edho zna\u010den\u00ed. D\u011bkujeme, \u017ee do prostoru h\u0159i\u0161t\u011b nevstupujete \u2013 barva bude zasychat. Nejbli\u017e\u0161\u00ed h\u0159i\u0161t\u011b je dostupn\u00e9 v\u00a0ulici U&nbsp;Sparty, p\u0159\u00edpadn\u011b pro j\u00edzdu na kole, odr\u00e1\u017eedle atp. je mo\u017en\u00e9 vyu\u017e\u00edt brusla\u0159sk\u00fd ov\u00e1l v&nbsp;Letensk\u00fdch sadech. [\/perex] &nbsp; [&hellip;]","protected":false},"author":97,"featured_media":38344,"comment_status":"closed","ping_status":"open","sticky":false,"template":"","format":"standard","meta":[],"categories":[34],"tags":[],"_links":{"self":[{"href":"https:\/\/www.praha7.cz\/api\/wp\/v2\/posts\/52225"}],"collection":[{"href":"https:\/\/www.praha7.cz\/api\/wp\/v2\/posts"}],"about":[{"href":"https:\/\/www.praha7.cz\/api\/wp\/v2\/types\/post"}],"author":[{"embeddable":true,"href":"https:\/\/www.praha7.cz\/api\/wp\/v2\/users\/97"}],"replies":[{"embeddable":true,"href":"https:\/\/www.praha7.cz\/api\/wp\/v2\/comments?post=52225"}],"version-history":[{"count":6,"href":"https:\/\/www.praha7.cz\/api\/wp\/v2\/posts\/52225\/revisions"}],"predecessor-version":[{"id":56463,"href":"https:\/\/www.praha7.cz\/api\/wp\/v2\/posts\/52225\/revisions\/56463"}],"wp:featuredmedia":[{"embeddable":true,"href":"https:\/\/www.praha7.cz\/api\/wp\/v2\/media\/38344"}],"wp:attachment":[{"href":"https:\/\/www.praha7.cz\/api\/wp\/v2\/media?parent=52225"}],"wp:term":[{"taxonomy":"category","embeddable":true,"href":"https:\/\/www.praha7.cz\/api\/wp\/v2\/categories?post=52225"},{"taxonomy":"post_tag","embeddable":true,"href":"https:\/\/www.praha7.cz\/api\/wp\/v2\/tags?post=52225"}],"curies":[{"name":"wp","href":"https:\/\/api.w.org\/{rel}","templated":true}]}}