    
{"id":52218,"date":"2021-11-03T18:28:11","date_gmt":"2021-11-03T17:28:11","guid":{"rendered":"https:\/\/www.praha7.cz\/?p=52218"},"modified":"2021-11-10T18:04:46","modified_gmt":"2021-11-10T17:04:46","slug":"praha-7-ucti-pamatku-valecnych-veteranu","status":"publish","type":"post","link":"https:\/\/www.praha7.cz\/praha-7-ucti-pamatku-valecnych-veteranu\/","title":{"rendered":"Praha&nbsp;7 uct\u00ed pam\u00e1tku v\u00e1le\u010dn\u00fdch veter\u00e1n\u016f"},"content":{"rendered":"<p>[perex]<\/p>\r\n<p>Za \u00fa\u010dasti starosty Prahy\u00a07 Jana \u010ci\u017einsk\u00e9ho se ve \u010dtvrtek 11.&nbsp;listopadu uskute\u010dn\u00ed pietn\u00ed vzpom\u00ednkov\u00fd akt u\u00a0p\u0159\u00edle\u017eitosti Dne v\u00e1le\u010dn\u00fdch veter\u00e1n\u016f a&nbsp;103.\u00a0v\u00fdro\u010d\u00ed ukon\u010den\u00ed I. sv\u011btov\u00e9 v\u00e1lky. Akce se kon\u00e1 od 13 hod.\u00a0v\u00a0ulici Nad \u0160tolou 8 u\u00a0pam\u011btn\u00ed desky v\u011bnovan\u00e9 \u010deskoslovensk\u00e9mu legion\u00e1\u0159i brig. gen. Rudolfu Medkovi.\u00a0<\/p>\r\n<p>[\/perex]<\/p>","protected":false},"excerpt":{"rendered":"[perex] Za \u00fa\u010dasti starosty Prahy\u00a07 Jana \u010ci\u017einsk\u00e9ho se ve \u010dtvrtek 11.&nbsp;listopadu uskute\u010dn\u00ed pietn\u00ed vzpom\u00ednkov\u00fd akt u\u00a0p\u0159\u00edle\u017eitosti Dne v\u00e1le\u010dn\u00fdch veter\u00e1n\u016f a&nbsp;103.\u00a0v\u00fdro\u010d\u00ed ukon\u010den\u00ed I. sv\u011btov\u00e9 v\u00e1lky. Akce se kon\u00e1 od 13 hod.\u00a0v\u00a0ulici Nad \u0160tolou 8 u\u00a0pam\u011btn\u00ed desky v\u011bnovan\u00e9 \u010deskoslovensk\u00e9mu legion\u00e1\u0159i brig. gen. Rudolfu Medkovi.\u00a0 [\/perex]","protected":false},"author":5,"featured_media":31089,"comment_status":"closed","ping_status":"open","sticky":false,"template":"","format":"standard","meta":[],"categories":[34],"tags":[],"_links":{"self":[{"href":"https:\/\/www.praha7.cz\/api\/wp\/v2\/posts\/52218"}],"collection":[{"href":"https:\/\/www.praha7.cz\/api\/wp\/v2\/posts"}],"about":[{"href":"https:\/\/www.praha7.cz\/api\/wp\/v2\/types\/post"}],"author":[{"embeddable":true,"href":"https:\/\/www.praha7.cz\/api\/wp\/v2\/users\/5"}],"replies":[{"embeddable":true,"href":"https:\/\/www.praha7.cz\/api\/wp\/v2\/comments?post=52218"}],"version-history":[{"count":3,"href":"https:\/\/www.praha7.cz\/api\/wp\/v2\/posts\/52218\/revisions"}],"predecessor-version":[{"id":52334,"href":"https:\/\/www.praha7.cz\/api\/wp\/v2\/posts\/52218\/revisions\/52334"}],"wp:featuredmedia":[{"embeddable":true,"href":"https:\/\/www.praha7.cz\/api\/wp\/v2\/media\/31089"}],"wp:attachment":[{"href":"https:\/\/www.praha7.cz\/api\/wp\/v2\/media?parent=52218"}],"wp:term":[{"taxonomy":"category","embeddable":true,"href":"https:\/\/www.praha7.cz\/api\/wp\/v2\/categories?post=52218"},{"taxonomy":"post_tag","embeddable":true,"href":"https:\/\/www.praha7.cz\/api\/wp\/v2\/tags?post=52218"}],"curies":[{"name":"wp","href":"https:\/\/api.w.org\/{rel}","templated":true}]}}