    
{"id":51984,"date":"2021-10-25T18:17:25","date_gmt":"2021-10-25T16:17:25","guid":{"rendered":"https:\/\/www.praha7.cz\/?p=51984"},"modified":"2021-10-25T20:07:50","modified_gmt":"2021-10-25T18:07:50","slug":"na-sedmicce-pribylo-6-kamenu-zmizelych","status":"publish","type":"post","link":"https:\/\/www.praha7.cz\/na-sedmicce-pribylo-6-kamenu-zmizelych\/","title":{"rendered":"Na Sedmi\u010dce p\u0159ibylo 6 kamen\u016f zmizel\u00fdch"},"content":{"rendered":"<p>[perex]<\/p>\r\n<p>V pond\u011bl\u00ed 25.&nbsp;\u0159\u00edjna 2021 byly za \u00fa\u010dasti starosty Prahy&nbsp;7 Jana \u010ci\u017einsk\u00e9ho vsazeny do chodn\u00edk\u016f ul. Oveneck\u00e9 a&nbsp;Korunova\u010dn\u00ed nov\u00e9 pam\u00e1tn\u00e9 kostky Stolpersteine. Tyto &#8222;kameny zmizel\u00fdch&#8220; p\u0159ipom\u00ednaj\u00ed pam\u00e1tku soused\u016f &#8211; obyvatel \u017eidovsk\u00e9ho p\u016fvodu, kte\u0159\u00ed byli perzekuov\u00e1ni a&nbsp;v\u011bt\u0161inou zavra\u017ed\u011bni nacistick\u00fdm re\u017eimem b\u011bhem druh\u00e9 sv\u011btov\u00e9 v\u00e1lky. Instaluj\u00ed se v\u017edy p\u0159ed domy, ve kter\u00fdch tito lid\u00e9 \u017eili p\u0159ed transportem do koncentra\u010dn\u00edch t\u00e1bor\u016f.<\/p>\r\n<p>[\/perex]<\/p>\r\n<p>Nov\u011b instalovan\u00e9 Stolpersteiny v\u00a0<strong>Oveneck\u00e9 ulici<\/strong> p\u0159ed domem \u010dp. 381\/19 p\u0159ipom\u00ednaj\u00ed rodinu Katzov\u00fdch \u2013 man\u017eele Elsu a&nbsp;\u017dib\u0159ida a&nbsp;jejich dceru Evu, kte\u0159\u00ed zahynuli b\u011bhem internace v\u00a0Terez\u00edn\u011b v\u00a0letech 1943-44. Inici\u00e1torkou polo\u017een\u00ed Stolperstein\u016f je jedin\u00e1 p\u0159e\u017eiv\u0161\u00ed z\u00a0rodiny, druh\u00e1 dcera, pan\u00ed V\u011bra Schiff (*1926), kter\u00e1 \u017eije v\u00a0Torontu. \u00a0\u00a0\u00a0\u00a0\u00a0\u00a0\u00a0\u00a0<\/p>\r\n<p>Druh\u00fdm m\u00edstem, kam byly dnes um\u00edst\u011bny nov\u00e9 kameny zmizel\u00fdch je prostor p\u0159ed domem v\u00a0<strong>Korunova\u010dn\u00ed<\/strong> 310\/2. Zde \u017eily p\u0159ed deportac\u00ed do Terez\u00edna a&nbsp;n\u00e1sledn\u011b do Osv\u011btimi Pavla Bruckov\u00e1 a&nbsp;jej\u00ed dcery Alb\u00edna a&nbsp;Jind\u0159i\u0161ka. Ob\u011b dcery se do\u010dkaly osvobozen\u00ed, matka Pavla bohu\u017eel zahynula v\u00a0Osv\u011btimi v\u00a0roce 1944.<\/p>\r\n<p><img loading=\"lazy\" src=\"https:\/\/www.praha7.cz\/wp-content\/uploads\/2021\/10\/DSC_0142b.jpg\" alt=\"\" width=\"3072\" height=\"3072\" class=\"alignnone wp-image-51986 size-full\" srcset=\"https:\/\/www.praha7.cz\/wp-content\/uploads\/2021\/10\/DSC_0142b.jpg 3072w, https:\/\/www.praha7.cz\/wp-content\/uploads\/2021\/10\/DSC_0142b-200x200.jpg 200w, https:\/\/www.praha7.cz\/wp-content\/uploads\/2021\/10\/DSC_0142b-400x400.jpg 400w, https:\/\/www.praha7.cz\/wp-content\/uploads\/2021\/10\/DSC_0142b-768x768.jpg 768w, https:\/\/www.praha7.cz\/wp-content\/uploads\/2021\/10\/DSC_0142b-1000x1000.jpg 1000w\" sizes=\"(max-width: 3072px) 100vw, 3072px\" \/><img loading=\"lazy\" src=\"https:\/\/www.praha7.cz\/wp-content\/uploads\/2021\/10\/DSC_0198b.jpg\" alt=\"\" width=\"3072\" height=\"3072\" class=\"alignnone wp-image-51987 size-full\" srcset=\"https:\/\/www.praha7.cz\/wp-content\/uploads\/2021\/10\/DSC_0198b.jpg 3072w, https:\/\/www.praha7.cz\/wp-content\/uploads\/2021\/10\/DSC_0198b-200x200.jpg 200w, https:\/\/www.praha7.cz\/wp-content\/uploads\/2021\/10\/DSC_0198b-400x400.jpg 400w, https:\/\/www.praha7.cz\/wp-content\/uploads\/2021\/10\/DSC_0198b-768x768.jpg 768w, https:\/\/www.praha7.cz\/wp-content\/uploads\/2021\/10\/DSC_0198b-1000x1000.jpg 1000w\" sizes=\"(max-width: 3072px) 100vw, 3072px\" \/><\/p>\r\n<p><img loading=\"lazy\" src=\"https:\/\/www.praha7.cz\/wp-content\/uploads\/2021\/10\/DSC_0123b.jpg\" alt=\"\" width=\"3029\" height=\"3514\" class=\"alignnone wp-image-51994 size-full\" srcset=\"https:\/\/www.praha7.cz\/wp-content\/uploads\/2021\/10\/DSC_0123b.jpg 3029w, https:\/\/www.praha7.cz\/wp-content\/uploads\/2021\/10\/DSC_0123b-345x400.jpg 345w, https:\/\/www.praha7.cz\/wp-content\/uploads\/2021\/10\/DSC_0123b-768x891.jpg 768w, https:\/\/www.praha7.cz\/wp-content\/uploads\/2021\/10\/DSC_0123b-862x1000.jpg 862w\" sizes=\"(max-width: 3029px) 100vw, 3029px\" \/><\/p>\r\n<p><img loading=\"lazy\" src=\"https:\/\/www.praha7.cz\/wp-content\/uploads\/2021\/10\/DSC_0182b.jpg\" alt=\"\" width=\"3615\" height=\"2410\" class=\"alignnone wp-image-51989 size-full\" srcset=\"https:\/\/www.praha7.cz\/wp-content\/uploads\/2021\/10\/DSC_0182b.jpg 3615w, https:\/\/www.praha7.cz\/wp-content\/uploads\/2021\/10\/DSC_0182b-600x400.jpg 600w, https:\/\/www.praha7.cz\/wp-content\/uploads\/2021\/10\/DSC_0182b-768x512.jpg 768w, https:\/\/www.praha7.cz\/wp-content\/uploads\/2021\/10\/DSC_0182b-1500x1000.jpg 1500w\" sizes=\"(max-width: 3615px) 100vw, 3615px\" \/><\/p>\r\n<hr \/>\r\n<p>V Praze 7 jsou dosud um\u00edst\u011bny t\u00e9m\u011b\u0159 t\u0159i des\u00edtky Stolperstein\u016f (\u201ekameny, o&nbsp;kter\u00e9 je t\u0159eba klop\u00fdtnout\u201c), zejm\u00e9na v\u00a0oblasti Bubn\u016f a&nbsp;Buben\u010de.<\/p>\r\n<p>Mapa v\u0161ech instalovan\u00fdch kamen\u016f <a href=\"https:\/\/www.mapotic.com\/stolpersteine-praha\" target=\"_blank\" rel=\"noopener\">zde<\/a>.<\/p>","protected":false},"excerpt":{"rendered":"[perex] V&nbsp;pond\u011bl\u00ed 25.&nbsp;\u0159\u00edjna 2021 byly za \u00fa\u010dasti starosty Prahy&nbsp;7 Jana \u010ci\u017einsk\u00e9ho vsazeny do chodn\u00edk\u016f ul. Oveneck\u00e9 a&nbsp;Korunova\u010dn\u00ed nov\u00e9 pam\u00e1tn\u00e9 kostky Stolpersteine. Tyto &#8222;kameny zmizel\u00fdch&#8220; p\u0159ipom\u00ednaj\u00ed pam\u00e1tku soused\u016f &#8211; obyvatel \u017eidovsk\u00e9ho p\u016fvodu, kte\u0159\u00ed byli perzekuov\u00e1ni a&nbsp;v\u011bt\u0161inou zavra\u017ed\u011bni nacistick\u00fdm re\u017eimem b\u011bhem druh\u00e9 sv\u011btov\u00e9 v\u00e1lky. Instaluj\u00ed se v\u017edy p\u0159ed domy, ve kter\u00fdch tito lid\u00e9 \u017eili p\u0159ed transportem [&hellip;]","protected":false},"author":97,"featured_media":51991,"comment_status":"closed","ping_status":"open","sticky":false,"template":"","format":"standard","meta":[],"categories":[34],"tags":[],"_links":{"self":[{"href":"https:\/\/www.praha7.cz\/api\/wp\/v2\/posts\/51984"}],"collection":[{"href":"https:\/\/www.praha7.cz\/api\/wp\/v2\/posts"}],"about":[{"href":"https:\/\/www.praha7.cz\/api\/wp\/v2\/types\/post"}],"author":[{"embeddable":true,"href":"https:\/\/www.praha7.cz\/api\/wp\/v2\/users\/97"}],"replies":[{"embeddable":true,"href":"https:\/\/www.praha7.cz\/api\/wp\/v2\/comments?post=51984"}],"version-history":[{"count":7,"href":"https:\/\/www.praha7.cz\/api\/wp\/v2\/posts\/51984\/revisions"}],"predecessor-version":[{"id":51998,"href":"https:\/\/www.praha7.cz\/api\/wp\/v2\/posts\/51984\/revisions\/51998"}],"wp:featuredmedia":[{"embeddable":true,"href":"https:\/\/www.praha7.cz\/api\/wp\/v2\/media\/51991"}],"wp:attachment":[{"href":"https:\/\/www.praha7.cz\/api\/wp\/v2\/media?parent=51984"}],"wp:term":[{"taxonomy":"category","embeddable":true,"href":"https:\/\/www.praha7.cz\/api\/wp\/v2\/categories?post=51984"},{"taxonomy":"post_tag","embeddable":true,"href":"https:\/\/www.praha7.cz\/api\/wp\/v2\/tags?post=51984"}],"curies":[{"name":"wp","href":"https:\/\/api.w.org\/{rel}","templated":true}]}}