    
{"id":51457,"date":"2021-10-04T16:36:28","date_gmt":"2021-10-04T14:36:28","guid":{"rendered":"https:\/\/www.praha7.cz\/?p=51457"},"modified":"2021-10-08T13:16:14","modified_gmt":"2021-10-08T11:16:14","slug":"ziju-na-ctverecnim-kilometru","status":"publish","type":"post","link":"https:\/\/www.praha7.cz\/ziju-na-ctverecnim-kilometru\/","title":{"rendered":"\u017diju na \u010dtvere\u010dn\u00edm kilometru"},"content":{"rendered":"<p>Do kostela sv. Anton\u00edna chod\u00ed za tichem a\u00a0odpo\u010dinkem. V\u00edce ne\u017e deset let pr\u00e1v\u011b tam Blanka M\u00fchlhoferov\u00e1 nezi\u0161tn\u011b vypom\u00e1h\u00e1 a\u00a0dohl\u00ed\u017e\u00ed, aby p\u0159\u00edchoz\u00ed nekradli a\u00a0nechovali se pr\u00fd jako zv\u00ed\u0159ata. \u201eSed\u00edm v\u00a0sakristii, kde m\u00e1m kamery, a\u00a0v\u0161echno tak vid\u00edm,\u201c upozor\u0148uje. I\u00a0na zvuky, kter\u00e9 do kostela nepat\u0159\u00ed, je citliv\u00e1. S\u00a0\u00fasm\u011bvem vzpom\u00edn\u00e1 na situaci, kdy usly\u0161ela \u0161\u00edlen\u00fd jekot, kter\u00fd vych\u00e1zel z\u00a0jednoho koutku kostela, kde st\u00e1la pan\u00ed a\u00a0k\u0159i\u010dela do telefonu. \u201eUpozornila jsem ji, \u017ee je v\u00a0kostele, ale ona se na m\u011b jen oto\u010dila a\u00a0ud\u011blala p\u0161\u0161\u0161t. To \u010dlov\u011bk nevymysl\u00ed, ale aspo\u0148 se tam i\u00a0pobav\u00edm.\u201c Lid\u00e9 se j\u00ed tak\u00e9 chod\u00ed pt\u00e1t na r\u016fzn\u00e9 v\u011bci ohledn\u011b kostela, na kter\u00e9 jim s\u00a0radost\u00ed a\u00a0erudic\u00ed odpov\u00edd\u00e1, proto\u017ee jej zn\u00e1 od sv\u00fdch p\u011bti let, kdy se s\u00a0rodi\u010di do Prahy&nbsp;7 p\u0159ist\u011bhovala.<\/p>\r\n<p>Nav\u0161t\u011bvovala z\u00e1kladn\u00ed \u0161kolu v\u00a0ulici Franti\u0161ka K\u0159\u00ed\u017eka a\u00a0n\u00e1sledn\u011b\u00a0z\u00a0ekonomky p\u0159e\u0161la na pr\u00e1va. \u201eKdy\u017e p\u0159i\u0161li okupanti, ze \u0161koly jsem ode\u0161la. M\u011bla jsem pocit, \u017ee v\u00a0tu chv\u00edli \u017e\u00e1dn\u00e1 pr\u00e1va neexistuj\u00ed. Okol\u00ed mi s\u00a0nads\u00e1zkou \u0159\u00edk\u00e1, \u017ee se svoj\u00ed pam\u011bt\u00ed bych dnes u\u017e byla p\u0159inejmen\u0161\u00edm milion\u00e1\u0159kou.\u201c Pr\u00e1va v\u0161ak p\u0159esto sv\u00fdm zp\u016fsobem b\u011bhem \u017eivota neopustila, proto\u017ee v\u00edce ne\u017e 40 let p\u016fsobila jako p\u0159\u00edsed\u00edc\u00ed u\u00a0Obvodn\u00edho soudu pro Prahu 7.<\/p>\r\n<p>P\u0159i studi\u00edch b\u00fdvala v\u017edy nejlep\u0161\u00ed v\u00a0zem\u011bpisu, kter\u00fd ji bavil ze v\u0161eho nejv\u00edce. \u201eProcestovala jsem toho opravdu hodn\u011b. \u0158\u00edk\u00e1vala jsem, \u017ee kv\u016fli cestov\u00e1n\u00ed jsem ochotn\u00e1 se i\u00a0zadlu\u017eit.\u201c Nejv\u00edce se j\u00ed l\u00edbilo v\u00a0zemi ledu a\u00a0hork\u00fdch gejz\u00edr\u016f\u00a0\u2013 nikde jinde ne\u017e na Islandu nem\u011bla pocit, jako by na tak mal\u00e9m kousku zem\u011b na\u0161la cel\u00fd sv\u011bt. Kdy\u017e zrovna necestuje, jezd\u00ed zahr\u00e1dka\u0159it za Prahu. \u201e\u0158\u00edk\u00e1m, \u017ee m\u00e1m takovou chaloupku na ku\u0159\u00edch no\u017ek\u00e1ch. Kdy\u017e si sednu na schody, tak vid\u00edm jen samou zele\u0148, a\u00a0to je p\u0159eci kr\u00e1sa.\u201c<\/p>\r\n<p>B\u011bhem \u017eivota vyst\u0159\u00eddala t\u0159i sedmi\u010dkov\u00e9 adresy a\u00a0v\u017edy tu\u00a0i\u00a0chodila do pr\u00e1ce. \u201e\u017diju na \u010dtvere\u010dn\u00edm kilometru,\u201c sm\u011bje se. Pracovala jak na tehdej\u0161\u00edm \u00fa\u0159ad\u011b ve D\u0159ev\u00e1ku, tak i\u00a0na V\u00fdstavi\u0161ti, kde pr\u00fd zn\u00e1 ka\u017ed\u00fd kout. Nov\u00e1 z\u00e1kout\u00ed objevuje p\u0159i proch\u00e1zk\u00e1ch se sv\u00fdm milovan\u00fdm hladkosrst\u00fdm retr\u00edvrem. \u201eNed\u00e1vno jsem s\u00a0n\u00edm byla na \u0160tvanici a\u00a0na\u0161la je\u0161t\u011b poz\u016fstatky baz\u00e9nu, kam jsem jako mal\u00e1 chod\u00edvala. Baz\u00e9n tady stra\u0161n\u011b chyb\u00ed, zvl\u00e1\u0161\u0165 kdy\u017e ten na V\u00fdstavi\u0161ti je v\u011bt\u0161inou o\u00a0pr\u00e1zdnin\u00e1ch zav\u0159en\u00fd.\u201c<\/p>\r\n<p>Prahu 7 v\u0161ak zn\u00e1 i\u00a0z\u00a0jin\u00e9 str\u00e1nky. P\u0159es 30 let chod\u00ed za na\u0161imi seniory jubilanty s\u00a0gratulac\u00ed a\u00a0d\u00e1rkov\u00fdm bal\u00ed\u010dkem. \u201eD\u0159\u00edve se d\u011blaly po\u0159ady v\u00a0Elekt\u0159e, kam se pozvali muzikanti a\u00a0hodinu byla z\u00e1bava, i\u00a0s\u00a0ob\u010derstven\u00edm. V\u0161ichni byli nad\u0161en\u00ed, nemuseli toti\u017e sed\u011bt v\u00a0parku a\u00a0krmit holuby. Dnes se chod\u00ed jen za lidmi, kter\u00e9 n\u011bkdo z\u00a0okol\u00ed jubilanta na Odbor kultury nahl\u00e1s\u00ed.\u201c M\u011bs\u00ed\u010dn\u011b takto p\u0159eje v\u00a0pr\u016fm\u011bru 5 lidem. Sv\u016fj okrsek jubilant\u016f zn\u00e1 tak dob\u0159e, \u017ee koordinuje i\u00a0p\u0159\u00edpravu bal\u00ed\u010dk\u016f, je\u017e pro n\u011b p\u0159ipravuj\u00ed Cukrovinky Nebesk\u00fd. \u201eKdy\u017e v\u00edm o\u00a0n\u011bkom, kdo m\u00e1 cukrovku, popros\u00edm, a\u0165 t\u0159eba vym\u011bn\u00ed \u010dokol\u00e1du za k\u00e1vu. D\u011bl\u00e1m tu pr\u00e1ci moc r\u00e1da, ale bohu\u017eel je v\u00a0dne\u0161n\u00ed dob\u011b t\u011bch, kte\u0159\u00ed se ozvou, hrozn\u011b m\u00e1lo. N\u011bkomu je mo\u017en\u00e1 nep\u0159\u00edjemn\u00e9 volat si s\u00e1m za sebe. Ale nem\u011blo by to tak b\u00fdt.\u201c\u00a0<\/p>","protected":false},"excerpt":{"rendered":"Do kostela sv. Anton\u00edna chod\u00ed za tichem a\u00a0odpo\u010dinkem. V\u00edce ne\u017e deset let pr\u00e1v\u011b tam Blanka M\u00fchlhoferov\u00e1 nezi\u0161tn\u011b vypom\u00e1h\u00e1 a\u00a0dohl\u00ed\u017e\u00ed, aby p\u0159\u00edchoz\u00ed nekradli a\u00a0nechovali se pr\u00fd jako zv\u00ed\u0159ata. \u201eSed\u00edm v\u00a0sakristii, kde m\u00e1m kamery, a\u00a0v\u0161echno tak vid\u00edm,\u201c upozor\u0148uje. I\u00a0na zvuky, kter\u00e9 do kostela nepat\u0159\u00ed, je citliv\u00e1. S\u00a0\u00fasm\u011bvem vzpom\u00edn\u00e1 na situaci, kdy usly\u0161ela \u0161\u00edlen\u00fd jekot, kter\u00fd vych\u00e1zel z\u00a0jednoho [&hellip;]","protected":false},"author":76,"featured_media":51599,"comment_status":"closed","ping_status":"open","sticky":false,"template":"","format":"standard","meta":[],"categories":[37],"tags":[],"_links":{"self":[{"href":"https:\/\/www.praha7.cz\/api\/wp\/v2\/posts\/51457"}],"collection":[{"href":"https:\/\/www.praha7.cz\/api\/wp\/v2\/posts"}],"about":[{"href":"https:\/\/www.praha7.cz\/api\/wp\/v2\/types\/post"}],"author":[{"embeddable":true,"href":"https:\/\/www.praha7.cz\/api\/wp\/v2\/users\/76"}],"replies":[{"embeddable":true,"href":"https:\/\/www.praha7.cz\/api\/wp\/v2\/comments?post=51457"}],"version-history":[{"count":1,"href":"https:\/\/www.praha7.cz\/api\/wp\/v2\/posts\/51457\/revisions"}],"predecessor-version":[{"id":51459,"href":"https:\/\/www.praha7.cz\/api\/wp\/v2\/posts\/51457\/revisions\/51459"}],"wp:featuredmedia":[{"embeddable":true,"href":"https:\/\/www.praha7.cz\/api\/wp\/v2\/media\/51599"}],"wp:attachment":[{"href":"https:\/\/www.praha7.cz\/api\/wp\/v2\/media?parent=51457"}],"wp:term":[{"taxonomy":"category","embeddable":true,"href":"https:\/\/www.praha7.cz\/api\/wp\/v2\/categories?post=51457"},{"taxonomy":"post_tag","embeddable":true,"href":"https:\/\/www.praha7.cz\/api\/wp\/v2\/tags?post=51457"}],"curies":[{"name":"wp","href":"https:\/\/api.w.org\/{rel}","templated":true}]}}