    
{"id":51068,"date":"2021-09-17T17:42:29","date_gmt":"2021-09-17T15:42:29","guid":{"rendered":"https:\/\/www.praha7.cz\/?p=51068"},"modified":"2021-09-17T17:45:02","modified_gmt":"2021-09-17T15:45:02","slug":"kratkodobe-uzavreni-vydejen-parkovacich-opravneni","status":"publish","type":"post","link":"https:\/\/www.praha7.cz\/kratkodobe-uzavreni-vydejen-parkovacich-opravneni\/","title":{"rendered":"Kr\u00e1tkodob\u00e9 uzav\u0159en\u00ed v\u00fddejen parkovac\u00edch opr\u00e1vn\u011bn\u00ed"},"content":{"rendered":"<p>[perex]<\/p>\r\n<p>Upozor\u0148ujeme ob\u010dany, \u017ee ve \u010dtvrtek 23.&nbsp;9.&nbsp;2021 budou v\u00fddejny parkovac\u00edch opr\u00e1vn\u011bn\u00ed na \u00da\u0159ad\u011b M\u010c Praha&nbsp;7 (U&nbsp;Pr\u016fhonu 38) i&nbsp;v\u00a0IC Milady Hor\u00e1kov\u00e9 2 z\u00a0technick\u00fdch d\u016fvod\u016f otev\u0159eny pouze do 12:00 hodin.<\/p>\r\n<p>D\u011bkujeme za pochopen\u00ed.<\/p>\r\n<p>[\/perex]<\/p>","protected":false},"excerpt":{"rendered":"[perex] Upozor\u0148ujeme ob\u010dany, \u017ee ve \u010dtvrtek 23.&nbsp;9.&nbsp;2021 budou v\u00fddejny parkovac\u00edch opr\u00e1vn\u011bn\u00ed na \u00da\u0159ad\u011b M\u010c Praha&nbsp;7 (U&nbsp;Pr\u016fhonu 38) i&nbsp;v\u00a0IC Milady Hor\u00e1kov\u00e9 2 z\u00a0technick\u00fdch d\u016fvod\u016f otev\u0159eny pouze do 12:00 hodin. D\u011bkujeme za pochopen\u00ed. [\/perex]","protected":false},"author":5,"featured_media":36989,"comment_status":"closed","ping_status":"open","sticky":false,"template":"","format":"standard","meta":[],"categories":[34],"tags":[],"_links":{"self":[{"href":"https:\/\/www.praha7.cz\/api\/wp\/v2\/posts\/51068"}],"collection":[{"href":"https:\/\/www.praha7.cz\/api\/wp\/v2\/posts"}],"about":[{"href":"https:\/\/www.praha7.cz\/api\/wp\/v2\/types\/post"}],"author":[{"embeddable":true,"href":"https:\/\/www.praha7.cz\/api\/wp\/v2\/users\/5"}],"replies":[{"embeddable":true,"href":"https:\/\/www.praha7.cz\/api\/wp\/v2\/comments?post=51068"}],"version-history":[{"count":1,"href":"https:\/\/www.praha7.cz\/api\/wp\/v2\/posts\/51068\/revisions"}],"predecessor-version":[{"id":51069,"href":"https:\/\/www.praha7.cz\/api\/wp\/v2\/posts\/51068\/revisions\/51069"}],"wp:featuredmedia":[{"embeddable":true,"href":"https:\/\/www.praha7.cz\/api\/wp\/v2\/media\/36989"}],"wp:attachment":[{"href":"https:\/\/www.praha7.cz\/api\/wp\/v2\/media?parent=51068"}],"wp:term":[{"taxonomy":"category","embeddable":true,"href":"https:\/\/www.praha7.cz\/api\/wp\/v2\/categories?post=51068"},{"taxonomy":"post_tag","embeddable":true,"href":"https:\/\/www.praha7.cz\/api\/wp\/v2\/tags?post=51068"}],"curies":[{"name":"wp","href":"https:\/\/api.w.org\/{rel}","templated":true}]}}