    
{"id":50937,"date":"2021-09-14T13:30:25","date_gmt":"2021-09-14T11:30:25","guid":{"rendered":"https:\/\/www.praha7.cz\/?p=50937"},"modified":"2021-09-14T13:30:25","modified_gmt":"2021-09-14T11:30:25","slug":"v-ulici-vinarska-se-uskutecni-modni-prehlidka","status":"publish","type":"post","link":"https:\/\/www.praha7.cz\/v-ulici-vinarska-se-uskutecni-modni-prehlidka\/","title":{"rendered":"V ulici Vina\u0159sk\u00e1 se uskute\u010dn\u00ed m\u00f3dn\u00ed p\u0159ehl\u00eddka"},"content":{"rendered":"<p>[perex]<\/p>\r\n<p>V\u00a0\u00fater\u00fd 14.&nbsp;9.&nbsp;se v\u00a0ul. Vina\u0159sk\u00e1 uskute\u010dn\u00ed m\u00f3dn\u00ed p\u0159ehl\u00eddka n\u00e1vrh\u00e1\u0159ky Zuzany Kub\u00ed\u010dkov\u00e9. V\u00a0pr\u016fb\u011bhu dne dojde v\u00a0\u00faseku mezi ulicemi Franti\u0161ka K\u0159\u00ed\u017eka a&nbsp;Veverkova k\u00a0instalaci p\u0159ehl\u00eddkov\u00e9ho mola a&nbsp;posezen\u00ed pro div\u00e1ky. P\u0159ehl\u00eddka za\u010dne ve 20 hodin a&nbsp;trvat by m\u011bla zhruba 20 minut. Po tuto dobu bude uveden\u00fd \u00fasek ulice nepr\u016fjezdn\u00fd. Obyvatel\u00e9 v\u00a0dan\u00e9 lokalit\u011b byly p\u0159edem informov\u00e1ni produkc\u00ed prost\u0159ednictv\u00edm let\u00e1k\u016f na dot\u010den\u00fdch domech.<\/p>\r\n<p>D\u011bkujeme za pochopen\u00ed b\u011bhem do\u010dasn\u00fdch omezen\u00ed dopravy a&nbsp;parkov\u00e1n\u00ed.<\/p>\r\n<p>[\/perex]<\/p>\r\n<p>&nbsp;<\/p>","protected":false},"excerpt":{"rendered":"[perex] V\u00a0\u00fater\u00fd 14.&nbsp;9.&nbsp;se v\u00a0ul. Vina\u0159sk\u00e1 uskute\u010dn\u00ed m\u00f3dn\u00ed p\u0159ehl\u00eddka n\u00e1vrh\u00e1\u0159ky Zuzany Kub\u00ed\u010dkov\u00e9. V\u00a0pr\u016fb\u011bhu dne dojde v\u00a0\u00faseku mezi ulicemi Franti\u0161ka K\u0159\u00ed\u017eka a&nbsp;Veverkova k\u00a0instalaci p\u0159ehl\u00eddkov\u00e9ho mola a&nbsp;posezen\u00ed pro div\u00e1ky. P\u0159ehl\u00eddka za\u010dne ve 20 hodin a&nbsp;trvat by m\u011bla zhruba 20 minut. Po tuto dobu bude uveden\u00fd \u00fasek ulice nepr\u016fjezdn\u00fd. Obyvatel\u00e9 v\u00a0dan\u00e9 lokalit\u011b byly p\u0159edem informov\u00e1ni produkc\u00ed prost\u0159ednictv\u00edm let\u00e1k\u016f na [&hellip;]","protected":false},"author":5,"featured_media":50938,"comment_status":"closed","ping_status":"open","sticky":false,"template":"","format":"standard","meta":[],"categories":[34],"tags":[],"_links":{"self":[{"href":"https:\/\/www.praha7.cz\/api\/wp\/v2\/posts\/50937"}],"collection":[{"href":"https:\/\/www.praha7.cz\/api\/wp\/v2\/posts"}],"about":[{"href":"https:\/\/www.praha7.cz\/api\/wp\/v2\/types\/post"}],"author":[{"embeddable":true,"href":"https:\/\/www.praha7.cz\/api\/wp\/v2\/users\/5"}],"replies":[{"embeddable":true,"href":"https:\/\/www.praha7.cz\/api\/wp\/v2\/comments?post=50937"}],"version-history":[{"count":1,"href":"https:\/\/www.praha7.cz\/api\/wp\/v2\/posts\/50937\/revisions"}],"predecessor-version":[{"id":50939,"href":"https:\/\/www.praha7.cz\/api\/wp\/v2\/posts\/50937\/revisions\/50939"}],"wp:featuredmedia":[{"embeddable":true,"href":"https:\/\/www.praha7.cz\/api\/wp\/v2\/media\/50938"}],"wp:attachment":[{"href":"https:\/\/www.praha7.cz\/api\/wp\/v2\/media?parent=50937"}],"wp:term":[{"taxonomy":"category","embeddable":true,"href":"https:\/\/www.praha7.cz\/api\/wp\/v2\/categories?post=50937"},{"taxonomy":"post_tag","embeddable":true,"href":"https:\/\/www.praha7.cz\/api\/wp\/v2\/tags?post=50937"}],"curies":[{"name":"wp","href":"https:\/\/api.w.org\/{rel}","templated":true}]}}