    
{"id":50709,"date":"2021-09-17T13:44:19","date_gmt":"2021-09-17T11:44:19","guid":{"rendered":"https:\/\/www.praha7.cz\/?p=50709"},"modified":"2021-09-23T14:41:21","modified_gmt":"2021-09-23T12:41:21","slug":"svatek-knih","status":"publish","type":"post","link":"https:\/\/www.praha7.cz\/svatek-knih\/","title":{"rendered":"Sv\u00e1tek knih"},"content":{"rendered":"<p>[perex]<\/p>\r\n<p>Ka\u017ed\u00fd obyvatel \u010cesk\u00e9 republiky za rok p\u0159e\u010dte 12,6 knihy a&nbsp;denn\u011b jim v\u011bnuje 31 minut. V&nbsp;na\u0161ich dom\u00e1c\u00edch knihovn\u00e1ch pak najdeme v&nbsp;pr\u016fm\u011bru 253 knih. Tak\u00e9 s&nbsp;po\u010dtem v\u00edce ne\u017e p\u011bti tis\u00edc ve\u0159ejn\u00fdch knihoven se \u0159ad\u00edme na sv\u011btov\u00e9 prvenstv\u00ed, a&nbsp;proto by se dalo \u0159\u00edct, \u017ee jsme opravdu n\u00e1rodem \u010dten\u00e1\u0159\u016f a&nbsp;Praha&nbsp;7 zase m\u00edstem, kde se na V\u00fdstavi\u0161ti u\u017e d\u00e9le ne\u017e \u010dtvrt stolet\u00ed pravideln\u011b kon\u00e1 nejv\u00fdznamn\u011bj\u0161\u00ed setk\u00e1n\u00ed autor\u016f a&nbsp;jejich \u010dten\u00e1\u0159\u016f. <a href=\"https:\/\/www.svetknihy.cz\/\">Mezin\u00e1rodn\u00ed kni\u017en\u00ed veletrh a&nbsp;liter\u00e1rn\u00ed festival Sv\u011bt knihy Praha<\/a>, kter\u00fd naposledy p\u0159iv\u00edtal \u00factyhodn\u00fdch 51 tis\u00edc n\u00e1v\u0161t\u011bvn\u00edk\u016f, letos prob\u011bhne od 23.&nbsp;do 26.&nbsp;z\u00e1\u0159\u00ed a&nbsp;p\u0159ibl\u00ed\u017e\u00ed krom\u011b jin\u00e9ho rozmanitost francouzsk\u00e9 literatury.<\/p>\r\n<p>[\/perex]<\/p>\r\n<p>V\u011bdeck\u00e9 studie ji\u017e roky p\u0159isuzuj\u00ed \u010dten\u00e1\u0159\u016fm knih \u0161ir\u0161\u00ed slovn\u00ed z\u00e1sobu, v\u011bt\u0161\u00ed empatii v&nbsp;mezilidsk\u00fdch vztaz\u00edch, lep\u0161\u00ed kvalitu sp\u00e1nku a&nbsp;sn\u00ed\u017een\u00ed stresu, k&nbsp;\u010demu\u017e sta\u010d\u00ed 6 minut \u010detby denn\u011b. Z&nbsp;v\u00fdzkumu \u00dastavu pro \u010deskou literaturu Akademie v\u011bd \u010cR z&nbsp;roku 2018 vyplynulo, \u017ee 78&nbsp;% obyvatel \u010cR p\u0159e\u010dte za rok aspo\u0148 jednu knihu. P\u0159edpov\u011bdi, kter\u00e9 p\u00e1r let zp\u00e1tky s&nbsp;n\u00e1stupem \u010dte\u010dek a&nbsp;e-knih v\u011b\u0161tily pap\u00edrov\u00fdm knih\u00e1m z\u00e1nik, se nenaplnily. Naopak. S&nbsp;ned\u00e1vn\u00fdm n\u00e1stupem audioknih se pouze doplnil siln\u00fd, by\u0165 m\u00edrn\u011b p\u0159esycen\u00fd kni\u017en\u00ed trh a&nbsp;lidem literaturu je\u0161t\u011b v\u00edce p\u0159ibl\u00ed\u017eily. V&nbsp;roce 2019 toti\u017e u&nbsp;n\u00e1s vy\u0161lo \u00factyhodn\u00fdch 15&nbsp;100 titul\u016f. Orientovat se v&nbsp;tomto mno\u017estv\u00ed knih nen\u00ed v&nbsp;mo\u017enostech jedince a&nbsp;pr\u00e1v\u011b pra\u017esk\u00fd festival se v\u00e1m tak m\u016f\u017ee st\u00e1t ur\u010dit\u00fdm pr\u016fvodcem. V\u00fdstavi\u0161t\u011b se v&nbsp;dob\u011b jeho kon\u00e1n\u00ed hem\u017e\u00ed des\u00edtkami tis\u00edc n\u00e1v\u0161t\u011bvn\u00edk\u016f dycht\u00edc\u00edch po knih\u00e1ch, besed\u00e1ch, autogramech, d\u011btsk\u00fdch d\u00edln\u00e1ch nebo kni\u017en\u00edch slev\u00e1ch na st\u00e1nc\u00edch. A&nbsp;pokud \u010dten\u00e1\u0159em nejste v\u016fbec, i&nbsp;v\u00e1m m\u00e1 Sv\u011bt knihy co nab\u00eddnout.<\/p>\r\n<p>Po\u010d\u00e1tky kni\u017en\u00edch veletrh\u016f v&nbsp;Evrop\u011b se poj\u00ed se vznikem veletrhu ve Frankfurtu nad Mohanem, kde se ji\u017e od roku 1074 v&nbsp;r\u00e1mci velk\u00fdch trh\u016f obchodovalo s&nbsp;rukopisy. Z&nbsp;t\u011bchto trh\u016f vznikl nejpozd\u011bji v&nbsp;roce 1462 jarn\u00ed a&nbsp;podzimn\u00ed kni\u017en\u00ed veletrh. Frankfurtsk\u00fd, stejn\u011b jako Lipsk\u00fd kni\u017en\u00ed festival, jeho\u017e kon\u00e1n\u00ed je dolo\u017eeno od roku 1478, p\u0159isp\u011bly tak\u00e9 k&nbsp;roz\u0161\u00ed\u0159en\u00ed kni\u017en\u00edho obchodu v&nbsp;\u010cech\u00e1ch \u2013 sporadick\u00e1 \u00fa\u010dast pra\u017esk\u00fdch tiska\u0159\u016f a&nbsp;nakladatel\u016f je dolo\u017eena od \u0161edes\u00e1t\u00fdch let 16.&nbsp;stolet\u00ed.<\/p>\r\n<p><strong>Rok co rok na V\u00fdstavi\u0161ti<\/strong><br \/>\r\nPrvn\u00ed ro\u010dn\u00edk Sv\u011bta knihy prob\u011bhl 10.&nbsp;a\u017e 13.&nbsp;kv\u011btna 1995 na V\u00fdstavi\u0161ti a&nbsp;jeho po\u0159adatelem byl Svaz \u010desk\u00fdch knihkupc\u016f a&nbsp;nakladatel\u016f (S\u010cKN). Impulz k&nbsp;zalo\u017een\u00ed veletrhu vze\u0161el od \u010desk\u00fdch nakladatel\u016f, kte\u0159\u00ed cht\u011bli nejen zalo\u017eit profesion\u00e1ln\u00ed instituci a&nbsp;zajistit vzd\u011bl\u00e1v\u00e1n\u00ed a&nbsp;kultivaci oboru, ale tak\u00e9 prezentaci kni\u017en\u00edho trhu ve sv\u011bt\u011b. Veletrh vznikl tak\u00e9 jako odpov\u011b\u010f na situaci, kdy na \u010desk\u00e9m trhu operovala britsk\u00e1 firma Avencourt Exhibition, kter\u00e1 od roku 1991 po\u0159\u00e1dala v&nbsp;Pal\u00e1ci kultury Mezin\u00e1rodn\u00ed kni\u017en\u00ed veletrh organizovan\u00fd americk\u00fdm spisovatelem Michaelem Marchem, jen\u017e p\u0159\u00edli\u0161 nejevil z\u00e1jem o&nbsp;komunikaci s&nbsp;dom\u00e1c\u00edmi nakladateli. Av\u0161ak ji\u017e prvn\u00edho ro\u010dn\u00edku Sv\u011bta knihy, kter\u00fd se konal soub\u011b\u017en\u011b pr\u00e1v\u011b s&nbsp;Mezin\u00e1rodn\u00edm kni\u017en\u00edm veletrhem, se z\u00fa\u010dastnilo v\u00edce vystavovatel\u016f i&nbsp;n\u00e1v\u0161t\u011bvn\u00edk\u016f, co\u017e pro zahrani\u010dn\u00ed veletrh znamenalo z\u00e1nik. Michael March p\u0159esto o&nbsp;dva roky pozd\u011bji zalo\u017eil a\u017e do lo\u0148sk\u00e9ho roku funguj\u00edc\u00ed Festival spisovatel\u016f Praha.<\/p>\r\n<p>Proto\u017ee se nep\u0159edpokl\u00e1dala velk\u00e1 \u00fa\u010dast, festival se konal \u010d\u00e1ste\u010dn\u011b v&nbsp;K\u0159i\u017e\u00edkov\u00fdch pavilonech a&nbsp;v&nbsp;hlavn\u00edm k\u0159\u00eddle Pr\u016fmyslov\u00e9ho pal\u00e1ce soub\u011b\u017en\u011b s&nbsp;p\u0159ehl\u00eddkou audiovizu\u00e1ln\u00ed techniky. Organiz\u00e1to\u0159i se pot\u00fdkali se \u0161patn\u00fdm stavem prostoru, zaji\u0161\u0165ov\u00e1n\u00edm slu\u017eeb, propagac\u00ed festivalu i&nbsp;tvorbou doprovodn\u00e9ho programu, kter\u00fd nem\u011bl dramaturgickou linku. \u201eKatalog doprovodn\u00fdch program\u016f m\u011bl v&nbsp;za\u010d\u00e1tc\u00edch 30 a\u017e 50 akc\u00ed, dnes u\u017e jich je v\u00edce ne\u017e 600. Liter\u00e1rn\u00ed program, kter\u00fd je k&nbsp;t\u00e9 veletr\u017en\u00ed, prodejn\u00ed \u010d\u00e1sti p\u0159ipojen\u00fd, je velmi d\u016fle\u017eit\u00fd. Postupem \u010dasu to takto nabobtnalo a&nbsp;muselo se v&nbsp;jednu chv\u00edli \u0159\u00edct, \u017ee Sv\u011bt knihy nen\u00ed u\u017e jen veletrh. A&nbsp;proto je od roku 2005 i&nbsp;liter\u00e1rn\u00edm festivalem,\u201c up\u0159es\u0148uje Jana Chalupov\u00e1, PRistka Sv\u011bta knihy, kter\u00e1 pro festival pracuje v\u00edce ne\u017e 20 let.<\/p>\r\n<p>Jestli\u017ee jste v&nbsp;posledn\u00edch letech na Sv\u011bt knihy zav\u00edtali, jist\u011b v\u00edte, \u017ee festival se pr\u00e1v\u011b d\u00edky stovk\u00e1m akc\u00ed rozrostl do \u0161ir\u0161\u00edho prostoru na V\u00fdstavi\u0161ti. Centrum sice z\u016fstalo v&nbsp;Pr\u016fmyslov\u00e9m pal\u00e1ci, ale na doprovodn\u00e9 akce je mo\u017en\u00e9 vyrazit do p\u0159ilehl\u00e9ho Ateli\u00e9ru Rychta, Gau\u010de na V\u00fdstavi\u0161ti nebo do r\u016fzn\u00fdch men\u0161\u00edch pavilon\u016f vystav\u011bn\u00fdch kolem pal\u00e1ce. Vyho\u0159el\u00e9 lev\u00e9 k\u0159\u00eddlo Pr\u016fmyslov\u00e9ho pal\u00e1ce bylo t\u00e9m\u011b\u0159 po celou dek\u00e1du nahrazeno stanem. Ten p\u0159ed \u010dasem zmizel z&nbsp;d\u016fvodu bl\u00ed\u017e\u00edc\u00ed se rekonstrukce, a&nbsp;festival si tak pro svoje pot\u0159eby postav\u00ed stan vlastn\u00ed.<\/p>\r\n<p><strong>\u010cestn\u00fd host<\/strong><br \/>\r\nOd po\u010d\u00e1tku Sv\u011bta knihy m\u00e1 veletrh v\u017edy \u010destn\u00e9ho hosta a&nbsp;hlavn\u00ed motto \u010di t\u00e9ma, kter\u00e9 se \u010d\u00e1ste\u010dn\u011b odr\u00e1\u017e\u00ed v&nbsp;doprovodn\u00e9m programu. Ten tvo\u0159\u00ed p\u0159\u00edmo nakladatel\u00e9 nebo dramaturgie festivalu. \u010cestn\u00fdm hostem b\u00fdv\u00e1 zem\u011b \u010di n\u011bkolik zem\u00ed stejn\u00e9ho kontinentu, kter\u00e9 je v\u011bnov\u00e1na velk\u00e1 kni\u017en\u00ed expozice, \u010d\u00e1st ji\u017e zm\u00edn\u011bn\u00e9ho programu a&nbsp;mnohdy tak\u00e9 otev\u0159en\u00ed nov\u00fdch prostor\u016f. Poprv\u00e9 se takto v&nbsp;roce 1996 p\u0159edstavilo Rakousko, z\u00e1rove\u0148 byla \u0161\u00ed\u0159eji prezentov\u00e1na francouzsk\u00e1 literatura, je\u017e se letos po p\u011btadvaceti letech v&nbsp;t\u00e9to roli objev\u00ed znovu. Na posledn\u00edm ro\u010dn\u00edku v&nbsp;roce 2019, kdy byla \u010destn\u00fdm hostem Latinsk\u00e1 Amerika, byl otev\u0159en prostor s&nbsp;n\u00e1zvem Caf\u00e9 Evropa, v&nbsp;n\u011bm\u017e byla literatura uv\u00e1d\u011bna do obecn\u011bj\u0161\u00edch kontext\u016f souvisej\u00edc\u00edch s&nbsp;politikou a&nbsp;ob\u010danskou anga\u017eovanost\u00ed. \u201eKni\u017en\u00ed veletrhy se vyv\u00edjej\u00ed, dnes u\u017e to nen\u00ed jenom o&nbsp;prodeji pr\u00e1v a&nbsp;prodeji knih, ale st\u00e1vaj\u00ed se z&nbsp;nich sp\u00ed\u0161e festivaly my\u0161len\u00ed. Mo\u017en\u00e1 se m\u00e9n\u011b mluv\u00ed o&nbsp;samotn\u00fdch kn\u00ed\u017ek\u00e1ch, ale v\u00edce pr\u00e1v\u011b o&nbsp;r\u016fzn\u00fdch my\u0161lenkov\u00fdch proudech,\u201c dopl\u0148uje \u0159editel festivalu Radovan Auer.<br \/>\r\n<strong><br \/>\r\nBonjour!<\/strong><br \/>\r\n\u010cestn\u00fdm hostem leto\u0161n\u00edho ro\u010dn\u00edku je Francie a&nbsp;zvl\u00e1\u0161tn\u00ed pozornost bude pat\u0159it i&nbsp;Polsku, jeho\u017e prezentace se v&nbsp;lo\u0148sk\u00e9m roce kv\u016fli pandemii nemohla uskute\u010dnit. Motto ro\u010dn\u00edku M\u016fj domov je v&nbsp;jazyce prozkoum\u00e1 ot\u00e1zky identity, jazyka a&nbsp;rozmanitosti nejen v&nbsp;\u010desk\u00e9 literatu\u0159e a&nbsp;literatu\u0159e \u010destn\u00e9ho hosta, ale bude se zab\u00fdvat i&nbsp;probl\u00e9mem, jak definovat st\u0159edn\u00ed Evropu, a&nbsp;rozeb\u00edrat vztah mezi spisovatelem a&nbsp;jazykem. Speci\u00e1ln\u00ed pozornost bude v\u011bnov\u00e1na tak\u00e9 Milanu Kunderovi nebo francouzsk\u00e9 literatu\u0159e pro d\u011bti. Osobn\u00ed \u00fa\u010dast p\u0159isl\u00edbila \u0159ada v\u00fdrazn\u00fdch jmen francouzsk\u00e9ho liter\u00e1rn\u00edho sv\u011bta.\u00a0 \u010cesk\u00fdm \u010dten\u00e1\u0159\u016fm je nap\u0159\u00edklad dob\u0159e zn\u00e1m\u00e9 jm\u00e9no Laurenta Bineta, na na\u0161ich pultech se objevily ji\u017e t\u0159i jeho p\u0159elo\u017een\u00e9 tituly. Binet\u016fv bestseller s&nbsp;n\u00e1zvem HHhH vych\u00e1z\u00ed z&nbsp;\u010deskoslovensk\u00fdch d\u011bjin, z&nbsp;\u00fatoku na Reinharda Heydricha. Bineta p\u0159\u00edb\u011bh para\u0161utist\u016f zaujal, kdy\u017e jako mlad\u00fd u\u010ditel francouz\u0161tiny p\u016fsobil na vojensk\u00e9 akademii v&nbsp;Ko\u0161ic\u00edch. V&nbsp;roce 2010 za jeho zpracov\u00e1n\u00ed dostal presti\u017en\u00ed Goncourtovu cenu. Mimochodem pr\u00e1v\u011b tato liter\u00e1rn\u00ed cena je vyhla\u0161ov\u00e1na v&nbsp;pa\u0159\u00ed\u017esk\u00e9 restauraci Drouant po skon\u010den\u00ed ob\u011bda \u010dlen\u016f akademie (l\u2019Acad\u00e9mie Goncourt), kte\u0159\u00ed zde do\u017eivotn\u011b vlastn\u00ed p\u0159\u00edbor. Ocen\u011bn\u00ed je tak\u00e9 na rozd\u00edl od jin\u00fdch spojeno v\u00edce s&nbsp;presti\u017e\u00ed a&nbsp;n\u00e1sledn\u00fdm prodejem ne\u017e s&nbsp;finan\u010dn\u00ed odm\u011bnou. Laure\u00e1t v&nbsp;roce 2019 z\u00edskal symbolickou odm\u011bnu 10 eur, tedy okolo 260 \u010desk\u00fdch korun. Binet do francouz\u0161tiny tak\u00e9 p\u0159elo\u017eil b\u00e1sn\u011b V\u00edt\u011bzslava Nezvala a&nbsp;na festivalu p\u0159edstav\u00ed novinku Civilizace, v&nbsp;n\u00ed\u017e se pustil do konstruov\u00e1n\u00ed alternativn\u00edch d\u011bjin. Se spisovatelkou Alenou Morn\u0161tajnovou, kter\u00e1 podobn\u011b fabuluje ve sv\u00e9m posledn\u00edm rom\u00e1nu Listop\u00e1d, se setkaj\u00ed u&nbsp;debaty na t\u00e9ma spisovatel a&nbsp;historick\u00e1 fikce. Podrobn\u011bj\u0161\u00ed informace o&nbsp;dal\u0161\u00edch akc\u00edch a&nbsp;spisovatel\u00edch, je\u017e byste nem\u011bli minout, najdete v&nbsp;samostatn\u00e9m boxu.<\/p>\r\n<p>Novinkou v&nbsp;programu je st\u00e1l\u00e1 sekce s&nbsp;n\u00e1zvem Literatura jako hlas svobody, kter\u00e1 se bude orientovat na zem\u011b, je\u017e se mus\u00ed vyrovn\u00e1vat s&nbsp;politick\u00fdm \u00fatlakem. Letos je touto zem\u00ed Luka\u0161enkovo B\u011blorusko. V&nbsp;chystan\u00fdch debat\u00e1ch bude \u010dasto sklo\u0148ovan\u00e9 tak\u00e9 t\u00e9ma vlivu pandemie koronaviru na kni\u017en\u00ed trh. Pro pohodl\u00ed n\u00e1v\u0161t\u011bvn\u00edk\u016f spust\u00ed festival i&nbsp;letos na v\u011bt\u0161inu po\u0159ad\u016f v&nbsp;s\u00e1lech rezerva\u010dn\u00ed syst\u00e9m. Na po\u0159ady, kter\u00e9 se odehr\u00e1vaj\u00ed na st\u00e1nc\u00edch vystavovatel\u016f, si v\u0161ak budete muset m\u00edsto obsadit sami. V&nbsp;p\u00e1tek si festivalovou atmosf\u00e9ru u\u017eijete d\u00e9le, ne\u017e b\u00fdvalo zvykem. Kni\u017en\u00ed noc nab\u00eddne prodlou\u017eenou otev\u00edrac\u00ed dobu, vystoupen\u00ed recitovan\u00e9 poezie slam poetry i&nbsp;n\u011bkolik koncert\u016f.<\/p>\r\n<p><strong>Hybatel kni\u017en\u00edho trhu<\/strong><br \/>\r\nPokud jste \u010dten\u00e1\u0159, kter\u00fd nejen r\u00e1d listuje knihami, ale i&nbsp;edi\u010dn\u00edmi pl\u00e1ny nakladatelstv\u00ed, mo\u017en\u00e1 v\u00e1s napadlo, \u017ee v&nbsp;nich \u010dast\u011bji nach\u00e1z\u00edte tituly ze zem\u011b, kter\u00e1 bude na festivalu p\u0159\u00ed\u0161t\u00edm hostem. A&nbsp;je tomu skute\u010dn\u011b tak. Pra\u017esk\u00fd festival v&nbsp;nakladatelsk\u00fdch pl\u00e1nech hraje aktivn\u00ed roli. Ka\u017edoro\u010dn\u011b nejpozd\u011bji na konci pr\u00e1v\u011b prob\u00edhaj\u00edc\u00edho ro\u010dn\u00edku ozn\u00e1m\u00ed po\u0159adatel festivalu hosta na rok n\u00e1sleduj\u00edc\u00ed. Kni\u017en\u00ed sv\u011bt je v\u0161ak na to u\u017e n\u011bjak\u00fd \u010das p\u0159ipraven. \u010cestn\u00fd host se toti\u017e pl\u00e1nuje n\u011bkolik let dop\u0159edu a&nbsp;soub\u011b\u017en\u011b se tak chyst\u00e1 v\u00edce ro\u010dn\u00edk\u016f. \u201eOv\u011b\u0159ili jsme si, \u017ee v&nbsp;nakladatelstv\u00edch le\u017e\u00ed spousta pl\u00e1n\u016f na knihy, kter\u00e9 cht\u011bj\u00ed vydat, ale mnohdy s&nbsp;t\u00edm v\u00e1haj\u00ed kv\u016fli ekonomick\u00e9 str\u00e1nce. Ve chv\u00edli, kdy jim \u0159ekneme, \u017ee pl\u00e1nujeme konkr\u00e9tn\u00ed zemi, pro nakladatele vznik\u00e1 dobr\u00e1 p\u0159\u00edle\u017eitost k&nbsp;vyd\u00e1n\u00ed titulu, jeliko\u017e m\u016f\u017ee pozvat autora, uspo\u0159\u00e1dat s&nbsp;n\u00edm debatu a&nbsp;to v\u0161e se pak m\u016f\u017ee projevit na prodeji knihy. Tak\u00e9 propojujeme nakladatele nejen s&nbsp;hostuj\u00edc\u00ed zem\u00ed, ale i&nbsp;s&nbsp;ambas\u00e1dou nebo kulturn\u00edm st\u0159ediskem zem\u011b, z&nbsp;n\u00ed\u017e origin\u00e1l poch\u00e1z\u00ed,\u201c nasti\u0148uje Auer. Dle jeho slov se tak po\u010det vydan\u00fdch titul\u016f v&nbsp;pl\u00e1nech zvedl v&nbsp;p\u0159\u00edpad\u011b Latinsk\u00e9 Ameriky z&nbsp;p\u016fvodn\u00edch 10 na 30 a&nbsp;v&nbsp;p\u0159\u00edpad\u011b Polska z&nbsp;15 na 35 knih. Mimochodem v&nbsp;roce 2022 bude \u010destn\u00fdm hostem It\u00e1lie, tak \u010detb\u011b zdar!<\/p>\r\n<p><a href=\"https:\/\/www.praha7.cz\/svatek-knih\/attachment\/13\/\" rel=\"attachment wp-att-51047\"><img loading=\"lazy\" src=\"https:\/\/www.praha7.cz\/wp-content\/uploads\/2021\/09\/13-288x400.jpg\" alt=\"\" width=\"288\" height=\"400\" class=\"alignnone wp-image-51047 size-medium\" srcset=\"https:\/\/www.praha7.cz\/wp-content\/uploads\/2021\/09\/13-288x400.jpg 288w, https:\/\/www.praha7.cz\/wp-content\/uploads\/2021\/09\/13-768x1066.jpg 768w, https:\/\/www.praha7.cz\/wp-content\/uploads\/2021\/09\/13-720x1000.jpg 720w, https:\/\/www.praha7.cz\/wp-content\/uploads\/2021\/09\/13.jpg 837w\" sizes=\"(max-width: 288px) 100vw, 288px\" \/><\/a><\/p>\r\n<p>Festival tak\u00e9 ka\u017ed\u00fd rok uvede jednu nebo dv\u011b spisovatelsk\u00e9 celebrity, jimi\u017e \u010dasto b\u00fdvaj\u00ed nositel\u00e9 presti\u017en\u00edch liter\u00e1rn\u00edch cen: Man Bookerovy, Nobelovy, Pulitzerovy nebo ji\u017e zm\u00edn\u011bn\u00e9 Goncourtovy v&nbsp;osob\u011b Laurenta Bineta. Je t\u011b\u017ek\u00e9 takov\u00e9ho hosta do Prahy nal\u00e1kat? \u201eV podstat\u011b jde o&nbsp;pov\u011bst festivalu a&nbsp;o&nbsp;dlouhodobou komunikaci, o&nbsp;kterou se star\u00e1 n\u00e1\u0161 dramaturg Guillaume Basset. S&nbsp;n\u011bkter\u00fdmi lidmi je mnohdy n\u011bkolik let v&nbsp;kontaktu, a&nbsp;kdy\u017e je pak zlom\u00ed, je to skv\u011bl\u00e9. \u010cesk\u00e1 republika ve v\u011bt\u0161in\u011b p\u0159\u00edpad\u016f nen\u00ed pro autory a&nbsp;jejich nakladatele z&nbsp;komer\u010dn\u00ed str\u00e1nky p\u0159\u00edli\u0161 zaj\u00edmav\u00e1. Jsme mal\u00fd trh a&nbsp;prodeje u&nbsp;n\u00e1s z&nbsp;tohoto pohledu nejsou z\u00e1vratn\u00e9. Pozoruji v\u0161ak, \u017ee ti, kte\u0159\u00ed k&nbsp;n\u00e1m p\u0159ijedou, maj\u00ed p\u0159edev\u0161\u00edm velk\u00fd z\u00e1jem o&nbsp;m\u00edstn\u00ed kulturu, proto\u017ee znaj\u00ed n\u011bjak\u00e9 \u010desk\u00e9 autory, film nebo hudbu, a&nbsp;cht\u011bj\u00ed podrobn\u011bji prozkoumat m\u00edstn\u00ed kontext,\u201c dod\u00e1v\u00e1 Auer.<\/p>\r\n<p><strong>Zn\u00e1te m\u00e9 d\u00edlo l\u00e9pe ne\u017e j\u00e1<\/strong><br \/>\r\nFestival je tak\u00e9 ide\u00e1ln\u00ed p\u0159\u00edle\u017eitost\u00ed, aby se zahrani\u010dn\u00ed autor setkal se sv\u00fdm \u010desk\u00fdm p\u0159ekladatelem. Spole\u010dn\u00e1 komunikace p\u0159es dostupn\u00e9 technologie samoz\u0159ejm\u011b mnohdy existuje, ale osobn\u00edmu setk\u00e1n\u00ed se m\u00e1loco vyrovn\u00e1. Z\u00e1\u0159n\u00fdm p\u0159\u00edkladem je nobelista Mario Vargas Llosa a&nbsp;jeho p\u0159ekladatelka, hispanistka Ane\u017eka Charv\u00e1tov\u00e1. Jej\u00ed prvn\u00ed latinskoamerickou kn\u00ed\u017ekou od Llosy byl rom\u00e1n s&nbsp;n\u00e1zvem M\u011bsto a&nbsp;psi, dal\u0161\u00ed rom\u00e1n Vyprav\u011b\u010d z\u00edskal v&nbsp;roce 2004 Magnesii literu za p\u0159ekladovou knihu. \u201eTehdy jsem m\u011bla pocit, \u017ee se uzav\u0159el symbolick\u00fd oblouk od m\u00e9 prvn\u00ed latinskoamerick\u00e9 kn\u00ed\u017eky a\u017e k&nbsp;cen\u011b za p\u0159eklad m\u00e9ho obl\u00edben\u00e9ho spisovatele,\u201c dod\u00e1v\u00e1 Charv\u00e1tov\u00e1 v&nbsp;rozhovoru pro nakladatelstv\u00ed Argo. V&nbsp;roce 2019, kdy Llosa p\u0159ijel do Prahy, s&nbsp;n\u00edm moderovala dv\u011b debaty a&nbsp;podle jej\u00edch slov se \u017e\u00e1dn\u00e1 cena ned\u00e1 srovnat s&nbsp;v\u0159el\u00fdm a&nbsp;p\u0159\u00e1telsk\u00fdm rozhovorem s&nbsp;\u201eVarg\u00e1skem\u201c. S\u00e1m Llosa b\u011bhem debaty sm\u011brem k&nbsp;Charv\u00e1tov\u00e9 pronesl: \u201eZn\u00e1te m\u00e1 d\u00edla l\u00e9pe ne\u017e j\u00e1.\u201c Jednou z&nbsp;hlavn\u00edch hodnot festivalu je tedy bezesporu osobn\u00ed setk\u00e1n\u00ed mezi v\u0161emi z\u00fa\u010dastn\u011bn\u00fdmi \u2013 autorem, p\u0159ekladatelem, nakladatelem i&nbsp;\u010dten\u00e1\u0159em. \u201eOsobn\u00ed setk\u00e1n\u00ed a&nbsp;zp\u011btn\u00e1 vazba, kterou t\u0159eba pr\u00e1v\u011b nakladatel na st\u00e1nku od sv\u00e9ho \u010dten\u00e1\u0159e z\u00edsk\u00e1, je ohromn\u011b p\u0159\u00ednosn\u00e1. Zn\u00e1t\u00a0sv\u00e9ho \u010dten\u00e1\u0159e je d\u016fle\u017eit\u00e9,\u201c p\u0159ipom\u00edn\u00e1 Auer.<\/p>\r\n<p><strong>Pandemick\u00e1 z\u00e1plata p\u0159enos\u016f<\/strong><br \/>\r\nV&nbsp;d\u0159\u00edv\u011bj\u0161\u00edch \u010dasech podobn\u00e9 veletrhy fungovaly z&nbsp;velk\u00e9 \u010d\u00e1sti pro uzav\u00edr\u00e1n\u00ed kontrakt\u016f, dnes se obchody \u0159e\u0161\u00ed b\u011bhem cel\u00e9ho roku elektronicky nebo po telefonu. Festival chce b\u00fdt vn\u00edm\u00e1n p\u0159edev\u0161\u00edm jako kulturn\u00ed ud\u00e1lost, kterou je nutno za\u017e\u00edt. \u201eB\u011bhem minul\u00e9ho roku jsme si ov\u011b\u0159ili, \u017ee online festival pro n\u00e1s nen\u00ed budoucnost, je to jen z\u00e1plata. D\u00edky situaci jsme se nau\u010dili s&nbsp;t\u00edmto prost\u0159ed\u00edm l\u00e9pe pracovat a&nbsp;letos tak budeme p\u0159en\u00e1\u0161et 50 po\u0159ad\u016f m\u00edsto d\u0159\u00edv\u011bj\u0161\u00edch 10 a&nbsp;do debat tak\u00e9 m\u016f\u017eeme pozvat i&nbsp;dal\u0161\u00ed hosty. N\u011bkdo bude t\u0159eba sed\u011bt ve Francii u&nbsp;mo\u0159e a&nbsp;p\u0159itom si pov\u00eddat s&nbsp;\u010desk\u00fdmi \u010dten\u00e1\u0159i,\u201c nasti\u0148uje Auer k&nbsp;dal\u0161\u00edmu rozvoji festivalu. I&nbsp;p\u0159esto, \u017ee se minul\u00fd rok Sv\u011bt knihy v&nbsp;klasick\u00e9 podob\u011b nekonal, objevilo se na po\u010d\u00edta\u010dov\u00fdch obrazovk\u00e1ch online \u010dten\u00ed t\u0159\u00ed des\u00edtek \u010desk\u00fdch autor\u016f. Videa jsou st\u00e1le k&nbsp;vid\u011bn\u00ed na <a href=\"http:\/\/www.mall.tv\/svet-knihy\">www.mall.tv\/svet-knihy<\/a>. Na d\u00e1rcovsk\u00e9 platform\u011b Donio tak\u00e9 festival sb\u00edral pen\u00edze, z&nbsp;nich\u017e \u010d\u00e1st padla na honor\u00e1\u0159e pro \u00fa\u010dinkuj\u00edc\u00ed autory a&nbsp;druh\u00e1 \u010d\u00e1st byla v\u011bnov\u00e1na na n\u00e1kup\u00a0 knih, kter\u00e9 pak putovaly do d\u011btsk\u00fdch domov\u016f a&nbsp;domov\u016f pro seniory.<\/p>\r\n<p><strong>Rosteme s&nbsp;knihou<\/strong><br \/>\r\nOd roku 2005 po\u0159\u00e1d\u00e1 S\u010cKN spole\u010dn\u011b se Sv\u011btem knihy propaga\u010dn\u00ed kampa\u0148 pro podporu \u010dten\u00ed s&nbsp;n\u00e1zvem Rosteme s&nbsp;knihou. Je zalo\u017een\u00e1 na spolupr\u00e1ci s&nbsp;knihovnami, \u0161kolami, liter\u00e1rn\u00edmi \u010dasopisy a&nbsp;nakladatelstv\u00edmi. Projekt p\u0159edev\u0161\u00edm p\u0159ipravuje n\u011bkolik liter\u00e1rn\u00edch a&nbsp;\u010dten\u00e1\u0159sk\u00fdch sout\u011b\u017e\u00ed a&nbsp;aktivit. K&nbsp;nejv\u00fdrazn\u011bj\u0161\u00edm pat\u0159\u00ed \u010cten\u00e1\u0159 na jevi\u0161ti a&nbsp;Souboj \u010dten\u00e1\u0159\u016f. Prvn\u00ed spo\u010d\u00edv\u00e1 v&nbsp;zaj\u00edmav\u00e9m proveden\u00ed sc\u00e9nick\u00e9ho \u010dten\u00ed a&nbsp;\u010d\u00e1ste\u010dn\u011b tak\u00e9 v&nbsp;dramatizaci, druh\u00e1 v&nbsp;kv\u00edzov\u00e9m souboji mezi t\u00fdmy, kter\u00fd prov\u011b\u0159\u00ed znalost obsahu vybran\u00e9 knihy. Do Souboje \u010dten\u00e1\u0159\u016f se b\u011b\u017en\u011b hl\u00e1s\u00ed okolo 150 t\u0159\u00edd z&nbsp;cel\u00e9 \u010cesk\u00e9 republiky. Letos se jich p\u0159ihl\u00e1silo okolo 80. Pokles souvis\u00ed s&nbsp;nep\u0159\u00edtomnost\u00ed d\u011bt\u00ed ve \u0161kole, a&nbsp;tedy i&nbsp;komplikovan\u011bj\u0161\u00ed organizac\u00ed pro samotn\u00e9 u\u010ditele. V&nbsp;p\u0159edchoz\u00edch ro\u010dn\u00edc\u00edch t\u0159i nejlep\u0161\u00ed dramatizace a&nbsp;fin\u00e1ln\u00ed kolo souboje prob\u00edhaly p\u0159\u00edmo v&nbsp;dob\u011b veletrhu. Letos byly sout\u011b\u017ee vzhledem k&nbsp;posunut\u00ed festivalu z&nbsp;tradi\u010dn\u00edho kv\u011btnov\u00e9ho term\u00ednu na z\u00e1\u0159\u00ed ji\u017e ukon\u010deny a&nbsp;z\u00e1znamy z&nbsp;fin\u00e1ln\u00edch kol jsou k&nbsp;vid\u011bn\u00ed na Mall.tv. \u201eTahle aktivita je pro m\u011b z\u00e1sadn\u00ed. Samotn\u00fd festival nem\u00e1m moc \u010das si u\u017e\u00edt. Ka\u017ed\u00fd z&nbsp;n\u00e1s m\u00e1 sv\u00e9 povinnosti a&nbsp;\u010dlov\u011bk tak b\u011b\u017e\u00ed pal\u00e1cem, tu n\u011bkam nakoukne, p\u00e1r minut poslouch\u00e1 a&nbsp;posp\u00edch\u00e1 zase d\u00e1l. Ale vid\u011bt ty d\u011bti, jak\u00fd maj\u00ed vztah k&nbsp;literatu\u0159e, jak maj\u00ed kn\u00ed\u017eky na\u010dten\u00e9, a&nbsp;to, jak je to prost\u011b bav\u00ed, mi v\u017edy ud\u011bl\u00e1 radost. T\u00edmto podporujeme \u010dten\u00e1\u0159stv\u00ed, vychov\u00e1v\u00e1me si n\u00e1v\u0161t\u011bvn\u00edky veletrhu a&nbsp;pota\u017emo i&nbsp;z\u00e1kazn\u00edky na\u0161ich vystavovatel\u016f,\u201c \u0159\u00edk\u00e1 Jana Chalupov\u00e1.<\/p>\r\n<p><strong>Osud festivalu<\/strong><br \/>\r\nJak to po dobu rekonstrukce V\u00fdstavi\u0161t\u011b s&nbsp;festivalem bude, nen\u00ed jist\u00e9. \u201eL\u00edb\u00ed se n\u00e1m, kam se nov\u00e1 koncepce are\u00e1lu posouv\u00e1. My\u0161lenka ud\u011blat z&nbsp;n\u011bj v\u00edce volno\u010dasov\u00fd prostor pro v\u0161echny a&nbsp;potla\u010dit tu pou\u0165ovost je n\u00e1m bl\u00edzk\u00e1. Bohu\u017eel nyn\u00ed nev\u00edme, kde se p\u0159\u00ed\u0161t\u00ed ro\u010dn\u00edk Sv\u011bta knihy uskute\u010dn\u00ed. R\u00e1di bychom z\u016fstali v&nbsp;n\u011bjak\u00fdch n\u00e1hradn\u00edch prostor\u00e1ch p\u0159\u00edmo na V\u00fdstavi\u0161ti,<br \/>\r\nale samoz\u0159ejm\u011b hled\u00e1me i&nbsp;jin\u00e9 varianty, pokud by se to nepoda\u0159ilo. Doposud se ka\u017ed\u00fd ro\u010dn\u00edk konal na V\u00fdstavi\u0161ti a&nbsp;p\u0159esunem do jin\u00fdch prostor bychom ztratili velkou \u010d\u00e1st festivalov\u00e9 atmosf\u00e9ry,\u201c nasti\u0148uje Auer. Doufejme, \u017ee se tak nestane. Z&nbsp;vlastn\u00ed zku\u0161enosti n\u00e1v\u0161t\u011bvn\u00edka festivalu v\u00edm, \u017ee se nevypl\u00e1c\u00ed podcenit p\u0159\u00edpravu. Program je opravdu bohat\u00fd, autorsk\u00e1 \u010dten\u00ed a&nbsp;debaty prob\u00edhaj\u00ed ve zb\u011bsil\u00e9m tempu od otev\u0159en\u00ed bran V\u00fdstavi\u0161t\u011b a&nbsp;polev\u00ed, a\u017e kdy\u017e are\u00e1l zahal\u00ed tma. K\u0159\u00ed\u017ekujte a&nbsp;zatrh\u00e1vejte v&nbsp;programu, jak je libo. Neznalost programu p\u0159eci neomlouv\u00e1. Nenechte se ale o\u0161idit o&nbsp;kni\u017en\u00ed p\u0159ekvapen\u00ed, kter\u00fdch zde m\u016f\u017eete naj\u00edt opravdu hodn\u011b. Ob\u010das usly\u0161\u00edte autora, kter\u00e9ho nezn\u00e1te, uvid\u00edte knihu, o&nbsp;jej\u00edm\u017e vyd\u00e1n\u00ed nem\u00e1te tu\u0161en\u00ed. Zaujme v\u00e1s t\u00e9ma a&nbsp;u\u017e je kniha va\u0161e. Takhle jsem p\u0159i posledn\u00edm ro\u010dn\u00edku festivalu objevila t\u0159eba vynikaj\u00edc\u00edho ma\u010farsk\u00e9ho spisovatele a&nbsp;b\u00e1sn\u00edka romsk\u00e9ho p\u016fvodu Tam\u00e1se J\u00f3n\u00e1se. A&nbsp;nezapome\u0148te \u2013 \u010dty\u0159i festivalov\u00e9 dny ute\u010dou jako voda,<br \/>\r\nale pro \u010dten\u00e1\u0159e nic nekon\u010d\u00ed, ba naopak. Teprve za\u010d\u00edn\u00e1.<\/p>\r\n<p><a href=\"https:\/\/www.praha7.cz\/svatek-knih\/attachment\/12\/\" rel=\"attachment wp-att-51048\"><img loading=\"lazy\" src=\"https:\/\/www.praha7.cz\/wp-content\/uploads\/2021\/09\/12-458x400.jpg\" alt=\"\" width=\"458\" height=\"400\" class=\"alignnone wp-image-51048 size-medium\" srcset=\"https:\/\/www.praha7.cz\/wp-content\/uploads\/2021\/09\/12-458x400.jpg 458w, https:\/\/www.praha7.cz\/wp-content\/uploads\/2021\/09\/12.jpg 685w\" sizes=\"(max-width: 458px) 100vw, 458px\" \/><\/a><\/p>\r\n<p><strong><span style=\"color: #ff0000;\">POLSK\u00c1 STOPA<\/span><\/strong><br \/>\r\n\u201ePolsko m\u011blo b\u00fdt \u010destn\u00fdm hostem veletrhu v&nbsp;covidov\u00e9m roce 2020 a&nbsp;i&nbsp;letos z\u016fst\u00e1v\u00e1 vedle francouzsk\u00e9ho programu ten polsk\u00fd v\u00fdjime\u010dn\u011b bohat\u00fd: jeho sou\u010d\u00e1st\u00ed bude koncert, dv\u011b v\u00fdstavy, \u0161est autorek a&nbsp;autor\u016f a&nbsp;samoz\u0159ejm\u011b tak\u00e9 polsk\u00e9 knihkupectv\u00ed na na\u0161em st\u00e1nku. Tradi\u010dn\u011b siln\u011b bude zastoupen\u00e1 non-fiction v&nbsp;\u010dele s&nbsp;report\u00e1\u017e\u00ed, ale upozorn\u00edme tak\u00e9 na fenom\u00e9n ilustrace pro d\u011bti \u2013 v&nbsp;sou\u010dasn\u00e9 dob\u011b se p\u0159eklady z&nbsp;polsk\u00e9 d\u011btsk\u00e9 literatury \u0159ad\u00ed mezi bestsellery. Na veletrhu se v&nbsp;premi\u00e9\u0159e p\u0159edstav\u00ed v\u00edt\u011bzn\u00e9 komiksov\u00e9 pr\u00e1ce mlad\u00fdch \u010desk\u00fdch grafik\u016f ze sout\u011b\u017ee, kterou Polsk\u00fd institut vyhl\u00e1sil u&nbsp;p\u0159\u00edle\u017eitosti 100.&nbsp;narozenin sv\u011btozn\u00e1m\u00e9ho autora sci-fi Stanis\u0142awa Lema. Pokud v\u00e1s zaj\u00edm\u00e1, co jedl Sadd\u00e1m Husajn nebo Fidel Castro, dorazte na diskuzi s&nbsp;report\u00e9rem Witoldem Szab\u0142owsk\u00fdm, kter\u00fd na veletrhu p\u0159edstav\u00ed knihu Jak nakrmit dikt\u00e1tora. R\u00e1d bych upozornil i&nbsp;na diskuzi Martyny Bundy a&nbsp;Karin Lednick\u00e9, autorek cen\u011bn\u00fdch historick\u00fdch rom\u00e1n\u016f z&nbsp;Ka\u0161ub a&nbsp;Slezska. Osobn\u011b se velmi t\u011b\u0161\u00edm na p\u0159\u00edjezd Jacka Fairweathera. Britsk\u00fd autor z\u00edskal presti\u017en\u00ed ocen\u011bn\u00ed Costa Award za svou knihu Dobrovoln\u00edk, biografii ,polsk\u00e9ho superhrdiny\u2018 Witolda Pileck\u00e9ho, kter\u00fd se dobrovoln\u011b nechal uv\u011bznit v&nbsp;koncentra\u010dn\u00edm t\u00e1bo\u0159e Auschwitz, aby o&nbsp;tov\u00e1rn\u011b na smrt podal prvn\u00ed zpr\u00e1vu. Rozhodn\u011b si ale nenechte uj\u00edt koncert kapely Ha\u0144ba, co\u017e je takov\u00fd punk st\u0159i\u017een\u00fd ska a&nbsp;klezmerem, s&nbsp;texty na motivy polsk\u00fdch b\u00e1sn\u00edk\u016f. Ha\u0144ba u\u017e hr\u00e1la v&nbsp;La Fabrice nebo na Colours of Ostrava a&nbsp;sobotn\u00ed koncert na Gau\u010di na V\u00fdstavi\u0161ti je v\u00fdborn\u00e1 p\u0159\u00edle\u017eitost, jak si u\u017e\u00edt festivalovou n\u00e1ladu pod \u0161ir\u00fdm nebem na konci leto\u0161n\u00ed sezony,\u201c zve na polsk\u00fd program veletrhu Sv\u011bt knihy \u0159editel Polsk\u00e9ho institutu v&nbsp;Praze Maciej Ruczaj.<\/p>\r\n<hr \/>\r\n<p><strong><span style=\"color: #333399;\">VSTUPN\u00c9 A&nbsp;REZERVACE NA SV\u011aT KNIHY<\/span><\/strong><br \/>\r\n140&nbsp;K\u010d jednodenn\u00ed pln\u00e9 vstupn\u00e9<br \/>\r\n70&nbsp;K\u010d jednodenn\u00ed zlevn\u011bn\u00e9 (d\u011bti 6\u201318 let, dr\u017eitel\u00e9 pr\u016fkaz\u016f ZTP, studenti a&nbsp;d\u016fchodci od 65 let)<br \/>\r\n300&nbsp;K\u010d vstupenka na 4 dny<br \/>\r\n30&nbsp;K\u010d \u0161koln\u00ed skupiny na \u017e\u00e1ka na den <br \/>\r\nzdarma d\u011bti do 6 let, dr\u017eitel\u00e9 pr\u016fkaz\u016f ZTP\/P s&nbsp;doprovodem (1 osoba)<br \/>\r\n<br \/>\r\nNa v\u011bt\u0161inu po\u0159ad\u016f, kter\u00e9 se konaj\u00ed v&nbsp;s\u00e1lech, si m\u016f\u017eete rezervovat m\u00edsto, a&nbsp;to prost\u0159ednictv\u00edm webov\u00fdch str\u00e1nek v&nbsp;sekci program. Na po\u0159ady, kter\u00e9 se odehr\u00e1vaj\u00ed na st\u00e1nc\u00edch vystavovatel\u016f, jako jsou nap\u0159\u00edklad autogrami\u00e1dy, m\u00edsta rezervovat nelze. Rezervace jsou zdarma, vstupn\u00e9 na po\u0159ady je sou\u010d\u00e1st\u00ed vstupenky na veletrh.<br \/>\r\n\u2192 <a href=\"http:\/\/www.svetknihy.cz\">www.svetknihy.cz<\/a><\/p>\r\n<hr \/>\r\n<p><strong><span style=\"color: #008000;\">CO NA FESTIVALU NEMINOUT<\/span><\/strong><br \/>\r\n<strong>Aura Milana Kundery<\/strong><br \/>\r\nMimo\u0159\u00e1dn\u00e1 pozornost bude v\u011bnov\u00e1na Milanu Kunderovi, kter\u00fd se narodil v&nbsp;Brn\u011b, ale ji\u017e n\u011bkolik desetilet\u00ed \u017eije ve Francii. Kundera, kter\u00fd p\u00ed\u0161e sv\u00e1 d\u00edla u\u017e pouze francouzsky, od 90.&nbsp;let minul\u00e9ho stolet\u00ed \u010desk\u00e9 p\u0159eklady sv\u00fdch d\u011bl nepovoloval. V\u00fdjimkou se stal jeho zat\u00edm posledn\u00ed rom\u00e1n Slavnost bezv\u00fdznamnosti, kter\u00fd v&nbsp;minul\u00e9m roce vy\u0161el v&nbsp;p\u0159ekladu Anny Kareninov\u00e9. Jeho d\u00edlo bude v&nbsp;programu nahl\u00e9dnuto jak v&nbsp;liter\u00e1rn\u00edm, tak filozofick\u00e9m i&nbsp;politick\u00e9m kontextu. O&nbsp;Kunderovi p\u0159ijede do Prahy pohovo\u0159it v\u00fdzna\u010dn\u00fd nakladatel Antoine Gallimard, kter\u00fd se se spisovatelem sezn\u00e1mil nedlouho po jeho p\u0159\u00edjezdu do Pa\u0159\u00ed\u017ee v&nbsp;70.&nbsp;letech. Osobn\u00ed p\u0159\u00e1telstv\u00ed ke Kunderovi v\u00e1\u017ee tak\u00e9 dal\u0161\u00edho leto\u0161n\u00edho hosta \u2013 Beno\u00eeta Duteurtrea, kter\u00fd pouk\u00e1\u017ee na propojen\u00ed Kunderovy liter\u00e1rn\u00ed tvorby s&nbsp;hudbou. Do \u010de\u0161tiny bylo p\u0159elo\u017eeno ji\u017e osm Duteurtreov\u00fdch knih. V\u00fdjime\u010dn\u00e9 setk\u00e1n\u00ed slibuje debata s&nbsp;Jeanem-Dominiquem Brierrem, autorem biografie Milan Kundera \u2013 \u017eivot spisovatele. Dojde i&nbsp;na \u010dten\u00ed z&nbsp;Kunderova d\u00edla, jak v&nbsp;\u010de\u0161tin\u011b, tak i&nbsp;ve francouz\u0161tin\u011b.<br \/>\r\n<strong><br \/>\r\nZ&nbsp;o\u010d\u00ed do o\u010d\u00ed<\/strong><br \/>\r\nS&nbsp;\u010desk\u00fdm prost\u0159ed\u00edm je propojena Lenka Hor\u0148\u00e1kov\u00e1-Civade, p\u016fvodem \u010ce\u0161ka, kter\u00e1 \u017eije a&nbsp;p\u00ed\u0161e ve Francii. V&nbsp;liter\u00e1rn\u00edm po\u0159adu uvede sv\u016fj posledn\u00ed rom\u00e1n Symfonie o&nbsp;nov\u00e9m sv\u011bt\u011b, v&nbsp;n\u011bm\u017e \u010d\u00e1ste\u010dn\u011b vych\u00e1z\u00ed z&nbsp;osud\u016f b\u00fdval\u00e9 \u010deskoslovensk\u00e9ho konzula v&nbsp;Marseille Vladim\u00edra Vocho\u010de. Do minulosti m\u00ed\u0159\u00ed i&nbsp;Victoria Mas prvotinou B\u00e1l \u0161\u00edlen\u00fdch \u017een, odehr\u00e1vaj\u00edc\u00ed se na konci 19.&nbsp;stolet\u00ed v&nbsp;hospit\u00e1lu Salp\u00eatri\u00e8re. Osobn\u011b \u010desk\u00fdm \u010dten\u00e1\u0159\u016fm p\u0159estav\u00ed p\u0159ekladovou novinku sv\u00e9ho titulu rovn\u011b\u017e Muriel Barberyov\u00e1. Po bestselleru S&nbsp;eleganc\u00ed je\u017eka p\u0159iv\u00e1\u017e\u00ed rom\u00e1n R\u016f\u017ee sama, k&nbsp;n\u011bmu\u017e ji inspiroval dvoulet\u00fd pobyt v&nbsp;Japonsku.<\/p>\r\n<hr \/>\r\n<p><strong><span style=\"color: #ff00ff;\">KNI\u017dN\u00cd SV\u011aT V&nbsp;ROCE 2019 V&nbsp;\u010c\u00cdSLECH<\/span><\/strong><br \/>\r\n15&nbsp;100 titul\u016f \u2013 odhad vydan\u00fdch titul\u016f<br \/>\r\n39&nbsp;% p\u0159elo\u017een\u00fdch knih ze v\u0161ech titul\u016f, z&nbsp;toho 56&nbsp;%<br \/>\r\nz&nbsp;angli\u010dtiny<br \/>\r\n16&nbsp;% d\u011btsk\u00fdch titul\u016f<br \/>\r\n6&nbsp;% u\u010debnice pro z\u00e1kladn\u00ed a&nbsp;st\u0159edn\u00ed \u0161koly,<br \/>\r\nvysoko\u0161kolsk\u00e9 u\u010debnice a&nbsp;skripta<br \/>\r\n7414 registrovan\u00fdch nakladatel\u016f<br \/>\r\n2087 aktivn\u00edch nakladatel\u016f<br \/>\r\n<br \/>\r\n<strong>KNIHOVNY<\/strong><br \/>\r\n5307 knihoven<br \/>\r\n1&nbsp;376&nbsp;000 registrovan\u00fdch \u010dten\u00e1\u0159\u016f<br \/>\r\n51&nbsp;201&nbsp;000 v\u00fdp\u016fj\u010dek ro\u010dn\u011b<br \/>\r\n<br \/>\r\n<strong>SV\u011aT KNIHY PRAHA 2019<\/strong><br \/>\r\n461 vystavovatel\u016f<br \/>\r\n214 st\u00e1nk\u016f<br \/>\r\n3790 m2 zabran\u00e9 plochy<br \/>\r\n51&nbsp;000 n\u00e1v\u0161t\u011bvn\u00edk\u016f \u2013 podle pr\u016fzkumu Sv\u011bta knihy<br \/>\r\nzde 62&nbsp;% n\u00e1v\u0161t\u011bvn\u00edk\u016f hled\u00e1 knihy ke koupi, 41&nbsp;%<br \/>\r\natmosf\u00e9ru, 35&nbsp;% debaty a&nbsp;diskuze s&nbsp;osobnostmi,<br \/>\r\n22&nbsp;% autogrami\u00e1dy, 20&nbsp;% setk\u00e1n\u00ed s&nbsp;autory, kter\u00e9 d\u0159\u00edve<br \/>\r\nneznali, a&nbsp;19&nbsp;% setk\u00e1n\u00ed s&nbsp;p\u0159\u00e1teli<br \/>\r\n<br \/>\r\n<strong>LITER\u00c1RN\u00cd FESTIVAL 2019<\/strong><br \/>\r\n769 po\u010det \u00fa\u010dinkuj\u00edc\u00edch z&nbsp;32 zem\u00ed a&nbsp;region\u016f<br \/>\r\n685 program\u016f<br \/>\r\n17 v\u00fdstav<\/p>\r\n<hr \/>\r\n<p><span style=\"color: #008080;\"><strong>FESTIVALY MAL\u00ddCH NAKLADATEL\u016e<\/strong><\/span><br \/>\r\nD\u016fle\u017eit\u00fdmi kni\u017en\u00edmi sv\u00e1tky jsou v\u0161ak i&nbsp;akce, kter\u00e9 neeviduj\u00ed desetitis\u00edce n\u00e1v\u0161t\u011bvn\u00edk\u016f. Pat\u0159\u00ed k&nbsp;nim nap\u0159\u00edklad festivaly mal\u00fdch nakladatel\u016f, jako je t\u00e1borsk\u00fd <a href=\"https:\/\/www.tabook.cz\/\">Tabook<\/a>, olomouck\u00fd <a href=\"http:\/\/litrolomouc.cz\/\">Litr<\/a> \u010di pra\u017esk\u00fd <a href=\"http:\/\/www.knihex.cz\">Knihex<\/a>, kter\u00fd m\u011bl na Sedmi\u010dce mnoho let svoji z\u00e1kladnu. P\u0159es zimu jste jej mohli nal\u00e9zt ve Studiu Alta a&nbsp;v&nbsp;teplej\u0161\u00edch m\u011bs\u00edc\u00edch na ostrov\u011b \u0160tvanice. Po odchodu Alty ze Sedmi\u010dky se festival p\u0159esunul do Kas\u00e1ren Karl\u00edn, kde tak\u00e9 v&nbsp;z\u00e1\u0159\u00ed prob\u011bhne jeho letn\u00ed verze, av\u0161ak zimn\u00ed Knihex 11\u00bd prob\u011bhne u\u017e zase v&nbsp;na\u0161ich kon\u010din\u00e1ch, a&nbsp;to 18.&nbsp;a&nbsp;19.&nbsp;prosince v&nbsp;Pra\u017esk\u00e9 tr\u017enici.<\/p>\r\n<hr \/>\r\n<p><strong><span style=\"color: #ff6600;\">KNI\u017dN\u00cd KAMPAN\u011a A&nbsp;PROJEKTY<\/span><\/strong><br \/>\r\n<strong>\u010cten\u00ed pom\u00e1h\u00e1<\/strong> \u2013 projekt pom\u00e1h\u00e1 rozd\u011blit ka\u017ed\u00fd rok miliony korun na dobro\u010dinn\u00e9 \u00fa\u010dely. O&nbsp;tom, kdo pomoc obdr\u017e\u00ed, rozhoduj\u00ed d\u011bt\u0161t\u00ed \u010dten\u00e1\u0159i. Ka\u017ed\u00e9 d\u00edt\u011b, kter\u00e9 se do projektu zapoj\u00ed, z\u00edsk\u00e1 po p\u0159e\u010dten\u00ed n\u011bkter\u00e9 ze seznamu vybran\u00fdch knih kredit 50 K\u010d, je\u017e m\u016f\u017ee v\u011bnovat na jeden z&nbsp;nominovan\u00fdch dobro\u010dinn\u00fdch projekt\u016f.<br \/>\r\n\u2192 <a href=\"http:\/\/www.ctenipomaha.cz\">www.ctenipomaha.cz<\/a><br \/>\r\n<br \/>\r\n<strong>Den nep\u0159e\u010dten\u00fdch knih<\/strong> \u2013 kampa\u0148 knihkupectv\u00ed Martinus.cz tvrd\u00ed, \u017ee b\u011b\u017en\u00fd \u010cech m\u00e1 ve sv\u00e9 knihovn\u011b 30 nep\u0159e\u010dten\u00fdch knih, a&nbsp;vyz\u00fdv\u00e1 k&nbsp;p\u0159e\u010dten\u00ed alespo\u0148 jedn\u00e9 z&nbsp;nich. Nab\u00edz\u00ed \u010dten\u00e1\u0159sk\u00e9 tipy, jak\u00a0 \u010d\u00edst, a&nbsp;rad\u00ed ud\u011blat si sv\u016fj Den nep\u0159e\u010dten\u00fdch knih ka\u017ed\u00fd den.<br \/>\r\n\u2192 <a href=\"http:\/\/www.denneprectenychknih.cz\">www.denneprectenychknih.cz<\/a><br \/>\r\n<br \/>\r\n<strong>HumbookFest<\/strong> \u2013 spole\u010dnost Albatros Media po\u0159\u00e1d\u00e1 festival young adult literatury HumbookFest. V&nbsp;roce 2017 p\u0159il\u00e1kal u\u017e p\u0159es tis\u00edcovku mlad\u00fdch \u010dten\u00e1\u0159\u016f. Ambic\u00ed p\u016fvodn\u011b jednodenn\u00edho kni\u017en\u00edho festivalu je b\u00fdt p\u0159edev\u0161\u00edm komunitou, kter\u00e1 se zaj\u00edm\u00e1 o&nbsp;knihy, \u010dte si spolu a&nbsp;diskutuje.<br \/>\r\n\u2192 <a href=\"http:\/\/www.humbook.cz\">www.humbook.cz<\/a><br \/>\r\n<br \/>\r\n<strong>Kniha ti slu\u0161\u00ed<\/strong> \u2013 kampa\u0148 Svazu \u010desk\u00fdch knihkupc\u016f a&nbsp;nakladatel\u016f, jej\u00edm\u017e c\u00edlem je oslavit Sv\u011btov\u00fd den knihy a&nbsp;autorsk\u00fdch pr\u00e1v. V&nbsp;knihkupectv\u00edch, knihovn\u00e1ch a&nbsp;\u0161kol\u00e1ch se v&nbsp;t\u00fddnu p\u0159ed 23.&nbsp;dubnem konaj\u00ed autorsk\u00e1 \u010dten\u00ed a&nbsp;\u010dten\u00e1\u0159i dost\u00e1vaj\u00ed d\u00e1rky.<br \/>\r\n\u2192 <a href=\"http:\/\/www.knihatislusi.cz\">www.knihatislusi.cz<\/a><br \/>\r\n<br \/>\r\n<strong>Listov\u00e1n\u00ed<\/strong> \u2013 projekt sc\u00e9nick\u00e9ho \u010dten\u00ed s&nbsp;n\u00e1zvem Listov\u00e1n\u00ed pravideln\u011b p\u0159edstavuje nov\u00e9 kni\u017en\u00ed tituly po cel\u00e9 republice. V&nbsp;putovn\u00edch \u201edivadeln\u00edch\u201c p\u0159edstaven\u00edch se sna\u017e\u00ed div\u00e1k\u016fm nab\u00eddnout knihu netradi\u010dn\u00edm zp\u016fsobem. Projekt se rozrostl i&nbsp;o&nbsp;Listov\u00e1n\u00ed do \u0161kol.<br \/>\r\n\u2192 <a href=\"http:\/\/www.listovani.cz\">www.listovani.cz<\/a><br \/>\r\n<br \/>\r\n<strong>Velk\u00fd kni\u017en\u00ed \u010dtvrtek<\/strong> \u2013 b\u011bhem kampan\u011b firmy Kosmas v&nbsp;\u0159\u00edjnu a&nbsp;v&nbsp;b\u0159eznu b\u00fdv\u00e1 v&nbsp;knihkupectv\u00edch i&nbsp;mimo n\u011b propagov\u00e1no v\u017edy 16 vybran\u00fdch kvalitn\u00edch titul\u016f z&nbsp;r\u016fzn\u00fdch vydavatelstv\u00ed, kter\u00e9 se ocitnou na pultech b\u011bhem jednoho \u010dtvrtka.<br \/>\r\n\u2192 <a href=\"http:\/\/www.velkyctvrtek.cz\">www.velkyctvrtek.cz<\/a><\/p>\r\n<hr \/>\r\n<p><img loading=\"lazy\" src=\"https:\/\/www.praha7.cz\/wp-content\/uploads\/2021\/09\/10-713x1000.jpg\" alt=\"\" width=\"640\" height=\"898\" class=\"alignnone wp-image-51045 size-large\" srcset=\"https:\/\/www.praha7.cz\/wp-content\/uploads\/2021\/09\/10-713x1000.jpg 713w, https:\/\/www.praha7.cz\/wp-content\/uploads\/2021\/09\/10-285x400.jpg 285w, https:\/\/www.praha7.cz\/wp-content\/uploads\/2021\/09\/10-768x1077.jpg 768w\" sizes=\"(max-width: 640px) 100vw, 640px\" \/><\/p>","protected":false},"excerpt":{"rendered":"[perex] Ka\u017ed\u00fd obyvatel \u010cesk\u00e9 republiky za rok p\u0159e\u010dte 12,6 knihy a&nbsp;denn\u011b jim v\u011bnuje 31 minut. V&nbsp;na\u0161ich dom\u00e1c\u00edch knihovn\u00e1ch pak najdeme v&nbsp;pr\u016fm\u011bru 253 knih. Tak\u00e9 s&nbsp;po\u010dtem v\u00edce ne\u017e p\u011bti tis\u00edc ve\u0159ejn\u00fdch knihoven se \u0159ad\u00edme na sv\u011btov\u00e9 prvenstv\u00ed, a&nbsp;proto by se dalo \u0159\u00edct, \u017ee jsme opravdu n\u00e1rodem \u010dten\u00e1\u0159\u016f a&nbsp;Praha&nbsp;7 zase m\u00edstem, kde se na V\u00fdstavi\u0161ti u\u017e d\u00e9le [&hellip;]","protected":false},"author":76,"featured_media":51272,"comment_status":"closed","ping_status":"open","sticky":false,"template":"","format":"standard","meta":[],"categories":[37],"tags":[],"_links":{"self":[{"href":"https:\/\/www.praha7.cz\/api\/wp\/v2\/posts\/50709"}],"collection":[{"href":"https:\/\/www.praha7.cz\/api\/wp\/v2\/posts"}],"about":[{"href":"https:\/\/www.praha7.cz\/api\/wp\/v2\/types\/post"}],"author":[{"embeddable":true,"href":"https:\/\/www.praha7.cz\/api\/wp\/v2\/users\/76"}],"replies":[{"embeddable":true,"href":"https:\/\/www.praha7.cz\/api\/wp\/v2\/comments?post=50709"}],"version-history":[{"count":7,"href":"https:\/\/www.praha7.cz\/api\/wp\/v2\/posts\/50709\/revisions"}],"predecessor-version":[{"id":51274,"href":"https:\/\/www.praha7.cz\/api\/wp\/v2\/posts\/50709\/revisions\/51274"}],"wp:featuredmedia":[{"embeddable":true,"href":"https:\/\/www.praha7.cz\/api\/wp\/v2\/media\/51272"}],"wp:attachment":[{"href":"https:\/\/www.praha7.cz\/api\/wp\/v2\/media?parent=50709"}],"wp:term":[{"taxonomy":"category","embeddable":true,"href":"https:\/\/www.praha7.cz\/api\/wp\/v2\/categories?post=50709"},{"taxonomy":"post_tag","embeddable":true,"href":"https:\/\/www.praha7.cz\/api\/wp\/v2\/tags?post=50709"}],"curies":[{"name":"wp","href":"https:\/\/api.w.org\/{rel}","templated":true}]}}