    
{"id":50660,"date":"2021-08-20T15:22:50","date_gmt":"2021-08-20T13:22:50","guid":{"rendered":"https:\/\/www.praha7.cz\/?p=50660"},"modified":"2021-08-31T15:23:34","modified_gmt":"2021-08-31T13:23:34","slug":"festival-struny-detem-zve-na-cestu-ke-korenum-jazzu","status":"publish","type":"post","link":"https:\/\/www.praha7.cz\/festival-struny-detem-zve-na-cestu-ke-korenum-jazzu\/","title":{"rendered":"Festival Struny d\u011btem zve na cestu ke ko\u0159en\u016fm jazzu"},"content":{"rendered":"<p>[perex]<\/p>\r\n<p>Rodinn\u00fd festival <a href=\"https:\/\/strunydetem.cz\/index.php\/program\/pocta-duke-elingtonovi\/\" target=\"_blank\" rel=\"noopener\">Struny d\u011btem<\/a> zahraje na jazzovou notu. Na 18.&nbsp;z\u00e1\u0159\u00ed zve d\u011bti i&nbsp;rodi\u010de do pra\u017esk\u00e9ho DOXu, kde spole\u010dn\u011b s&nbsp;jazzov\u00fdm big bandem JAZZ DOCK ORCHESTRA slo\u017een\u00fdm z&nbsp;p\u0159edn\u00edch jazzov\u00fdch hr\u00e1\u010d\u016f vzdaj\u00ed hold ikon\u011b americk\u00e9 hudby 20.&nbsp;stolet\u00ed Duke Ellingtonovi. Koncert bude nejen dobrodru\u017enou v\u00fdpravou k\u00a0jazzov\u00fdm ko\u0159en\u016fm, ale odhal\u00ed mnoh\u00e9 souvislosti popul\u00e1rn\u00ed hudby a&nbsp;p\u0159ipomene atmosf\u00e9ru Mekky jazzu New Yorku 50.&nbsp;let minul\u00e9ho stolet\u00ed. A&nbsp;to vst\u0159\u00edcnou formou pro rodinn\u00e9 publikum.\u00a0<\/p>\r\n<p>[\/perex]<\/p>\r\n<p>Festival Struny d\u011btem se letos s\u00a0ohledem na zru\u0161en\u00fd jarn\u00ed ro\u010dn\u00edk letos podruh\u00e9 vyd\u00e1v\u00e1 mimo domovskou sc\u00e9nu divadla Minor a&nbsp;p\u0159in\u00e1\u0161\u00ed dal\u0161\u00ed netradi\u010dn\u00ed program p\u0159ipraven\u00fd na m\u00edru rodinn\u00e9mu publiku. Koncert Pocta Duke Ellingtonovi bude uveden ve dvou \u010dasech: od 16:00 a&nbsp;18:00. N\u00e1v\u0161t\u011bvn\u00edci se mohou t\u011b\u0161it i&nbsp;na dal\u0161\u00ed doprovodn\u00fd program.\u00a0<\/p>\r\n<p>Duke Ellington (1899-1974) je pova\u017eov\u00e1n za jednu z\u00a0nejv\u00fdznamn\u011bj\u0161\u00edch hudebn\u00edch osobnost\u00ed. Z\u00edskal dvan\u00e1ct cen Grammy v\u010detn\u011b t\u00e9 za celo\u017eivotn\u00ed d\u00edlo, byla mu ud\u011blena prezidentsk\u00e9 medaile svobody \u010di zvl\u00e1\u0161tn\u00ed Pulitzerova cena. Jeho portr\u00e9t zdob\u00ed i&nbsp;\u010dtvrtdolarov\u00e9 mince vydan\u00e9 p\u0159ed 12 lety st\u00e1tem Columbia. Ellington r\u00e1d p\u0159ekra\u010doval hudebn\u00ed \u017e\u00e1nry a&nbsp;je autorem na 2000 skladeb. Ze sv\u00e9ho orchestru dok\u00e1zal vybudovat jeden z\u00a0nejzn\u00e1m\u011bj\u0161\u00edch jazzov\u00fdch soubor\u016f, kter\u00fdm pro\u0161la cel\u00fd \u0159ada v\u00fdznamn\u00fdch hudebn\u00edk\u016f. Nahr\u00e1val pro p\u0159edn\u00ed hudebn\u00ed vydavatelstv\u00ed a&nbsp;zejm\u00e9na v&nbsp;meziv\u00e1le\u010dn\u00e9m obdob\u00ed spolupracoval v\u00a0podstat\u011b s&nbsp;ka\u017ed\u00fdm, kdo v&nbsp;americk\u00e9m jazzu n\u011bco znamenal.<\/p>","protected":false},"excerpt":{"rendered":"[perex] Rodinn\u00fd festival Struny d\u011btem zahraje na jazzovou notu. Na 18.&nbsp;z\u00e1\u0159\u00ed zve d\u011bti i&nbsp;rodi\u010de do pra\u017esk\u00e9ho DOXu, kde spole\u010dn\u011b s&nbsp;jazzov\u00fdm big bandem JAZZ DOCK ORCHESTRA slo\u017een\u00fdm z&nbsp;p\u0159edn\u00edch jazzov\u00fdch hr\u00e1\u010d\u016f vzdaj\u00ed hold ikon\u011b americk\u00e9 hudby 20.&nbsp;stolet\u00ed Duke Ellingtonovi. Koncert bude nejen dobrodru\u017enou v\u00fdpravou k\u00a0jazzov\u00fdm ko\u0159en\u016fm, ale odhal\u00ed mnoh\u00e9 souvislosti popul\u00e1rn\u00ed hudby a&nbsp;p\u0159ipomene atmosf\u00e9ru Mekky jazzu New [&hellip;]","protected":false},"author":97,"featured_media":50661,"comment_status":"closed","ping_status":"open","sticky":false,"template":"","format":"standard","meta":[],"categories":[34],"tags":[],"_links":{"self":[{"href":"https:\/\/www.praha7.cz\/api\/wp\/v2\/posts\/50660"}],"collection":[{"href":"https:\/\/www.praha7.cz\/api\/wp\/v2\/posts"}],"about":[{"href":"https:\/\/www.praha7.cz\/api\/wp\/v2\/types\/post"}],"author":[{"embeddable":true,"href":"https:\/\/www.praha7.cz\/api\/wp\/v2\/users\/97"}],"replies":[{"embeddable":true,"href":"https:\/\/www.praha7.cz\/api\/wp\/v2\/comments?post=50660"}],"version-history":[{"count":1,"href":"https:\/\/www.praha7.cz\/api\/wp\/v2\/posts\/50660\/revisions"}],"predecessor-version":[{"id":50662,"href":"https:\/\/www.praha7.cz\/api\/wp\/v2\/posts\/50660\/revisions\/50662"}],"wp:featuredmedia":[{"embeddable":true,"href":"https:\/\/www.praha7.cz\/api\/wp\/v2\/media\/50661"}],"wp:attachment":[{"href":"https:\/\/www.praha7.cz\/api\/wp\/v2\/media?parent=50660"}],"wp:term":[{"taxonomy":"category","embeddable":true,"href":"https:\/\/www.praha7.cz\/api\/wp\/v2\/categories?post=50660"},{"taxonomy":"post_tag","embeddable":true,"href":"https:\/\/www.praha7.cz\/api\/wp\/v2\/tags?post=50660"}],"curies":[{"name":"wp","href":"https:\/\/api.w.org\/{rel}","templated":true}]}}