    
{"id":50412,"date":"2021-08-22T20:18:57","date_gmt":"2021-08-22T18:18:57","guid":{"rendered":"https:\/\/www.praha7.cz\/?p=50412"},"modified":"2021-08-23T17:37:11","modified_gmt":"2021-08-23T15:37:11","slug":"vyluka-tramvaji-strossmayerovo-namesti-hradcanska","status":"publish","type":"post","link":"https:\/\/www.praha7.cz\/vyluka-tramvaji-strossmayerovo-namesti-hradcanska\/","title":{"rendered":"Provoz tramvaj\u00ed v&nbsp;\u00faseku Strossmayerovo n\u00e1m\u011bst\u00ed &#8211; Hrad\u010dansk\u00e1 obnoven"},"content":{"rendered":"<p>[perex]<\/p>\r\n<p>Aktualizace:\u00a0<strong>23.&nbsp;8.&nbsp;16:15 tramvajov\u00fd provoz byl obnoven<\/strong>.<\/p>\r\n<p>Aktualizace: od 22.&nbsp;8.&nbsp;20:30 plat\u00ed v\u00fdluka pouze ve sm\u011bru\u00a0Strossmayerovo n\u00e1m\u011bst\u00ed\u00a0\u2013 Letensk\u00e9 n\u00e1m\u011bst\u00ed \u2013 Hrad\u010dansk\u00e1.\u00a0<\/p>\r\n<p>Z\u00a0d\u016fvodu hav\u00e1rie vodovodn\u00edho \u0159adu v\u00a0ulici Milady Hor\u00e1kov\u00e9 je od ned\u011ble 22.&nbsp;8.&nbsp;2021&nbsp;16 hod. obousm\u011brn\u011b p\u0159eru\u0161en tramvajov\u00fd provoz na trase Strossmayerovo n\u00e1m\u011bst\u00ed \u2013 Letensk\u00e9 n\u00e1m\u011bst\u00ed \u2013 Hrad\u010dansk\u00e1. V&nbsp;dan\u00e9m \u00faseku je zavedena n\u00e1hradn\u00ed autobusov\u00e1 doprava X1. Podrobnosti na <a href=\"https:\/\/www.dpp.cz\/omezeni-a-mimoradne-udalosti\/detail\/10246\" target=\"_blank\" rel=\"noopener\">dpp.cz<\/a>.<\/p>\r\n<p>[\/perex]<\/p>\r\n<p><strong>Obj\u00edzdn\u00e9 trasy jednotliv\u00fdch linek:<\/strong><\/p>\r\n<p><strong>1<\/strong> a&nbsp;<strong>25:<\/strong> Strossmayerovo n\u00e1m\u011bst\u00ed\u00a0\u2013 \u010cech\u016fv most \u2013\u00a0Malostransk\u00e1 (n\u00e1b\u0159. E. Bene\u0161e) \u2013 Chotkovy sady \u2013\u00a0Hrad\u010dansk\u00e1<\/p>\r\n<p><strong>12:<\/strong>\u00a0Strossmayerovo n\u00e1m\u011bst\u00ed\u00a0\u2013 \u010cech\u016fv most \u2013\u00a0Malostransk\u00e1 (n\u00e1b\u0159. E. Bene\u0161e) \u2013\u00a0Malostransk\u00e1<\/p>\r\n<p><strong>8<\/strong>, <strong>26<\/strong>, <strong>91<\/strong> a&nbsp;<strong>96:\u00a0<\/strong>Dlouh\u00e1 t\u0159\u00edda\u00a0\u2013 \u010cech\u016fv most \u2013\u00a0Malostransk\u00e1 (n\u00e1b\u0159. E. Bene\u0161e) \u2013 Chotkovy sady \u2013\u00a0Hrad\u010dansk\u00e1<\/p>\r\n<p><span style=\"text-decoration: underline;\">Ve sm\u011bru\u00a0Hrad\u010dansk\u00e1 \u2013 Letensk\u00e9 n\u00e1m\u011bst\u00ed \u2013 Strossmayerovo n\u00e1m\u011bst\u00ed\u00a0jsou vedeny tramvajov\u00e9 linky po sv\u00fdch tras\u00e1ch.<\/span><\/p>\r\n<p>V\u00a0NO\u010cN\u00cdM provozu je mo\u017en\u00e9 nav\u00edc vyu\u017e\u00edt autobusy 907,909, X91, kter\u00e9 v\u00a0\u00faseku Strossmayerovo n\u00e1m\u011bst\u00ed \u2013 Letensk\u00e9 n\u00e1m\u011bst\u00ed zastavuj\u00ed v\u00a0zast\u00e1vk\u00e1ch tramvaje.<\/p>","protected":false},"excerpt":{"rendered":"[perex] Aktualizace:\u00a023.&nbsp;8.&nbsp;16:15 tramvajov\u00fd provoz byl obnoven. Aktualizace: od 22.&nbsp;8.&nbsp;20:30 plat\u00ed v\u00fdluka pouze ve sm\u011bru\u00a0Strossmayerovo n\u00e1m\u011bst\u00ed\u00a0\u2013 Letensk\u00e9 n\u00e1m\u011bst\u00ed \u2013 Hrad\u010dansk\u00e1.\u00a0 Z\u00a0d\u016fvodu hav\u00e1rie vodovodn\u00edho \u0159adu v\u00a0ulici Milady Hor\u00e1kov\u00e9 je od ned\u011ble 22.&nbsp;8.&nbsp;2021&nbsp;16 hod. obousm\u011brn\u011b p\u0159eru\u0161en tramvajov\u00fd provoz na trase Strossmayerovo n\u00e1m\u011bst\u00ed \u2013 Letensk\u00e9 n\u00e1m\u011bst\u00ed \u2013 Hrad\u010dansk\u00e1. V&nbsp;dan\u00e9m \u00faseku je zavedena n\u00e1hradn\u00ed autobusov\u00e1 doprava X1. Podrobnosti na dpp.cz. [&hellip;]","protected":false},"author":97,"featured_media":29610,"comment_status":"closed","ping_status":"open","sticky":false,"template":"","format":"standard","meta":[],"categories":[34],"tags":[],"_links":{"self":[{"href":"https:\/\/www.praha7.cz\/api\/wp\/v2\/posts\/50412"}],"collection":[{"href":"https:\/\/www.praha7.cz\/api\/wp\/v2\/posts"}],"about":[{"href":"https:\/\/www.praha7.cz\/api\/wp\/v2\/types\/post"}],"author":[{"embeddable":true,"href":"https:\/\/www.praha7.cz\/api\/wp\/v2\/users\/97"}],"replies":[{"embeddable":true,"href":"https:\/\/www.praha7.cz\/api\/wp\/v2\/comments?post=50412"}],"version-history":[{"count":16,"href":"https:\/\/www.praha7.cz\/api\/wp\/v2\/posts\/50412\/revisions"}],"predecessor-version":[{"id":50457,"href":"https:\/\/www.praha7.cz\/api\/wp\/v2\/posts\/50412\/revisions\/50457"}],"wp:featuredmedia":[{"embeddable":true,"href":"https:\/\/www.praha7.cz\/api\/wp\/v2\/media\/29610"}],"wp:attachment":[{"href":"https:\/\/www.praha7.cz\/api\/wp\/v2\/media?parent=50412"}],"wp:term":[{"taxonomy":"category","embeddable":true,"href":"https:\/\/www.praha7.cz\/api\/wp\/v2\/categories?post=50412"},{"taxonomy":"post_tag","embeddable":true,"href":"https:\/\/www.praha7.cz\/api\/wp\/v2\/tags?post=50412"}],"curies":[{"name":"wp","href":"https:\/\/api.w.org\/{rel}","templated":true}]}}