    
{"id":50405,"date":"2021-08-20T12:31:00","date_gmt":"2021-08-20T10:31:00","guid":{"rendered":"https:\/\/www.praha7.cz\/?p=50405"},"modified":"2021-10-12T13:39:26","modified_gmt":"2021-10-12T11:39:26","slug":"od-2-zari-bude-poliklinika-prahy-7-ockovat-bez-nutnosti-rezervace","status":"publish","type":"post","link":"https:\/\/www.praha7.cz\/od-2-zari-bude-poliklinika-prahy-7-ockovat-bez-nutnosti-rezervace\/","title":{"rendered":"Poliklinika Prahy&nbsp;7 o\u010dkuje bez nutnosti rezervace"},"content":{"rendered":"<p>[perex]<\/p>\r\n<p>Ve zdravotnick\u00e9m za\u0159\u00edzen\u00ed sedm\u00e9 m\u011bstsk\u00e9 \u010d\u00e1sti Poliklinice Prahy&nbsp;7 vzniklo v\u00a0kv\u011btnu tohoto roku o\u010dkovac\u00ed centrum proti Covidu-19. Z\u00e1jemci o&nbsp;vakcinaci se do n\u011bj mohou hl\u00e1sit p\u0159es <a href=\"https:\/\/www.ceskoockuje.cz\/\">centr\u00e1ln\u00ed rezerva\u010dn\u00ed syst\u00e9m<\/a>. Od 2.&nbsp;z\u00e1\u0159\u00ed 2021 chyst\u00e1 poliklinika ve spolupr\u00e1ci s&nbsp;M\u010c Praha&nbsp;7 novinku. Lid\u00e9 se budou moci p\u0159ij\u00edt nechat nao\u010dkovat i&nbsp;bez p\u0159edchoz\u00ed rezervace. O\u010dkov\u00e1n\u00ed bude prob\u00edhat ka\u017ed\u00fd \u010dtvrtek od 17:00 do 20:00 hodin v\u00a0p\u0159\u00edzem\u00ed polikliniky.<\/p>\r\n<p><strong>Od 20.\u00a09.\u00a02021 je spou\u0161t\u011bna mo\u017enost registrace k\u00a03.\u00a0d\u00e1vce o\u010dkov\u00e1n\u00ed proti COVID-19. V\u00edce informac\u00ed <a href=\"https:\/\/www.praha7.cz\/3-davka-ockovani-proti-covid-19-na-poliklinice-prahy-7\/\">ZDE<\/a>.<\/strong><\/p>\r\n<p>[\/perex]<\/p>\r\n<p><em>\u201ePo \u00fasp\u011b\u0161n\u00e9 o\u010dkovac\u00ed akci na p\u0159elomu \u010dervna a&nbsp;\u010dervence, kdy jsme v\u00a0Z\u0160 Strossmayerovo n\u00e1m\u011bst\u00ed nao\u010dkovali v\u00a0pevn\u011b dan\u00fdch term\u00ednech na 3000 lid\u00ed, jsme hledali dal\u0161\u00ed zp\u016fsob, jak co nejv\u00edce zjednodu\u0161it p\u0159\u00edstup k\u00a0vakcinaci pro dal\u0161\u00ed z\u00e1jemce. St\u00e1le jsou zde lid\u00e9, kte\u0159\u00ed dosud v\u00e1hali nebo o\u010dkov\u00e1n\u00ed z\u00a0\u010dasov\u00fdch d\u016fvod\u016f \u010di obav z\u00a0rezerva\u010dn\u00edch syst\u00e9m\u016f odkl\u00e1dali. Nyn\u00ed maj\u00ed mo\u017enost p\u0159ij\u00edt ve \u010dtvrtek podve\u010der do na\u0161\u00ed polikliniky a&nbsp;nechat se nao\u010dkovat bez pot\u0159eby p\u0159edchoz\u00ed rezervace,\u201c<\/em> uvedl <strong><em>radn\u00ed Prahy&nbsp;7 pro soci\u00e1ln\u00ed a&nbsp;zdravotn\u00ed politiku Jakob Hurrle<\/em><\/strong>.<\/p>\r\n<p>Na Poliklinice Prahy&nbsp;7 se o\u010dkuje vakc\u00ednou Moderna. O\u010dkovat se zde mohou z\u00e1jemci star\u0161\u00ed 16 let, kte\u0159\u00ed jsou p\u0159ihl\u00e1\u0161eni k\u00a0ve\u0159ejn\u00e9mu zdravotn\u00edmu poji\u0161t\u011bn\u00ed v\u00a0\u010cesk\u00e9 republice.<\/p>\r\n<p>O\u010dkov\u00e1n\u00ed bez nutnosti rezervace bude prob\u00edhat od 2.&nbsp;z\u00e1\u0159\u00ed 2021 ka\u017ed\u00fd \u010dtvrtek od 17:00 do 20:00 hodin v\u00a0p\u0159\u00edzem\u00ed Polikliniky Prahy&nbsp;7 (Franti\u0161ka K\u0159\u00ed\u017eka 683\/22).<\/p>\r\n<p>&nbsp;<\/p>\r\n<p><strong>Dal\u0161\u00ed informace k&nbsp;o\u010dkov\u00e1n\u00ed na Poliklinice Prahy&nbsp;7 z\u00edsk\u00e1te zde:<\/strong><\/p>\r\n<p><strong>tel.: 270&nbsp;005\u00a0666, 270&nbsp;005&nbsp;667 (7:00 \u2013 16:00 hod.)<\/strong><\/p>\r\n<p><strong>e-mail: <a href=\"mailto:ocm@pp7.cz\">ocm@pp7.cz<\/a>, <a href=\"mailto:ockovacicentrum@pp7.cz\">ockovacicentrum@pp7.cz<\/a><\/strong><\/p>","protected":false},"excerpt":{"rendered":"[perex] Ve zdravotnick\u00e9m za\u0159\u00edzen\u00ed sedm\u00e9 m\u011bstsk\u00e9 \u010d\u00e1sti Poliklinice Prahy&nbsp;7 vzniklo v\u00a0kv\u011btnu tohoto roku o\u010dkovac\u00ed centrum proti Covidu-19. Z\u00e1jemci o&nbsp;vakcinaci se do n\u011bj mohou hl\u00e1sit p\u0159es centr\u00e1ln\u00ed rezerva\u010dn\u00ed syst\u00e9m. Od 2.&nbsp;z\u00e1\u0159\u00ed 2021 chyst\u00e1 poliklinika ve spolupr\u00e1ci s&nbsp;M\u010c Praha&nbsp;7 novinku. Lid\u00e9 se budou moci p\u0159ij\u00edt nechat nao\u010dkovat i&nbsp;bez p\u0159edchoz\u00ed rezervace. O\u010dkov\u00e1n\u00ed bude prob\u00edhat ka\u017ed\u00fd \u010dtvrtek od 17:00 [&hellip;]","protected":false},"author":5,"featured_media":48257,"comment_status":"closed","ping_status":"open","sticky":false,"template":"","format":"standard","meta":[],"categories":[34,36,74],"tags":[],"_links":{"self":[{"href":"https:\/\/www.praha7.cz\/api\/wp\/v2\/posts\/50405"}],"collection":[{"href":"https:\/\/www.praha7.cz\/api\/wp\/v2\/posts"}],"about":[{"href":"https:\/\/www.praha7.cz\/api\/wp\/v2\/types\/post"}],"author":[{"embeddable":true,"href":"https:\/\/www.praha7.cz\/api\/wp\/v2\/users\/5"}],"replies":[{"embeddable":true,"href":"https:\/\/www.praha7.cz\/api\/wp\/v2\/comments?post=50405"}],"version-history":[{"count":8,"href":"https:\/\/www.praha7.cz\/api\/wp\/v2\/posts\/50405\/revisions"}],"predecessor-version":[{"id":51673,"href":"https:\/\/www.praha7.cz\/api\/wp\/v2\/posts\/50405\/revisions\/51673"}],"wp:featuredmedia":[{"embeddable":true,"href":"https:\/\/www.praha7.cz\/api\/wp\/v2\/media\/48257"}],"wp:attachment":[{"href":"https:\/\/www.praha7.cz\/api\/wp\/v2\/media?parent=50405"}],"wp:term":[{"taxonomy":"category","embeddable":true,"href":"https:\/\/www.praha7.cz\/api\/wp\/v2\/categories?post=50405"},{"taxonomy":"post_tag","embeddable":true,"href":"https:\/\/www.praha7.cz\/api\/wp\/v2\/tags?post=50405"}],"curies":[{"name":"wp","href":"https:\/\/api.w.org\/{rel}","templated":true}]}}