    
{"id":50391,"date":"2021-08-20T11:26:27","date_gmt":"2021-08-20T09:26:27","guid":{"rendered":"https:\/\/www.praha7.cz\/?p=50391"},"modified":"2021-08-20T11:34:19","modified_gmt":"2021-08-20T09:34:19","slug":"kurzy-urban-sketchingu-pro-deti","status":"publish","type":"post","link":"https:\/\/www.praha7.cz\/kurzy-urban-sketchingu-pro-deti\/","title":{"rendered":"Kurzy urban sketchingu pro d\u011bti"},"content":{"rendered":"<p>[perex]<\/p>\r\n<p>Spole\u010dnost <a href=\"https:\/\/meta-ops.eu\" target=\"_blank\" rel=\"noopener\">META o. p. s<\/a> p\u0159ipravila s\u00e9rii workshop\u016f urban sketchingu pro d\u011bti. Kurz odstartuje 9.&nbsp;z\u00e1\u0159\u00ed 2021, bude prob\u00edhat ve \u010dtvrtek od 15 do 16:30 a&nbsp;je vhodn\u00fd pro z\u00e1jemce ve v\u011bku 8-12 let. V&nbsp;pl\u00e1nu je celkem 8 setk\u00e1n\u00ed v&nbsp;ulic\u00edch Sedmi\u010dky &#8211; a&nbsp;\u00fa\u010dast na nich je bezplatn\u00e1. Tvorba lektorky V\u011bry T\u016fmov\u00e9 je k&nbsp;vid\u011bn\u00ed na profilu <a href=\"https:\/\/www.instagram.com\/vera.t.paints\/\" target=\"_blank\" rel=\"noopener\">@vera.t.paints<\/a>. Registrace p\u0159es <a href=\"https:\/\/docs.google.com\/forms\/d\/e\/1FAIpQLSctNO1jD35RvUDiFH--P8newnUcsf95UwkkcMyJpyRCQIZkyg\/viewform\" target=\"_blank\" rel=\"noopener\">formul\u00e1\u0159<\/a>.\u00a0<\/p>\r\n<p>[\/perex]<\/p>\r\n<p><img loading=\"lazy\" src=\"https:\/\/www.praha7.cz\/wp-content\/uploads\/2021\/08\/Urban-sketching-P7_1.png\" alt=\"\" width=\"940\" height=\"788\" class=\"alignnone wp-image-50392 size-full\" srcset=\"https:\/\/www.praha7.cz\/wp-content\/uploads\/2021\/08\/Urban-sketching-P7_1.png 940w, https:\/\/www.praha7.cz\/wp-content\/uploads\/2021\/08\/Urban-sketching-P7_1-477x400.png 477w, https:\/\/www.praha7.cz\/wp-content\/uploads\/2021\/08\/Urban-sketching-P7_1-768x644.png 768w\" sizes=\"(max-width: 940px) 100vw, 940px\" \/> <img loading=\"lazy\" src=\"https:\/\/www.praha7.cz\/wp-content\/uploads\/2021\/08\/Urban-sketching-P7_2.png\" alt=\"\" width=\"940\" height=\"788\" class=\"alignnone wp-image-50393 size-full\" srcset=\"https:\/\/www.praha7.cz\/wp-content\/uploads\/2021\/08\/Urban-sketching-P7_2.png 940w, https:\/\/www.praha7.cz\/wp-content\/uploads\/2021\/08\/Urban-sketching-P7_2-477x400.png 477w, https:\/\/www.praha7.cz\/wp-content\/uploads\/2021\/08\/Urban-sketching-P7_2-768x644.png 768w\" sizes=\"(max-width: 940px) 100vw, 940px\" \/> <img loading=\"lazy\" src=\"https:\/\/www.praha7.cz\/wp-content\/uploads\/2021\/08\/Urban-sketching-P7_3.png\" alt=\"\" width=\"940\" height=\"788\" class=\"alignnone wp-image-50394 size-full\" srcset=\"https:\/\/www.praha7.cz\/wp-content\/uploads\/2021\/08\/Urban-sketching-P7_3.png 940w, https:\/\/www.praha7.cz\/wp-content\/uploads\/2021\/08\/Urban-sketching-P7_3-477x400.png 477w, https:\/\/www.praha7.cz\/wp-content\/uploads\/2021\/08\/Urban-sketching-P7_3-768x644.png 768w\" sizes=\"(max-width: 940px) 100vw, 940px\" \/> <img loading=\"lazy\" src=\"https:\/\/www.praha7.cz\/wp-content\/uploads\/2021\/08\/Urban-sketching-P7_4.png\" alt=\"\" width=\"940\" height=\"788\" class=\"alignnone wp-image-50395 size-full\" srcset=\"https:\/\/www.praha7.cz\/wp-content\/uploads\/2021\/08\/Urban-sketching-P7_4.png 940w, https:\/\/www.praha7.cz\/wp-content\/uploads\/2021\/08\/Urban-sketching-P7_4-477x400.png 477w, https:\/\/www.praha7.cz\/wp-content\/uploads\/2021\/08\/Urban-sketching-P7_4-768x644.png 768w\" sizes=\"(max-width: 940px) 100vw, 940px\" \/><\/p>\r\n<p><strong>Kontaktn\u00ed osoba:<\/strong> Anastasia Avd\u011bjeva\u00a0<a href=\"mailto:avdejeva@meta-ops.cz\">avdejeva@meta-ops.cz<\/a><\/p>","protected":false},"excerpt":{"rendered":"[perex] Spole\u010dnost META o. p. s&nbsp;p\u0159ipravila s\u00e9rii workshop\u016f urban sketchingu pro d\u011bti. Kurz odstartuje 9.&nbsp;z\u00e1\u0159\u00ed 2021, bude prob\u00edhat ve \u010dtvrtek od 15 do 16:30 a&nbsp;je vhodn\u00fd pro z\u00e1jemce ve v\u011bku 8-12 let. V&nbsp;pl\u00e1nu je celkem 8 setk\u00e1n\u00ed v&nbsp;ulic\u00edch Sedmi\u010dky &#8211; a&nbsp;\u00fa\u010dast na nich je bezplatn\u00e1. Tvorba lektorky V\u011bry T\u016fmov\u00e9 je k&nbsp;vid\u011bn\u00ed na profilu @vera.t.paints. [&hellip;]","protected":false},"author":97,"featured_media":50397,"comment_status":"closed","ping_status":"open","sticky":false,"template":"","format":"standard","meta":[],"categories":[34],"tags":[],"_links":{"self":[{"href":"https:\/\/www.praha7.cz\/api\/wp\/v2\/posts\/50391"}],"collection":[{"href":"https:\/\/www.praha7.cz\/api\/wp\/v2\/posts"}],"about":[{"href":"https:\/\/www.praha7.cz\/api\/wp\/v2\/types\/post"}],"author":[{"embeddable":true,"href":"https:\/\/www.praha7.cz\/api\/wp\/v2\/users\/97"}],"replies":[{"embeddable":true,"href":"https:\/\/www.praha7.cz\/api\/wp\/v2\/comments?post=50391"}],"version-history":[{"count":3,"href":"https:\/\/www.praha7.cz\/api\/wp\/v2\/posts\/50391\/revisions"}],"predecessor-version":[{"id":50401,"href":"https:\/\/www.praha7.cz\/api\/wp\/v2\/posts\/50391\/revisions\/50401"}],"wp:featuredmedia":[{"embeddable":true,"href":"https:\/\/www.praha7.cz\/api\/wp\/v2\/media\/50397"}],"wp:attachment":[{"href":"https:\/\/www.praha7.cz\/api\/wp\/v2\/media?parent=50391"}],"wp:term":[{"taxonomy":"category","embeddable":true,"href":"https:\/\/www.praha7.cz\/api\/wp\/v2\/categories?post=50391"},{"taxonomy":"post_tag","embeddable":true,"href":"https:\/\/www.praha7.cz\/api\/wp\/v2\/tags?post=50391"}],"curies":[{"name":"wp","href":"https:\/\/api.w.org\/{rel}","templated":true}]}}