    
{"id":50383,"date":"2021-08-19T13:57:23","date_gmt":"2021-08-19T11:57:23","guid":{"rendered":"https:\/\/www.praha7.cz\/?p=50383"},"modified":"2021-08-20T10:06:19","modified_gmt":"2021-08-20T08:06:19","slug":"skoly-a-skolky-v-praze-7-se-chystaji-na-zahajeni-noveho-skolniho-roku","status":"publish","type":"post","link":"https:\/\/www.praha7.cz\/skoly-a-skolky-v-praze-7-se-chystaji-na-zahajeni-noveho-skolniho-roku\/","title":{"rendered":"\u0160koly a&nbsp;\u0161kolky v&nbsp;Praze 7 se chystaj\u00ed na zah\u00e1jen\u00ed nov\u00e9ho \u0161koln\u00edho roku"},"content":{"rendered":"<p>[perex]<\/p>\r\n<p>\u0160koly a&nbsp;\u0161kolky v\u00a0Praze 7 zah\u00e1j\u00ed \u0161koln\u00ed rok 1.&nbsp;9.&nbsp;2021. V\u0161echna \u0161kolsk\u00e1 za\u0159\u00edzen\u00ed se ve spolupr\u00e1ci s\u00a0m\u011bstskou \u010d\u00e1st\u00ed v\u00a0t\u011bchto dnech intenzivn\u011b p\u0159ipravuj\u00ed na otev\u0159en\u00ed v\u00a0souladu s\u00a0Manu\u00e1lem M\u0160MT, p\u0159i\u010dem\u017e navazuj\u00ed na hygienick\u00e9 standardy nastaven\u00e9 v&nbsp;minul\u00e9m \u0161koln\u00edm roce. Na z\u00e1kladn\u00edch \u0161kol\u00e1ch prob\u011bhne dle pokyn\u016f M\u0160MT na po\u010d\u00e1tku roku plo\u0161n\u00e9 preventivn\u00ed testov\u00e1n\u00ed. M\u010c Praha&nbsp;7 op\u011bt vyu\u017eije syst\u00e9m pr\u016fkazn\u00fdch, \u0161etrn\u00fdch a&nbsp;spolehliv\u00fdch test\u016f ze slin, kter\u00e9 budou vyhodnocov\u00e1ny metodou PCR poolingu.<\/p>\r\n<p>[\/perex]<\/p>\r\n<h3>Testov\u00e1n\u00ed a&nbsp;rou\u0161ky v\u00a0z\u00e1kladn\u00edch \u0161kol\u00e1ch<\/h3>\r\n<p>Testov\u00e1n\u00ed je napl\u00e1nov\u00e1no na prvn\u00ed dva t\u00fddny po n\u00e1vratu d\u011bt\u00ed z\u00a0pr\u00e1zdnin a&nbsp;je ur\u010deno pro \u017e\u00e1ky z\u00e1kladn\u00edch \u0161kol a&nbsp;p\u0159\u00edpravn\u00fdch t\u0159\u00edd. C\u00edlem je z\u00edskat informaci o&nbsp;virov\u00e9 n\u00e1lo\u017ei mezi d\u011btmi po n\u00e1vratu do \u0161koly a&nbsp;zamezit p\u0159\u00edpadn\u00e9mu vznik\u00e1n\u00ed ohnisek n\u00e1kazy. V\u00fdhodou testov\u00e1n\u00ed neinvazivn\u00edmi PCR testy ze slin jsou v\u00fdrazn\u011b p\u0159esn\u011bj\u0161\u00ed v\u00fdsledky, \u0161etrn\u011bj\u0161\u00ed pou\u017eit\u00ed v\u016f\u010di d\u011btem a&nbsp;tak\u00e9 to, \u017ee m\u00edsto t\u0159\u00ed antigenn\u00edch test\u016f, budou sta\u010dit pouze dva PCR testy.<\/p>\r\n<p><strong>Testov\u00e1n\u00ed na z\u00e1kladn\u00edch \u0161kol\u00e1ch v\u00a0Praze 7 prob\u011bhne 1.&nbsp;9., p\u0159i\u010dem\u017e prv\u0148\u00e1\u010dci a&nbsp;d\u011bti v\u00a0p\u0159\u00edpravn\u00fdch t\u0159\u00edd\u00e1ch budou testov\u00e1ni 2.&nbsp;9., aby se jim nenaru\u0161oval jejich prvn\u00ed den ve \u0161kole. Druh\u00e9 testov\u00e1n\u00ed pak prob\u011bhne pro v\u0161echny 6.&nbsp;9.<\/strong><\/p>\r\n<p><strong>Testovan\u00e9 d\u011bti nebudou muset m\u00edt b\u011bhem vyu\u010dov\u00e1n\u00ed nasazen\u00e9 rou\u0161ky. Ochrana \u00fasta a&nbsp;nosu bude v\u00a0souladu s\u00a0na\u0159\u00edzen\u00edm vl\u00e1dy v\u00a0z\u00e1kladn\u00edch \u0161kol\u00e1ch u&nbsp;testovan\u00fdch d\u011bt\u00ed povinn\u00e1 pouze ve spole\u010dn\u00fdch prostor\u00e1ch.<\/strong><\/p>\r\n<p>Testov\u00e1n\u00ed nepodstupuj\u00ed d\u011bti a&nbsp;\u017e\u00e1ci, kte\u0159\u00ed spln\u00ed podm\u00ednky stanoven\u00e9 pro bezinfek\u010dnost po o\u010dkov\u00e1n\u00ed (14 dn\u016f po pln\u011b dokon\u010den\u00e9m o\u010dkov\u00e1n\u00ed) nebo po prod\u011blan\u00e9m onemocn\u011bn\u00ed covid-19 (po dobu 180&nbsp;dn\u00ed od prvn\u00edho pozitivn\u00edho testu na covid-19), p\u0159\u00edpadn\u011b d\u00edt\u011b nebo \u017e\u00e1k, kter\u00fd dolo\u017e\u00ed negativn\u00ed v\u00fdsledek testu proveden\u00e9ho v&nbsp;odb\u011brov\u00e9m m\u00edst\u011b.<\/p>\r\n<p>&nbsp;<\/p>\r\n<h3>Dal\u0161\u00ed opat\u0159en\u00ed pro z\u00e1kladn\u00ed i&nbsp;mate\u0159sk\u00e9 \u0161koly<\/h3>\r\n<p>Na z\u00e1klad\u011b pokyn\u016f M\u0160MT veden\u00ed \u0161kol a&nbsp;\u0161kolek v\u00a0sou\u010dinnosti s\u00a0m\u011bstskou \u010d\u00e1st\u00ed p\u0159ipravuje ji\u017e d\u0159\u00edve zaveden\u00e1 opat\u0159en\u00ed, jako je pravideln\u00e1 dezinfekce budov, zv\u00fd\u0161en\u00e9 hygienick\u00e9 n\u00e1roky ve t\u0159\u00edd\u00e1ch, \u010dast\u00e9 v\u011btr\u00e1n\u00ed apod.<\/p>\r\n<p>Fungov\u00e1n\u00ed v\u0161ech nastaven\u00fdch pravidel budeme d\u00e1le vyhodnocovat a\u00a0v\u00a0p\u0159\u00edpad\u011b pot\u0159eby upravovat. Podrobn\u00e9 informace a\u00a0instrukce v\u00e1m poskytnou va\u0161e \u0161koly \u010di \u0161kolky.<\/p>\r\n<p>&nbsp;<\/p>\r\n<p><strong><em>Pros\u00edme rodi\u010de, aby dodr\u017eovali a\u00a0respektovali p\u0159ijat\u00e1 opat\u0159en\u00ed. D\u011bl\u00e1me v\u0161e pro to, aby d\u011bti ve \u0161kol\u00e1ch a&nbsp;\u0161kolk\u00e1ch mohly za\u017e\u00edt co nejp\u0159\u00edjemn\u011bj\u0161\u00ed a&nbsp;co nejm\u00e9n\u011b naru\u0161ovan\u00fd \u0161koln\u00ed rok.<\/em><\/strong><\/p>\r\n<p><strong><em>D\u011bkujeme v\u00e1m za vst\u0159\u00edcnost a\u00a0ohleduplnost a&nbsp;t\u011b\u0161\u00edme se na d\u011bti 1.&nbsp;z\u00e1\u0159\u00ed!<\/em><\/strong><\/p>","protected":false},"excerpt":{"rendered":"[perex] \u0160koly a&nbsp;\u0161kolky v\u00a0Praze 7 zah\u00e1j\u00ed \u0161koln\u00ed rok 1.&nbsp;9.&nbsp;2021. V\u0161echna \u0161kolsk\u00e1 za\u0159\u00edzen\u00ed se ve spolupr\u00e1ci s\u00a0m\u011bstskou \u010d\u00e1st\u00ed v\u00a0t\u011bchto dnech intenzivn\u011b p\u0159ipravuj\u00ed na otev\u0159en\u00ed v\u00a0souladu s\u00a0Manu\u00e1lem M\u0160MT, p\u0159i\u010dem\u017e navazuj\u00ed na hygienick\u00e9 standardy nastaven\u00e9 v&nbsp;minul\u00e9m \u0161koln\u00edm roce. Na z\u00e1kladn\u00edch \u0161kol\u00e1ch prob\u011bhne dle pokyn\u016f M\u0160MT na po\u010d\u00e1tku roku plo\u0161n\u00e9 preventivn\u00ed testov\u00e1n\u00ed. M\u010c Praha&nbsp;7 op\u011bt vyu\u017eije syst\u00e9m pr\u016fkazn\u00fdch, \u0161etrn\u00fdch [&hellip;]","protected":false},"author":5,"featured_media":47720,"comment_status":"closed","ping_status":"open","sticky":false,"template":"","format":"standard","meta":[],"categories":[36,74],"tags":[],"_links":{"self":[{"href":"https:\/\/www.praha7.cz\/api\/wp\/v2\/posts\/50383"}],"collection":[{"href":"https:\/\/www.praha7.cz\/api\/wp\/v2\/posts"}],"about":[{"href":"https:\/\/www.praha7.cz\/api\/wp\/v2\/types\/post"}],"author":[{"embeddable":true,"href":"https:\/\/www.praha7.cz\/api\/wp\/v2\/users\/5"}],"replies":[{"embeddable":true,"href":"https:\/\/www.praha7.cz\/api\/wp\/v2\/comments?post=50383"}],"version-history":[{"count":3,"href":"https:\/\/www.praha7.cz\/api\/wp\/v2\/posts\/50383\/revisions"}],"predecessor-version":[{"id":50390,"href":"https:\/\/www.praha7.cz\/api\/wp\/v2\/posts\/50383\/revisions\/50390"}],"wp:featuredmedia":[{"embeddable":true,"href":"https:\/\/www.praha7.cz\/api\/wp\/v2\/media\/47720"}],"wp:attachment":[{"href":"https:\/\/www.praha7.cz\/api\/wp\/v2\/media?parent=50383"}],"wp:term":[{"taxonomy":"category","embeddable":true,"href":"https:\/\/www.praha7.cz\/api\/wp\/v2\/categories?post=50383"},{"taxonomy":"post_tag","embeddable":true,"href":"https:\/\/www.praha7.cz\/api\/wp\/v2\/tags?post=50383"}],"curies":[{"name":"wp","href":"https:\/\/api.w.org\/{rel}","templated":true}]}}