    
{"id":50318,"date":"2021-08-17T17:18:28","date_gmt":"2021-08-17T15:18:28","guid":{"rendered":"https:\/\/www.praha7.cz\/?p=50318"},"modified":"2021-09-03T11:54:37","modified_gmt":"2021-09-03T09:54:37","slug":"praha-7-pokracuje-v-zabezpecovani-chodniku-a-prechodu-proti-rizikovemu-parkovani-vozidel","status":"publish","type":"post","link":"https:\/\/www.praha7.cz\/praha-7-pokracuje-v-zabezpecovani-chodniku-a-prechodu-proti-rizikovemu-parkovani-vozidel\/","title":{"rendered":"Praha&nbsp;7 pokra\u010duje v&nbsp;zabezpe\u010dov\u00e1n\u00ed chodn\u00edk\u016f a&nbsp;p\u0159echod\u016f proti rizikov\u00e9mu parkov\u00e1n\u00ed vozidel"},"content":{"rendered":"<p>[perex]<\/p>\r\n<p>Na k\u0159i\u017eovatce ulic Veverkova a&nbsp;pplk. Sochora doch\u00e1z\u00ed k&nbsp;zabezpe\u010den\u00ed chodn\u00edk\u016f proti neopr\u00e1vn\u011bn\u00e9mu a&nbsp;\u010dasto bezohledn\u00e9mu vj\u00ed\u017ed\u011bn\u00ed a&nbsp;parkov\u00e1n\u00ed vozidel. Aktu\u00e1ln\u011b zde prob\u00edh\u00e1 obnova p\u0159echod\u016f a&nbsp;\u00faprava vodorovn\u00e9ho dopravn\u00edho zna\u010den\u00ed, v\u00a0dal\u0161\u00ed f\u00e1zi zde budou instalov\u00e1ny flexibiln\u00ed zahrazovac\u00ed sloupky, kter\u00e9 zabr\u00e1n\u00ed v\u00a0rizikov\u00e9m parkov\u00e1n\u00ed n\u00e1kladn\u00edch a&nbsp;dod\u00e1vkov\u00fdch vozidel na n\u00e1ro\u017e\u00edch a&nbsp;p\u0159echodech. Obdobn\u00e9 opat\u0159en\u00ed bude realizov\u00e1no tak\u00e9 v\u00a0k\u0159i\u017eovatce ulic Veverkova a&nbsp;He\u0159manova.<\/p>\r\n<p>[\/perex]<\/p>\r\n<h3>Pro\u010d je to zapot\u0159eb\u00ed?<\/h3>\r\n<p>&nbsp;<\/p>\r\n<p>\u2022\u00a0 Opat\u0159en\u00ed zabra\u0148uje neopr\u00e1vn\u011bn\u00e9mu a&nbsp;bezohledn\u00e9mu\u00a0parkov\u00e1n\u00ed vozidel na chodn\u00edc\u00edch a&nbsp;n\u00e1ro\u017e\u00edch, kde\u00a0dlouhodob\u011b doch\u00e1z\u00ed k&nbsp;naj\u00ed\u017ed\u011bn\u00ed a&nbsp;odstavov\u00e1n\u00ed n\u00e1kladn\u00edch a&nbsp;dod\u00e1vkov\u00fdch vozidel.<\/p>\r\n<p>&nbsp;<\/p>\r\n<p>\u2022 Vozidla p\u0159ek\u00e1\u017eej\u00ed chodc\u016fm v&nbsp;pohybu i&nbsp;rozhledu\u00a0a ohro\u017euj\u00ed tak jejich bezpe\u010dnost &#8211; zejm\u00e9na d\u011bt\u00ed,\u00a0senior\u016f \u010di rodi\u010d\u016f s&nbsp;ko\u010d\u00e1rky.<\/p>\r\n<p>&nbsp;<\/p>\r\n<p>\u2022 \u00da\u010dinn\u011b omezuje rizikov\u00e9 neleg\u00e1ln\u00ed st\u00e1n\u00ed vozidel jednotlivc\u016f i&nbsp;firem, a\u0165 u\u017e se jedn\u00e1 o&nbsp;jejich nahodil\u00e9 \u010di systematick\u00e9 jedn\u00e1n\u00ed.<\/p>\r\n<p>&nbsp;<\/p>\r\n<p><strong>V\u00edce informac\u00ed na <a href=\"https:\/\/www.praha7.cz\/potrebuji-zaridit\/doprava\/chodnik-neni-parkoviste\/\">www.praha7.cz\/chodnikneniparkoviste<\/a><\/strong><\/p>\r\n<p>&nbsp;<\/p>\r\n<p>Realizace \u00faprav na k\u0159i\u017eovatce ulic Veverkova a&nbsp;pplk. Sochora<\/p>\r\n<p><img loading=\"lazy\" src=\"https:\/\/www.praha7.cz\/wp-content\/uploads\/2021\/08\/Veverkova-x-pplk.-Sochora.jpg\" alt=\"\" width=\"816\" height=\"612\" class=\"alignnone size-full wp-image-50337\" srcset=\"https:\/\/www.praha7.cz\/wp-content\/uploads\/2021\/08\/Veverkova-x-pplk.-Sochora.jpg 816w, https:\/\/www.praha7.cz\/wp-content\/uploads\/2021\/08\/Veverkova-x-pplk.-Sochora-533x400.jpg 533w, https:\/\/www.praha7.cz\/wp-content\/uploads\/2021\/08\/Veverkova-x-pplk.-Sochora-768x576.jpg 768w\" sizes=\"(max-width: 816px) 100vw, 816px\" \/><\/p>","protected":false},"excerpt":{"rendered":"[perex] Na k\u0159i\u017eovatce ulic Veverkova a&nbsp;pplk. Sochora doch\u00e1z\u00ed k&nbsp;zabezpe\u010den\u00ed chodn\u00edk\u016f proti neopr\u00e1vn\u011bn\u00e9mu a&nbsp;\u010dasto bezohledn\u00e9mu vj\u00ed\u017ed\u011bn\u00ed a&nbsp;parkov\u00e1n\u00ed vozidel. Aktu\u00e1ln\u011b zde prob\u00edh\u00e1 obnova p\u0159echod\u016f a&nbsp;\u00faprava vodorovn\u00e9ho dopravn\u00edho zna\u010den\u00ed, v\u00a0dal\u0161\u00ed f\u00e1zi zde budou instalov\u00e1ny flexibiln\u00ed zahrazovac\u00ed sloupky, kter\u00e9 zabr\u00e1n\u00ed v\u00a0rizikov\u00e9m parkov\u00e1n\u00ed n\u00e1kladn\u00edch a&nbsp;dod\u00e1vkov\u00fdch vozidel na n\u00e1ro\u017e\u00edch a&nbsp;p\u0159echodech. Obdobn\u00e9 opat\u0159en\u00ed bude realizov\u00e1no tak\u00e9 v\u00a0k\u0159i\u017eovatce ulic Veverkova a&nbsp;He\u0159manova. [\/perex] Pro\u010d [&hellip;]","protected":false},"author":5,"featured_media":50319,"comment_status":"closed","ping_status":"open","sticky":false,"template":"","format":"standard","meta":[],"categories":[34,36],"tags":[],"_links":{"self":[{"href":"https:\/\/www.praha7.cz\/api\/wp\/v2\/posts\/50318"}],"collection":[{"href":"https:\/\/www.praha7.cz\/api\/wp\/v2\/posts"}],"about":[{"href":"https:\/\/www.praha7.cz\/api\/wp\/v2\/types\/post"}],"author":[{"embeddable":true,"href":"https:\/\/www.praha7.cz\/api\/wp\/v2\/users\/5"}],"replies":[{"embeddable":true,"href":"https:\/\/www.praha7.cz\/api\/wp\/v2\/comments?post=50318"}],"version-history":[{"count":7,"href":"https:\/\/www.praha7.cz\/api\/wp\/v2\/posts\/50318\/revisions"}],"predecessor-version":[{"id":50339,"href":"https:\/\/www.praha7.cz\/api\/wp\/v2\/posts\/50318\/revisions\/50339"}],"wp:featuredmedia":[{"embeddable":true,"href":"https:\/\/www.praha7.cz\/api\/wp\/v2\/media\/50319"}],"wp:attachment":[{"href":"https:\/\/www.praha7.cz\/api\/wp\/v2\/media?parent=50318"}],"wp:term":[{"taxonomy":"category","embeddable":true,"href":"https:\/\/www.praha7.cz\/api\/wp\/v2\/categories?post=50318"},{"taxonomy":"post_tag","embeddable":true,"href":"https:\/\/www.praha7.cz\/api\/wp\/v2\/tags?post=50318"}],"curies":[{"name":"wp","href":"https:\/\/api.w.org\/{rel}","templated":true}]}}