    
{"id":50218,"date":"2021-08-11T16:03:14","date_gmt":"2021-08-11T14:03:14","guid":{"rendered":"https:\/\/www.praha7.cz\/?p=50218"},"modified":"2021-08-24T16:14:10","modified_gmt":"2021-08-24T14:14:10","slug":"nabrezi-edvarda-benese-cekaji-rozsahle-stavebni-upravy","status":"publish","type":"post","link":"https:\/\/www.praha7.cz\/nabrezi-edvarda-benese-cekaji-rozsahle-stavebni-upravy\/","title":{"rendered":"N\u00e1b\u0159e\u017e\u00ed Edvarda Bene\u0161e \u010dekaj\u00ed rozs\u00e1hl\u00e9 stavebn\u00ed \u00fapravy"},"content":{"rendered":"<p>[perex]<\/p>\r\n<p>Technick\u00e1 spr\u00e1va komunikac\u00ed (TSK) zah\u00e1j\u00ed v\u00a0sobotu\u00a014.\u00a0srpna 2021\u00a0opravu vozovky a&nbsp;odvodn\u011bn\u00ed v\u00a0\u010d\u00e1sti n\u00e1b\u0159e\u017e\u00ed Edvarda Bene\u0161e. Oprava bude prob\u00edhat v\u00a0\u00faseku \u0160tef\u00e1nik\u016fv most \u2013 \u010cech\u016fv most v\u010detn\u011b \u00faseku drobn\u00e9 dla\u017eby p\u0159i v\u00fdjezdu z\u00a0Letensk\u00e9ho tunelu, co\u017e si na \u010dtrn\u00e1ct dn\u00ed vy\u017e\u00e1d\u00e1 jeho kompletn\u00ed uzav\u0159en\u00ed. V\u0161e prob\u011bhne v\u00a0koordinaci s\u00a0pl\u00e1novanou rekonstrukc\u00ed tramvajov\u00e9 trati, kterou zde bude od 28.&nbsp;srpna 2021 vlastn\u00edmi silami realizovat\u00a0Dopravn\u00ed podnik hl.\u00a0m. Prahy (DPP). P\u0159edpoklad ukon\u010den\u00ed v\u0161ech prac\u00ed je do\u00a0konce \u0159\u00edjna 2021.<\/p>\r\n<p>[\/perex]<\/p>\r\n<p>V\u00a0cel\u00e9m \u00faseku dojde k\u00a0v\u00fdm\u011bn\u011b povrchu komunikace. Sou\u010d\u00e1st\u00ed je i\u00a0v\u00fd\u0161kov\u00e1 \u00faprava kanaliza\u010dn\u00edch \u0161achet a\u00a0\u00faprava povrchov\u00fdch znak\u016f in\u017een\u00fdrsk\u00fdch s\u00edt\u00ed. D\u00e1le bude provedena oprava odvodn\u011bn\u00ed, spo\u010d\u00edvaj\u00edc\u00ed v\u00a0realizaci 21 uli\u010dn\u00edch vpust\u00ed v\u010detn\u011b nov\u00fdch p\u0159\u00edpojek. V\u00a0pr\u016fb\u011bhu\u00a0<strong>0.\u00a0etapy<\/strong>\u00a0dojde k\u00a0\u00faprav\u011b odvodn\u011bn\u00ed v\u00a0prostoru vozovky a\u00a0Letensk\u00fd tunel a\u00a0n\u00e1b\u0159e\u017e\u00ed Edvarda Bene\u0161e budou uzav\u0159eny pro individu\u00e1ln\u00ed automobilovou dopravu. V\u00a0<strong>1.\u00a0etap\u011b\u00a0(od\u00a028.\u00a0srpna 2021)<\/strong> dojde ke kompletn\u00ed <a href=\"https:\/\/www.praha7.cz\/dpp-zrekonstruuje-tramvajovou-trat-na-nabrezi-edvarda-benese-prinese-mistni-zlepseni-pro-vsechny-typy-dopravy\/\" target=\"_blank\" rel=\"noopener\">rekonstrukci tramvajov\u00e9ho t\u011blesa<\/a>. Ve\u00a0<strong>2.&nbsp;etap\u011b<\/strong>\u00a0je pl\u00e1nov\u00e1na v\u00fdm\u011bna povrchu vozovky, kdy bude provedeno odfr\u00e9zov\u00e1n\u00ed obrusn\u00e9 a\u00a0lo\u017en\u00e9 vrstvy v\u00a0tlou\u0161\u0165ce 10\u00a0cm a\u00a0polo\u017een nov\u00fd povrch. Tak\u00e9 dojde k\u00a0lok\u00e1ln\u00edmu vyrovn\u00e1n\u00ed obrub. V\u00a0r\u00e1mci akce bude vyzna\u010deno nov\u00e9 dopravn\u00ed zna\u010den\u00ed a\u00a0obnoveny detek\u010dn\u00ed smy\u010dky pro sv\u011bteln\u00e9 signaliza\u010dn\u00ed za\u0159\u00edzen\u00ed.<\/p>\r\n<h3>Jednotliv\u00e9 etapy dopravn\u00edho omezen\u00ed pro\u00a0individu\u00e1ln\u00ed (automobilovou) dopravu\u00a0<\/h3>\r\n<p><strong>0.\u00a0etapa\u00a0(14.&nbsp;8. \u2013 28.&nbsp;8.):<\/strong>\u00a0<strong>pln\u00e1 uz\u00e1v\u011bra Letensk\u00e9ho tunelu a\u00a0obousm\u011brn\u00e1 uz\u00e1v\u011bra n\u00e1b\u0159. E.\u00a0Bene\u0161e v\u00a0\u00faseku \u0160tef\u00e1nik\u016fv most \u2013 \u010cech\u016fv most.\u00a0Omezen\u00ed se net\u00fdk\u00e1 MHD.<\/strong><\/p>\r\n<p><strong>Obj\u00edzdn\u00e1 trasa:<\/strong><\/p>\r\n<ul>\r\n\t<li><span style=\"text-decoration: underline;\">Letensk\u00fd tunel sm\u011br centrum<\/span>: Milady Hor\u00e1kov\u00e9, Badeniho, Chotkova, Pod Bruskou, Kl\u00e1rov, n\u00e1b\u0159e\u017e\u00ed Edvarda Bene\u0161e, \u010cech\u016fv most, Dvo\u0159\u00e1kovo n\u00e1b\u0159e\u017e\u00ed, Nov\u00e9 ml\u00fdny, Lannova, \u0160tef\u00e1nik\u016fv most\u00a0<\/li>\r\n<\/ul>\r\n<p>\u00a0 \u00a0 Milady Hor\u00e1kov\u00e9, Letensk\u00e9 n\u00e1m\u011bst\u00ed, Veletr\u017en\u00ed, Bubensk\u00e1<\/p>\r\n<ul>\r\n\t<li><span style=\"text-decoration: underline;\">Letensk\u00fd tunel sm\u011br z\u00a0centra (Letn\u00e1)<\/span>:\u00a0\u0160tef\u00e1nik\u016fv most \u2013 Lannova \u2013 Nov\u00e9 ml\u00fdny \u2013 Dvo\u0159\u00e1kovo n\u00e1b\u0159e\u017e\u00ed \u2013 \u010cech\u016fv most \u2013 n\u00e1b\u0159e\u017e\u00ed Edvarda Bene\u0161e \u2013 U&nbsp;Brusk\u00fdch kas\u00e1ren \u2013 Chotkova \u2013 Badeniho \u2013 Milady Hor\u00e1kov\u00e9<br \/>\r\n\u00a0<\/li>\r\n<\/ul>\r\n<p><strong>1.\u00a0etapa\u00a0(28.&nbsp;8. \u2013 15.&nbsp;10) &#8211;\u00a0 obousm\u011brn\u00e1 uz\u00e1v\u011bra n\u00e1b\u0159. E. Bene\u0161e v\u010detn\u011b MHD (v\u00fdluka tramvaje) v\u00a0\u00faseku \u0160tef\u00e1nik\u016fv most \u2013 \u010cech\u016fv most.<\/strong><\/p>\r\n<ul>\r\n\t<li><span style=\"text-decoration: underline;\">Obj\u00edzdn\u00e1 trasa sm\u011br do centra<\/span>:\u00a0\u0160tef\u00e1nik\u016fv most \u2013 Lannova \u2013 Nov\u00e9 ml\u00fdny \u2013 Dvo\u0159\u00e1kovo n\u00e1b\u0159e\u017e\u00ed \u2013 \u010cech\u016fv most \u2013 n\u00e1b\u0159e\u017e\u00ed Edvarda Bene\u0161e<\/li>\r\n\t<li><span style=\"text-decoration: underline;\">Obj\u00edzdn\u00e1 trasa\u00a0sm\u011br z\u00a0centra<\/span>:\u00a0\u010cech\u016fv most \u2013 Dvo\u0159\u00e1kovo n\u00e1b\u0159e\u017e\u00ed \u2013 Nov\u00e9 ml\u00fdny \u2013 Lannova \u2013 \u0160tef\u00e1nik\u016fv most \u2013 n\u00e1b\u0159. Kpt. Jaro\u0161e<\/li>\r\n<\/ul>\r\n<p>Podrobn\u00e9 informace o&nbsp;v\u00fdluce tramvaj\u00ed <a href=\"https:\/\/www.praha7.cz\/dpp-zrekonstruuje-tramvajovou-trat-na-nabrezi-edvarda-benese-prinese-mistni-zlepseni-pro-vsechny-typy-dopravy\/\" target=\"_blank\" rel=\"noopener\">zde<\/a>.<\/p>\r\n<p><strong>2.\u00a0etapa\u00a0\u2013 jednosm\u011brn\u00fd provoz po n\u00e1b\u0159e\u017e\u00ed ve sm\u011bru z\u00a0centra, do centra po obj\u00edzdn\u00fdch tras\u00e1ch.<\/strong><\/p>\r\n<p>Info na webu TSK Praha <a href=\"https:\/\/www.tsk-praha.cz\/wps\/portal\/root\/o-spolecnosti\/mapa-staveb?poi=61091c3bbac8c0960ca85504\" target=\"_blank\" rel=\"noopener\">zde<\/a>.<\/p>\r\n<p>Zhotovitel: STRABAG, a. s.<\/p>","protected":false},"excerpt":{"rendered":"[perex] Technick\u00e1 spr\u00e1va komunikac\u00ed (TSK) zah\u00e1j\u00ed v\u00a0sobotu\u00a014.\u00a0srpna 2021\u00a0opravu vozovky a&nbsp;odvodn\u011bn\u00ed v\u00a0\u010d\u00e1sti n\u00e1b\u0159e\u017e\u00ed Edvarda Bene\u0161e. Oprava bude prob\u00edhat v\u00a0\u00faseku \u0160tef\u00e1nik\u016fv most \u2013 \u010cech\u016fv most v\u010detn\u011b \u00faseku drobn\u00e9 dla\u017eby p\u0159i v\u00fdjezdu z\u00a0Letensk\u00e9ho tunelu, co\u017e si na \u010dtrn\u00e1ct dn\u00ed vy\u017e\u00e1d\u00e1 jeho kompletn\u00ed uzav\u0159en\u00ed. V\u0161e prob\u011bhne v\u00a0koordinaci s\u00a0pl\u00e1novanou rekonstrukc\u00ed tramvajov\u00e9 trati, kterou zde bude od 28.&nbsp;srpna 2021 vlastn\u00edmi silami [&hellip;]","protected":false},"author":97,"featured_media":50219,"comment_status":"closed","ping_status":"open","sticky":false,"template":"","format":"standard","meta":[],"categories":[36],"tags":[],"_links":{"self":[{"href":"https:\/\/www.praha7.cz\/api\/wp\/v2\/posts\/50218"}],"collection":[{"href":"https:\/\/www.praha7.cz\/api\/wp\/v2\/posts"}],"about":[{"href":"https:\/\/www.praha7.cz\/api\/wp\/v2\/types\/post"}],"author":[{"embeddable":true,"href":"https:\/\/www.praha7.cz\/api\/wp\/v2\/users\/97"}],"replies":[{"embeddable":true,"href":"https:\/\/www.praha7.cz\/api\/wp\/v2\/comments?post=50218"}],"version-history":[{"count":8,"href":"https:\/\/www.praha7.cz\/api\/wp\/v2\/posts\/50218\/revisions"}],"predecessor-version":[{"id":50493,"href":"https:\/\/www.praha7.cz\/api\/wp\/v2\/posts\/50218\/revisions\/50493"}],"wp:featuredmedia":[{"embeddable":true,"href":"https:\/\/www.praha7.cz\/api\/wp\/v2\/media\/50219"}],"wp:attachment":[{"href":"https:\/\/www.praha7.cz\/api\/wp\/v2\/media?parent=50218"}],"wp:term":[{"taxonomy":"category","embeddable":true,"href":"https:\/\/www.praha7.cz\/api\/wp\/v2\/categories?post=50218"},{"taxonomy":"post_tag","embeddable":true,"href":"https:\/\/www.praha7.cz\/api\/wp\/v2\/tags?post=50218"}],"curies":[{"name":"wp","href":"https:\/\/api.w.org\/{rel}","templated":true}]}}