    
{"id":50105,"date":"2021-08-04T11:50:28","date_gmt":"2021-08-04T09:50:28","guid":{"rendered":"https:\/\/www.praha7.cz\/?p=50105"},"modified":"2021-08-04T11:50:28","modified_gmt":"2021-08-04T09:50:28","slug":"na-radnici-prahy-7-vlaje-duhova-vlajka","status":"publish","type":"post","link":"https:\/\/www.praha7.cz\/na-radnici-prahy-7-vlaje-duhova-vlajka\/","title":{"rendered":"Na radnici Prahy&nbsp;7 vlaje duhov\u00e1 vlajka"},"content":{"rendered":"<p>[perex]<\/p>\r\n<p>V\u00a0pra\u017esk\u00e9 metropoli odstartoval 11.&nbsp;ro\u010dn\u00edk festivalu Prague Pride s\u00a0podtitulem <em>Coming Out<\/em>, kter\u00fd i&nbsp;bez barevn\u00e9ho pr\u016fvodu nab\u00eddne p\u0159es sto r\u016fzn\u00fdch kulturn\u00edch akc\u00ed. U&nbsp;t\u00e9to p\u0159\u00edle\u017eitosti vyv\u011bsili m\u00edstostarostky Hana T\u0159e\u0161t\u00edkov\u00e1 a&nbsp;Lenka Burgerov\u00e1 spole\u010dn\u011b s\u00a0radn\u00edmi Ond\u0159ejem Mirovsk\u00fdm a\u00a0Ji\u0159\u00edm Knitlem na radnici Prahy\u00a07 duhovou vlajku, kter\u00e1 p\u0159edstavuje symbol tolerance i&nbsp;rozmanitosti. Kompletn\u00ed program festivalu &#8211; p\u0159edstaven\u00ed, workshopy, besedy, online streamy aj. &#8211;\u00a0 je k\u00a0dispozici na\u00a0<a href=\"https:\/\/praguepride.cz\/cs\/\" target=\"_blank\" rel=\"noopener\">praguepride.cz<\/a>, potrv\u00e1 do ned\u011ble 8.&nbsp;srpna 2021.<\/p>\r\n<p>[\/perex]<\/p>\r\n<p>Je zdrojem velk\u00e9 \u00falevy, ale n\u011bkdy jen pouh\u00e1 my\u0161lenka na n\u011bj nah\u00e1n\u00ed hr\u016fzu. N\u011bkter\u00fdm zp\u0159eh\u00e1zel \u017eivot naruby, n\u011bkte\u0159\u00ed j\u00edm pro\u0161li ani nev\u00ed jak. N\u011bkdo ho st\u00e1le odkl\u00e1d\u00e1, n\u011bkdo se rozhodl, \u017ee ho podstupovat nebude. \u0158e\u010d je o&nbsp;coming outu. T\u00e9ma, kter\u00e9 se n\u011bjak t\u00fdk\u00e1 ka\u017ed\u00e9ho LGBT+ \u010dlov\u011bka, bude hlavn\u00edm t\u00e9matem leto\u0161n\u00edho ro\u010dn\u00edku, kter\u00fd se letos kon\u00e1 prvn\u00ed t\u00fdden v\u00a0srpnu.<\/p>\r\n<p>Pr\u016fzkumy ukazuj\u00ed, \u017ee otev\u0159en\u011b mluvit o&nbsp;sv\u00e9 men\u0161inov\u00e9 orientaci \u010di identit\u011b je pom\u011brn\u011b v\u00fdjime\u010dn\u00e9 \u2013 d\u011bl\u00e1 to jen 18&nbsp;% \u010desk\u00fdch LGBT+ lid\u00ed. Je to sice v\u00edc ne\u017e na Slovensku (9&nbsp;%) nebo v\u00a0Polsku (7&nbsp;%), z\u00e1padn\u00edm soused\u016fm ale m\u016f\u017eeme jen z\u00e1vid\u011bt. Mo\u017en\u00e1 pr\u00e1v\u011b proto bude coming out nosn\u00fdm t\u00e9matem leto\u0161n\u00edho festivalu Prague Pride, kter\u00fd prob\u011bhne od 2.&nbsp;do 8.&nbsp;srpna 2021.<\/p>\r\n<p><strong>Prague Pride na \u010derstv\u00e9m vzduchu<\/strong><\/p>\r\n<p>\u017de se venku p\u0159enosu vir\u016f tolik neda\u0159\u00ed, to u\u017e dneska v\u00edme v\u0161ichni. Pr\u00e1v\u011b proto letos bude je\u0161t\u011b v\u00edc outdoor akc\u00ed ne\u017e obvykle. Pro prvn\u00ed t\u00fdden v\u00a0srpnu vznikne festivalov\u00e1 vesni\u010dka Pride Village na <a href=\"https:\/\/festival.praguepride.com\/cs\/program\/pride-village\" target=\"_blank\" rel=\"noopener\">St\u0159eleck\u00e9m ostrov\u011b<\/a>, a&nbsp;duhou se rozz\u00e1\u0159\u00ed i&nbsp;obrovsk\u00e9 n\u00e1dvo\u0159\u00ed <a href=\"https:\/\/festival.praguepride.com\/cs\/program\/pride-house\" target=\"_blank\" rel=\"noopener\">Kas\u00e1ren Karl\u00edn<\/a>.\u00a0Pr\u016fvod letos bohu\u017eel nebude.\u00a0Festival ka\u017edoro\u010dn\u011b vrchol\u00ed v\u00a0sobotu, a&nbsp;i&nbsp;letos bude festivalov\u00fd v\u00edkend nabit\u00fd skv\u011bl\u00fdmi akcemi.<\/p>\r\n<p><strong>Prague Pride online<\/strong><\/p>\r\n<p>Prague Pride si zakl\u00e1d\u00e1 na tom, \u017ee je to festival pro ka\u017ed\u00e9ho. I&nbsp;proto je vstup na drtivou v\u011bt\u0161inu programu zdarma. Jen\u017ee ne ka\u017ed\u00fd m\u016f\u017ee b\u00fdt prvn\u00ed srpnov\u00fd t\u00fdden v\u00a0Praze \u2013 co\u017e v\u0161ak v\u00a0dob\u011b, kdy se velk\u00e1 \u010d\u00e1st na\u0161ich aktivit p\u0159esunula do onlinu, u\u017e nen\u00ed p\u0159ek\u00e1\u017eka. Letos je v\u00a0pl\u00e1nu online Pride Stream, d\u00edky kter\u00e9mu se bude moct Prague Pride z\u00fa\u010dastnit \u00fapln\u011b ka\u017ed\u00fd, kdo m\u00e1\u00a0p\u0159ipojen\u00ed k\u00a0internetu.<\/p>\r\n<p><strong>Prague Pride a&nbsp;um\u011bn\u00ed<\/strong><\/p>\r\n<p>Mezi queer lidmi je hodn\u011b um\u011bleck\u00fdch talent\u016f, a&nbsp;pr\u00e1v\u011b jim leto\u0161n\u00ed festival poskytne prostor. Milovn\u00edci nev\u0161edn\u00edch um\u011bleck\u00fdch z\u00e1\u017eitk\u016f, t\u011b\u0161te se, proto\u017ee prvn\u00ed t\u00fdden v\u00a0srpnu se nasyt\u00edte. Prague Pride nab\u00eddne od v\u00fdstav v\u00fdtvarn\u00e9ho um\u011bn\u00ed p\u0159es hudbu a&nbsp;divadlo a\u017e po \u017eiv\u00e9 performance.<\/p>\r\n<p><strong>Prague Pride pro hloubav\u00e9<\/strong><\/p>\r\n<p>Queer t\u00e9mat je hodn\u011b \u2013 tak moc, \u017ee nen\u00ed lehk\u00e9 udr\u017eet si p\u0159ehled. Kdo chce b\u00fdt v\u00a0obraze, tomu Prague Pride nab\u00eddne nejen potravu pro mozek a&nbsp;mnoho n\u00e1m\u011bt\u016f k\u00a0p\u0159em\u00fd\u0161len\u00ed, ale i&nbsp;porci z\u00e1bavy. Debaty, talkshows obl\u00edben\u00ed podcaste\u0159i na\u017eivo\u2026 Mluvit se bude hodn\u011b, a&nbsp;to o&nbsp;d\u016fle\u017eit\u00fdch v\u011bcech!<\/p>","protected":false},"excerpt":{"rendered":"[perex] V\u00a0pra\u017esk\u00e9 metropoli odstartoval 11.&nbsp;ro\u010dn\u00edk festivalu Prague Pride s\u00a0podtitulem Coming Out, kter\u00fd i&nbsp;bez barevn\u00e9ho pr\u016fvodu nab\u00eddne p\u0159es sto r\u016fzn\u00fdch kulturn\u00edch akc\u00ed. U&nbsp;t\u00e9to p\u0159\u00edle\u017eitosti vyv\u011bsili m\u00edstostarostky Hana T\u0159e\u0161t\u00edkov\u00e1 a&nbsp;Lenka Burgerov\u00e1 spole\u010dn\u011b s\u00a0radn\u00edmi Ond\u0159ejem Mirovsk\u00fdm a\u00a0Ji\u0159\u00edm Knitlem na radnici Prahy\u00a07 duhovou vlajku, kter\u00e1 p\u0159edstavuje symbol tolerance i&nbsp;rozmanitosti. Kompletn\u00ed program festivalu &#8211; p\u0159edstaven\u00ed, workshopy, besedy, online streamy aj. [&hellip;]","protected":false},"author":97,"featured_media":50106,"comment_status":"closed","ping_status":"open","sticky":false,"template":"","format":"standard","meta":[],"categories":[34],"tags":[],"_links":{"self":[{"href":"https:\/\/www.praha7.cz\/api\/wp\/v2\/posts\/50105"}],"collection":[{"href":"https:\/\/www.praha7.cz\/api\/wp\/v2\/posts"}],"about":[{"href":"https:\/\/www.praha7.cz\/api\/wp\/v2\/types\/post"}],"author":[{"embeddable":true,"href":"https:\/\/www.praha7.cz\/api\/wp\/v2\/users\/97"}],"replies":[{"embeddable":true,"href":"https:\/\/www.praha7.cz\/api\/wp\/v2\/comments?post=50105"}],"version-history":[{"count":4,"href":"https:\/\/www.praha7.cz\/api\/wp\/v2\/posts\/50105\/revisions"}],"predecessor-version":[{"id":50110,"href":"https:\/\/www.praha7.cz\/api\/wp\/v2\/posts\/50105\/revisions\/50110"}],"wp:featuredmedia":[{"embeddable":true,"href":"https:\/\/www.praha7.cz\/api\/wp\/v2\/media\/50106"}],"wp:attachment":[{"href":"https:\/\/www.praha7.cz\/api\/wp\/v2\/media?parent=50105"}],"wp:term":[{"taxonomy":"category","embeddable":true,"href":"https:\/\/www.praha7.cz\/api\/wp\/v2\/categories?post=50105"},{"taxonomy":"post_tag","embeddable":true,"href":"https:\/\/www.praha7.cz\/api\/wp\/v2\/tags?post=50105"}],"curies":[{"name":"wp","href":"https:\/\/api.w.org\/{rel}","templated":true}]}}