    
{"id":49861,"date":"2021-07-16T15:13:56","date_gmt":"2021-07-16T13:13:56","guid":{"rendered":"https:\/\/www.praha7.cz\/?p=49861"},"modified":"2021-07-16T15:14:47","modified_gmt":"2021-07-16T13:14:47","slug":"nataceni-v-oblasti-holesovice-bubny","status":"publish","type":"post","link":"https:\/\/www.praha7.cz\/nataceni-v-oblasti-holesovice-bubny\/","title":{"rendered":"Nat\u00e1\u010den\u00ed v&nbsp;oblasti Hole\u0161ovice \u2013 Bubny"},"content":{"rendered":"<p>[perex]<\/p>\r\n<p>Upozor\u0148ujeme ob\u010dany, \u017ee na voln\u00e9m prostranstv\u00ed v\u00a0oblasti Hole\u0161ovice \u2013 Bubny prob\u011bhne <strong>ve dnech 16.&nbsp;a&nbsp;19.&nbsp;7.<\/strong> nat\u00e1\u010den\u00ed spojen\u00e9 se zahrani\u010dn\u00edm ak\u010dn\u00edm filmem \u201eThe Gray Man\u201c, o&nbsp;kter\u00e9m jsme v\u00e1s informovali v\u00a0souvislosti s\u00a0<a href=\"https:\/\/www.praha7.cz\/filmari-z-hollywoodu-v-ulici-dukelskych-hrdinu\/\">uzav\u0159en\u00edm ulice Dukelsk\u00fdch hrdin\u016f po\u010d\u00e1tkem m\u011bs\u00edce<\/a>. Nat\u00e1\u010den\u00ed neprob\u00edh\u00e1 na ve\u0159ejn\u00e9m prostranstv\u00ed a&nbsp;nejsou s\u00a0n\u00edm spojen\u00e1 \u017e\u00e1dn\u00e1 dopravn\u00ed omezen\u00ed. Vzhledem k&nbsp;charakteru filmu je v\u0161ak t\u0159eba upozornit na to, \u017ee bude p\u0159i nat\u00e1\u010den\u00ed doch\u00e1zet k&nbsp;simulovan\u00e9 st\u0159elb\u011b, v\u00fdbuch\u016fm a&nbsp;jin\u00fdm ak\u010dn\u00edm prvk\u016fm. Tyto hlu\u010dn\u011bj\u0161\u00ed sc\u00e9ny budou nat\u00e1\u010deny v\u00fdhradn\u011b v&nbsp;\u010dase 9:30 \u2013 19:00 hodin.<\/p>\r\n<p><strong>V\u00edce informac\u00ed naleznete <a href=\"https:\/\/www.praha7.cz\/wp-content\/uploads\/2021\/07\/4-Letak-A4_TGM_Holesovice-Yeard_varianta-1.pdf\">ZDE<\/a>.<\/strong><\/p>\r\n<p>[\/perex]<\/p>","protected":false},"excerpt":{"rendered":"[perex] Upozor\u0148ujeme ob\u010dany, \u017ee na voln\u00e9m prostranstv\u00ed v\u00a0oblasti Hole\u0161ovice \u2013 Bubny prob\u011bhne ve dnech 16.&nbsp;a&nbsp;19.&nbsp;7.&nbsp;nat\u00e1\u010den\u00ed spojen\u00e9 se zahrani\u010dn\u00edm ak\u010dn\u00edm filmem \u201eThe Gray Man\u201c, o&nbsp;kter\u00e9m jsme v\u00e1s informovali v\u00a0souvislosti s\u00a0uzav\u0159en\u00edm ulice Dukelsk\u00fdch hrdin\u016f po\u010d\u00e1tkem m\u011bs\u00edce. Nat\u00e1\u010den\u00ed neprob\u00edh\u00e1 na ve\u0159ejn\u00e9m prostranstv\u00ed a&nbsp;nejsou s\u00a0n\u00edm spojen\u00e1 \u017e\u00e1dn\u00e1 dopravn\u00ed omezen\u00ed. Vzhledem k&nbsp;charakteru filmu je v\u0161ak t\u0159eba upozornit na to, [&hellip;]","protected":false},"author":5,"featured_media":49376,"comment_status":"closed","ping_status":"open","sticky":false,"template":"","format":"standard","meta":[],"categories":[34],"tags":[],"_links":{"self":[{"href":"https:\/\/www.praha7.cz\/api\/wp\/v2\/posts\/49861"}],"collection":[{"href":"https:\/\/www.praha7.cz\/api\/wp\/v2\/posts"}],"about":[{"href":"https:\/\/www.praha7.cz\/api\/wp\/v2\/types\/post"}],"author":[{"embeddable":true,"href":"https:\/\/www.praha7.cz\/api\/wp\/v2\/users\/5"}],"replies":[{"embeddable":true,"href":"https:\/\/www.praha7.cz\/api\/wp\/v2\/comments?post=49861"}],"version-history":[{"count":2,"href":"https:\/\/www.praha7.cz\/api\/wp\/v2\/posts\/49861\/revisions"}],"predecessor-version":[{"id":49864,"href":"https:\/\/www.praha7.cz\/api\/wp\/v2\/posts\/49861\/revisions\/49864"}],"wp:featuredmedia":[{"embeddable":true,"href":"https:\/\/www.praha7.cz\/api\/wp\/v2\/media\/49376"}],"wp:attachment":[{"href":"https:\/\/www.praha7.cz\/api\/wp\/v2\/media?parent=49861"}],"wp:term":[{"taxonomy":"category","embeddable":true,"href":"https:\/\/www.praha7.cz\/api\/wp\/v2\/categories?post=49861"},{"taxonomy":"post_tag","embeddable":true,"href":"https:\/\/www.praha7.cz\/api\/wp\/v2\/tags?post=49861"}],"curies":[{"name":"wp","href":"https:\/\/api.w.org\/{rel}","templated":true}]}}