    
{"id":49511,"date":"2021-06-28T17:34:49","date_gmt":"2021-06-28T15:34:49","guid":{"rendered":"https:\/\/www.praha7.cz\/?p=49511"},"modified":"2021-06-28T17:41:31","modified_gmt":"2021-06-28T15:41:31","slug":"studenti-debatovali-o-distancni-vyuce","status":"publish","type":"post","link":"https:\/\/www.praha7.cz\/studenti-debatovali-o-distancni-vyuce\/","title":{"rendered":"Studenti debatovali o&nbsp;distan\u010dn\u00ed v\u00fduce"},"content":{"rendered":"<p>[perex]<\/p>\r\n<p>Ve \u010dtvrtek 24.&nbsp;\u010dervna prob\u011bhla ve Vod\u00e1rensk\u00e9 v\u011b\u017ei na Letn\u00e9 debata pro studenty st\u0159edn\u00edch \u0161kol s\u00a0n\u00e1zvem &#8222;Distan\u010dn\u00ed v\u00fduka jako revoluce?&#8220;. Setk\u00e1n\u00ed uspo\u0159\u00e1dalo Zastupitelstvo mlad\u00fdch Prahy&nbsp;7 ve spolupr\u00e1ci s\u00a0M\u010c Praha&nbsp;7.<\/p>\r\n<p>[\/perex]<\/p>\r\n<p>\u00da\u010dastn\u00edky do problematiky \u010desk\u00e9ho \u0161kolstv\u00ed v&nbsp;dob\u011b pandemie uvedl spoluzakladatel informa\u010dn\u00edho centra o&nbsp;vzd\u011bl\u00e1v\u00e1n\u00ed EDUin Tom\u00e1\u0161 Fe\u0159tek, debaty se z\u00fa\u010dastnila tak\u00e9 radn\u00ed Prahy&nbsp;7 pro oblast \u0161kolstv\u00ed a&nbsp;vzd\u011bl\u00e1v\u00e1n\u00ed Hana \u0160i\u0161kov\u00e1.<\/p>\r\n<p>\u00da\u010dastn\u00edci si v\u00a0r\u00e1mci diskuze vym\u011bnili sv\u00e9 zku\u0161enosti s\u00a0online v\u00fdukou, probrali jej\u00ed nev\u00fdhody \u010di v\u00fdhody oproti v\u00fduce prezen\u010dn\u00ed a&nbsp;soci\u00e1ln\u00ed dopady na u\u010ditele a&nbsp;\u017e\u00e1ky.<\/p>\r\n<p>Studenti p\u0159i\u0161li s&nbsp;\u0159adou zaj\u00edmav\u00fdch podn\u011bt\u016f k\u00a0organizaci a&nbsp;pr\u016fb\u011bhu distan\u010dn\u00ed v\u00fduky, probrali p\u0159\u00ednosy uplynul\u00e9ho obdob\u00ed, jako je v\u011bt\u0161\u00ed flexibilita nebo pou\u017e\u00edv\u00e1n\u00ed interaktivn\u00edch v\u00fdukov\u00fdch n\u00e1stroj\u016f, i&nbsp;jeho negativa v&nbsp;podob\u011b v\u011bt\u0161\u00ed \u010dasov\u00e9 n\u00e1ro\u010dnosti v\u00fduky a&nbsp;nejednotn\u00e9ho p\u0159\u00edstupu a&nbsp;n\u00e1rok\u016f na \u017e\u00e1ky.\u00a0 \u010casto zmi\u0148ovanou ot\u00e1zkou byl t\u00e9\u017e zp\u016fsob hodnocen\u00ed studijn\u00edch v\u00fdsledk\u016f v\u00a0dob\u011b mimo\u0159\u00e1dn\u00fdch opat\u0159en\u00ed, jako jsou zav\u0159en\u00e9 \u0161koly z\u00a0d\u016fvodu pandemie.<\/p>\r\n<p>Podn\u011bty a&nbsp;v\u00fdstupy z&nbsp;debaty pl\u00e1nuje Zastupitelstvo mlad\u00fdch i&nbsp;M\u010c Praha&nbsp;7 vyu\u017e\u00edt jako podklady pro svou dal\u0161\u00ed \u010dinnost a&nbsp;jedn\u00e1n\u00ed na\u00a0t\u00e9ma distan\u010dn\u00ed v\u00fduky s&nbsp;Magistr\u00e1tem hl. m. Prahy.<\/p>","protected":false},"excerpt":{"rendered":"[perex] Ve \u010dtvrtek 24.&nbsp;\u010dervna prob\u011bhla ve Vod\u00e1rensk\u00e9 v\u011b\u017ei na Letn\u00e9 debata pro studenty st\u0159edn\u00edch \u0161kol s\u00a0n\u00e1zvem &#8222;Distan\u010dn\u00ed v\u00fduka jako revoluce?&#8220;. Setk\u00e1n\u00ed uspo\u0159\u00e1dalo Zastupitelstvo mlad\u00fdch Prahy&nbsp;7 ve spolupr\u00e1ci s\u00a0M\u010c Praha&nbsp;7. [\/perex] \u00da\u010dastn\u00edky do problematiky \u010desk\u00e9ho \u0161kolstv\u00ed v&nbsp;dob\u011b pandemie uvedl spoluzakladatel informa\u010dn\u00edho centra o&nbsp;vzd\u011bl\u00e1v\u00e1n\u00ed EDUin Tom\u00e1\u0161 Fe\u0159tek, debaty se z\u00fa\u010dastnila tak\u00e9 radn\u00ed Prahy&nbsp;7 pro oblast \u0161kolstv\u00ed a&nbsp;vzd\u011bl\u00e1v\u00e1n\u00ed [&hellip;]","protected":false},"author":5,"featured_media":49513,"comment_status":"closed","ping_status":"open","sticky":false,"template":"","format":"standard","meta":[],"categories":[34],"tags":[],"_links":{"self":[{"href":"https:\/\/www.praha7.cz\/api\/wp\/v2\/posts\/49511"}],"collection":[{"href":"https:\/\/www.praha7.cz\/api\/wp\/v2\/posts"}],"about":[{"href":"https:\/\/www.praha7.cz\/api\/wp\/v2\/types\/post"}],"author":[{"embeddable":true,"href":"https:\/\/www.praha7.cz\/api\/wp\/v2\/users\/5"}],"replies":[{"embeddable":true,"href":"https:\/\/www.praha7.cz\/api\/wp\/v2\/comments?post=49511"}],"version-history":[{"count":1,"href":"https:\/\/www.praha7.cz\/api\/wp\/v2\/posts\/49511\/revisions"}],"predecessor-version":[{"id":49514,"href":"https:\/\/www.praha7.cz\/api\/wp\/v2\/posts\/49511\/revisions\/49514"}],"wp:featuredmedia":[{"embeddable":true,"href":"https:\/\/www.praha7.cz\/api\/wp\/v2\/media\/49513"}],"wp:attachment":[{"href":"https:\/\/www.praha7.cz\/api\/wp\/v2\/media?parent=49511"}],"wp:term":[{"taxonomy":"category","embeddable":true,"href":"https:\/\/www.praha7.cz\/api\/wp\/v2\/categories?post=49511"},{"taxonomy":"post_tag","embeddable":true,"href":"https:\/\/www.praha7.cz\/api\/wp\/v2\/tags?post=49511"}],"curies":[{"name":"wp","href":"https:\/\/api.w.org\/{rel}","templated":true}]}}