    
{"id":49496,"date":"2021-06-28T13:06:32","date_gmt":"2021-06-28T11:06:32","guid":{"rendered":"https:\/\/www.praha7.cz\/?p=49496"},"modified":"2021-06-28T13:06:32","modified_gmt":"2021-06-28T11:06:32","slug":"letni-kino-doxu-uvede-12-filmovych-zpracovani-ocenovanych-romanu","status":"publish","type":"post","link":"https:\/\/www.praha7.cz\/letni-kino-doxu-uvede-12-filmovych-zpracovani-ocenovanych-romanu\/","title":{"rendered":"Letn\u00ed kino DOXU uvede 12 filmov\u00fdch zpracov\u00e1n\u00ed oce\u0148ovan\u00fdch rom\u00e1n\u016f"},"content":{"rendered":"<p>[perex]<\/p>\r\n<p>St\u0159echa multifunk\u010dn\u00edho s\u00e1lu DOX+ s&nbsp;v\u00fdhledem na vzducholo\u010f Gulliver p\u0159es den slou\u017e\u00ed jako velkorys\u00e1 netradi\u010dn\u00ed terasa, po z\u00e1padu slunce se prom\u011bn\u00ed v&nbsp;letn\u00ed kino Evergreen. Od 30.&nbsp;\u010dervna do 15.&nbsp;z\u00e1\u0159\u00ed 2021 zde ka\u017edou st\u0159edu od 21 hodin\u00a0<a href=\"https:\/\/www.dox.cz\/\">Centrum sou\u010dasn\u00e9ho um\u011bn\u00ed DOX<\/a> uvede 12 filmov\u00fdch zpracov\u00e1n\u00ed oce\u0148ovan\u00fdch rom\u00e1n\u016f p\u0159edn\u00edch sv\u011btov\u00fdch autor\u016f. Filmy budou uvedeny v&nbsp;origin\u00e1ln\u00edm zn\u011bn\u00ed s&nbsp;titulky. V&nbsp;p\u0159\u00edpad\u011b de\u0161tiv\u00e9ho po\u010das\u00ed se projekce p\u0159esune do s\u00e1lu DOX+.<\/p>\r\n<p>[\/perex]<\/p>\r\n<p><span style=\"text-decoration: underline;\">Program:\u00a0<\/span><br \/>\r\n<strong>30.&nbsp;6. P\u011bna dn\u00ed<\/strong> podle rom\u00e1nu Borise Viana, re\u017eie Michel Gondry, 2013<br \/>\r\n<strong>7.&nbsp;7. Pokoj<\/strong> podle rom\u00e1nu Emmy Donoghue, re\u017eie Lenny Abrahamson, 2015<br \/>\r\n<strong>14.&nbsp;7. Talentovan\u00fd pan Ripley<\/strong> podle rom\u00e1nu Patricie Highsmithov\u00e9, re\u017eie Anthony Minghella, 1999<br \/>\r\n<strong>21.&nbsp;7. Hodiny<\/strong> podle rom\u00e1nu Michaela Cunninghama, re\u017eie Stephen Daldry, 2002<br \/>\r\n<strong>28.&nbsp;7. Maj\u00e1k<\/strong> podle pov\u00eddky Edgara Allana Poea, re\u017eie Robert Eggers, 2019<br \/>\r\n<strong>4.&nbsp;8. Co den dlu\u017e\u00ed noci<\/strong> podle rom\u00e1nu Yasminy Khadry, re\u017eie Alexandre Arcady, 2012<br \/>\r\n<strong>11.&nbsp;8. Pok\u00e1n\u00ed<\/strong> podle rom\u00e1nu Iana McEwana, re\u017eie Joe Wright, 2007<br \/>\r\n<strong>18.&nbsp;8. Ze\u010f<\/strong> podle rom\u00e1nu Marlen Hauhoferov\u00e9, re\u017eie Julian Roman P\u00f6lsler, 2012<br \/>\r\n<strong>25.&nbsp;8. J\u00edt kr\u00e1st kon\u011b<\/strong> podle rom\u00e1nu Pera Pettersona, re\u017eie Hans Petter Moland, 2019<br \/>\r\n<strong>1.&nbsp;9. No\u010dn\u00ed vlak do Lisabonu<\/strong> podle rom\u00e1nu Pascala Merciera, re\u017eie Bille August, 2013<br \/>\r\n<strong>8.&nbsp;9. Soumrak dne<\/strong> podle rom\u00e1nu Kazua Ishigura, re\u017eie James Ivory, 1993<br \/>\r\n<strong>15.&nbsp;9. Lovec drak\u016f<\/strong> podle rom\u00e1nu Khaleda Hosseiniho, re\u017eie Marc Forster, 2007<\/p>\r\n<hr \/>\r\n<p>Cena vstupenky je 140&nbsp;K\u010d.\u00a0<\/p>\r\n<hr \/>\r\n<p><em>Filmy Ze\u010f a&nbsp;No\u010dn\u00ed vlak do Lisabonu jsou uvedeny v&nbsp;r\u00e1mci projektu Das Sommerkino \u2013 ve spolupr\u00e1ci s&nbsp;Goethe-Institutem, Rakousk\u00fdm kulturn\u00edm f\u00f3rem v\u00a0Praze a&nbsp;\u0160v\u00fdcarsk\u00fdm velvyslanectv\u00edm.<\/em><\/p>","protected":false},"excerpt":{"rendered":"[perex] St\u0159echa multifunk\u010dn\u00edho s\u00e1lu DOX+ s&nbsp;v\u00fdhledem na vzducholo\u010f Gulliver p\u0159es den slou\u017e\u00ed jako velkorys\u00e1 netradi\u010dn\u00ed terasa, po z\u00e1padu slunce se prom\u011bn\u00ed v&nbsp;letn\u00ed kino Evergreen. Od 30.&nbsp;\u010dervna do 15.&nbsp;z\u00e1\u0159\u00ed 2021 zde ka\u017edou st\u0159edu od 21 hodin\u00a0Centrum sou\u010dasn\u00e9ho um\u011bn\u00ed DOX uvede 12 filmov\u00fdch zpracov\u00e1n\u00ed oce\u0148ovan\u00fdch rom\u00e1n\u016f p\u0159edn\u00edch sv\u011btov\u00fdch autor\u016f. Filmy budou uvedeny v&nbsp;origin\u00e1ln\u00edm zn\u011bn\u00ed s&nbsp;titulky. V&nbsp;p\u0159\u00edpad\u011b de\u0161tiv\u00e9ho [&hellip;]","protected":false},"author":76,"featured_media":49501,"comment_status":"closed","ping_status":"open","sticky":false,"template":"","format":"standard","meta":[],"categories":[34],"tags":[],"_links":{"self":[{"href":"https:\/\/www.praha7.cz\/api\/wp\/v2\/posts\/49496"}],"collection":[{"href":"https:\/\/www.praha7.cz\/api\/wp\/v2\/posts"}],"about":[{"href":"https:\/\/www.praha7.cz\/api\/wp\/v2\/types\/post"}],"author":[{"embeddable":true,"href":"https:\/\/www.praha7.cz\/api\/wp\/v2\/users\/76"}],"replies":[{"embeddable":true,"href":"https:\/\/www.praha7.cz\/api\/wp\/v2\/comments?post=49496"}],"version-history":[{"count":5,"href":"https:\/\/www.praha7.cz\/api\/wp\/v2\/posts\/49496\/revisions"}],"predecessor-version":[{"id":49503,"href":"https:\/\/www.praha7.cz\/api\/wp\/v2\/posts\/49496\/revisions\/49503"}],"wp:featuredmedia":[{"embeddable":true,"href":"https:\/\/www.praha7.cz\/api\/wp\/v2\/media\/49501"}],"wp:attachment":[{"href":"https:\/\/www.praha7.cz\/api\/wp\/v2\/media?parent=49496"}],"wp:term":[{"taxonomy":"category","embeddable":true,"href":"https:\/\/www.praha7.cz\/api\/wp\/v2\/categories?post=49496"},{"taxonomy":"post_tag","embeddable":true,"href":"https:\/\/www.praha7.cz\/api\/wp\/v2\/tags?post=49496"}],"curies":[{"name":"wp","href":"https:\/\/api.w.org\/{rel}","templated":true}]}}