    
{"id":49454,"date":"2021-06-25T14:49:40","date_gmt":"2021-06-25T12:49:40","guid":{"rendered":"https:\/\/www.praha7.cz\/?p=49454"},"modified":"2021-06-25T14:51:01","modified_gmt":"2021-06-25T12:51:01","slug":"pomoc-obcim-zasazenym-tornadem","status":"publish","type":"post","link":"https:\/\/www.praha7.cz\/pomoc-obcim-zasazenym-tornadem\/","title":{"rendered":"Pomoc obc\u00edm zasa\u017een\u00fdm torn\u00e1dem"},"content":{"rendered":"<p>[perex]<\/p>\r\n<p>Praha&nbsp;7 vyjad\u0159uje \u00fa\u010dast obyvatel\u016fm obc\u00ed na ji\u017en\u00ed Morav\u011b, kte\u0159\u00ed \u010del\u00ed tragick\u00fdm n\u00e1sledk\u016fm ni\u010div\u00e9ho torn\u00e1da a&nbsp;siln\u00fdch bou\u0159\u00ed. P\u0159ejeme hodn\u011b sil v\u0161em, kte\u0159\u00ed p\u0159i\u0161li o&nbsp;sv\u00e9 bl\u00edzk\u00e9 nebo st\u0159echu nad hlavou. Mysl\u00edme na v\u00e1s.<\/p>\r\n<p>[\/perex]<\/p>\r\n<p>Foto: HZS JMK<\/p>\r\n<p>&nbsp;<\/p>\r\n<p>Hasi\u010dsk\u00fd z\u00e1chrann\u00fd sbor pros\u00ed, aby lid\u00e9, kte\u0159\u00ed nab\u00edzej\u00ed jakoukoli pomoc pro posti\u017eenou oblast, nevolali na t\u00eds\u0148ov\u00e9 linky. Hasi\u010de m\u016f\u017eete v\u00a0t\u00e9to souvislosti kontaktovat prost\u0159ednictv\u00edm e-mail\u016f: <a href=\"mailto:hp@grh.izscr.cz\">hp@grh.izscr.cz<\/a>, <a href=\"mailto:stab@aak.izscr.cz\">stab@aak.izscr.cz<\/a><\/p>\r\n<p>Jihomoravsk\u00fd kraj spustil tak\u00e9 krizovou linku. S&nbsp;nab\u00eddkami pomoci se mohou lid\u00e9 obracet na \u010d\u00edslo: 800&nbsp;129\u00a0921, p\u0159\u00edp. e-mail: <a href=\"mailto:dobrovolnici@jmk.cz\">dobrovolnici@jmk.cz<\/a><\/p>\r\n<p>O dal\u0161\u00edch mo\u017enostech zapojen\u00ed do podpory zasa\u017een\u00fdch obc\u00ed se m\u016f\u017eete do\u010d\u00edst <a href=\"https:\/\/ct24.ceskatelevize.cz\/domaci\/3331804-obetem-tornada-a-silnych-bouri-lze-pomoci-financne-i-materialne-nadace-uz-vybraly?fbclid=IwAR2zYeNuluIa7vjZZK0XUdo07TdNjJDvaReXc6mWQ6VicRtwqWRxo3mGoxY\">ZDE<\/a>.<\/p>","protected":false},"excerpt":{"rendered":"[perex] Praha&nbsp;7 vyjad\u0159uje \u00fa\u010dast obyvatel\u016fm obc\u00ed na ji\u017en\u00ed Morav\u011b, kte\u0159\u00ed \u010del\u00ed tragick\u00fdm n\u00e1sledk\u016fm ni\u010div\u00e9ho torn\u00e1da a&nbsp;siln\u00fdch bou\u0159\u00ed. P\u0159ejeme hodn\u011b sil v\u0161em, kte\u0159\u00ed p\u0159i\u0161li o&nbsp;sv\u00e9 bl\u00edzk\u00e9 nebo st\u0159echu nad hlavou. Mysl\u00edme na v\u00e1s. [\/perex] Foto: HZS JMK &nbsp; Hasi\u010dsk\u00fd z\u00e1chrann\u00fd sbor pros\u00ed, aby lid\u00e9, kte\u0159\u00ed nab\u00edzej\u00ed jakoukoli pomoc pro posti\u017eenou oblast, nevolali na t\u00eds\u0148ov\u00e9 linky. Hasi\u010de [&hellip;]","protected":false},"author":5,"featured_media":49455,"comment_status":"closed","ping_status":"open","sticky":false,"template":"","format":"standard","meta":[],"categories":[34],"tags":[],"_links":{"self":[{"href":"https:\/\/www.praha7.cz\/api\/wp\/v2\/posts\/49454"}],"collection":[{"href":"https:\/\/www.praha7.cz\/api\/wp\/v2\/posts"}],"about":[{"href":"https:\/\/www.praha7.cz\/api\/wp\/v2\/types\/post"}],"author":[{"embeddable":true,"href":"https:\/\/www.praha7.cz\/api\/wp\/v2\/users\/5"}],"replies":[{"embeddable":true,"href":"https:\/\/www.praha7.cz\/api\/wp\/v2\/comments?post=49454"}],"version-history":[{"count":3,"href":"https:\/\/www.praha7.cz\/api\/wp\/v2\/posts\/49454\/revisions"}],"predecessor-version":[{"id":49458,"href":"https:\/\/www.praha7.cz\/api\/wp\/v2\/posts\/49454\/revisions\/49458"}],"wp:featuredmedia":[{"embeddable":true,"href":"https:\/\/www.praha7.cz\/api\/wp\/v2\/media\/49455"}],"wp:attachment":[{"href":"https:\/\/www.praha7.cz\/api\/wp\/v2\/media?parent=49454"}],"wp:term":[{"taxonomy":"category","embeddable":true,"href":"https:\/\/www.praha7.cz\/api\/wp\/v2\/categories?post=49454"},{"taxonomy":"post_tag","embeddable":true,"href":"https:\/\/www.praha7.cz\/api\/wp\/v2\/tags?post=49454"}],"curies":[{"name":"wp","href":"https:\/\/api.w.org\/{rel}","templated":true}]}}