    
{"id":49311,"date":"2021-06-21T17:46:57","date_gmt":"2021-06-21T15:46:57","guid":{"rendered":"https:\/\/www.praha7.cz\/?p=49311"},"modified":"2021-06-28T15:07:02","modified_gmt":"2021-06-28T13:07:02","slug":"omezeni-provozu-infocentra-milady-horakove-2-ve-ctvrtek-24-6","status":"publish","type":"post","link":"https:\/\/www.praha7.cz\/omezeni-provozu-infocentra-milady-horakove-2-ve-ctvrtek-24-6\/","title":{"rendered":"Omezen\u00ed provozu infocentra Milady Hor\u00e1kov\u00e9 2 v&nbsp;term\u00ednech 24.&nbsp;6.&nbsp;a&nbsp;1.&nbsp;7."},"content":{"rendered":"<p>[perex]<\/p>\r\n<p>Upozor\u0148ujeme ob\u010dany, \u017ee ve \u010dtvrtek 24.&nbsp;6.&nbsp;bude z\u00a0provozn\u00edch d\u016fvod\u016f zkr\u00e1cena otev\u00edrac\u00ed doba Informa\u010dn\u00edho centra Milady Hor\u00e1kov\u00e9 2 do 15:00 hodin. Z\u00e1rove\u0148 informujeme, \u017ee ve \u010dtvrtek 1.&nbsp;7.&nbsp;bude v\u00a0infocentru zkr\u00e1cen provoz p\u0159ep\u00e1\u017eky v\u00fddeje parkovac\u00edch opr\u00e1vn\u011bn\u00ed do 17:00 hodin.<\/p>\r\n<p>D\u011bkujeme za pochopen\u00ed.<\/p>\r\n<p>[\/perex]<\/p>","protected":false},"excerpt":{"rendered":"[perex] Upozor\u0148ujeme ob\u010dany, \u017ee ve \u010dtvrtek 24.&nbsp;6.&nbsp;bude z\u00a0provozn\u00edch d\u016fvod\u016f zkr\u00e1cena otev\u00edrac\u00ed doba Informa\u010dn\u00edho centra Milady Hor\u00e1kov\u00e9 2 do 15:00 hodin. Z\u00e1rove\u0148 informujeme, \u017ee ve \u010dtvrtek 1.&nbsp;7.&nbsp;bude v\u00a0infocentru zkr\u00e1cen provoz p\u0159ep\u00e1\u017eky v\u00fddeje parkovac\u00edch opr\u00e1vn\u011bn\u00ed do 17:00 hodin. D\u011bkujeme za pochopen\u00ed. [\/perex]","protected":false},"author":5,"featured_media":37003,"comment_status":"closed","ping_status":"open","sticky":false,"template":"","format":"standard","meta":[],"categories":[34],"tags":[],"_links":{"self":[{"href":"https:\/\/www.praha7.cz\/api\/wp\/v2\/posts\/49311"}],"collection":[{"href":"https:\/\/www.praha7.cz\/api\/wp\/v2\/posts"}],"about":[{"href":"https:\/\/www.praha7.cz\/api\/wp\/v2\/types\/post"}],"author":[{"embeddable":true,"href":"https:\/\/www.praha7.cz\/api\/wp\/v2\/users\/5"}],"replies":[{"embeddable":true,"href":"https:\/\/www.praha7.cz\/api\/wp\/v2\/comments?post=49311"}],"version-history":[{"count":2,"href":"https:\/\/www.praha7.cz\/api\/wp\/v2\/posts\/49311\/revisions"}],"predecessor-version":[{"id":49507,"href":"https:\/\/www.praha7.cz\/api\/wp\/v2\/posts\/49311\/revisions\/49507"}],"wp:featuredmedia":[{"embeddable":true,"href":"https:\/\/www.praha7.cz\/api\/wp\/v2\/media\/37003"}],"wp:attachment":[{"href":"https:\/\/www.praha7.cz\/api\/wp\/v2\/media?parent=49311"}],"wp:term":[{"taxonomy":"category","embeddable":true,"href":"https:\/\/www.praha7.cz\/api\/wp\/v2\/categories?post=49311"},{"taxonomy":"post_tag","embeddable":true,"href":"https:\/\/www.praha7.cz\/api\/wp\/v2\/tags?post=49311"}],"curies":[{"name":"wp","href":"https:\/\/api.w.org\/{rel}","templated":true}]}}