    
{"id":49268,"date":"2021-06-21T13:13:24","date_gmt":"2021-06-21T11:13:24","guid":{"rendered":"https:\/\/www.praha7.cz\/?p=49268"},"modified":"2021-06-30T11:09:48","modified_gmt":"2021-06-30T09:09:48","slug":"pozvanka-na-5-radne-zasedani-zastupitelstva-mc-praha-7-4","status":"publish","type":"post","link":"https:\/\/www.praha7.cz\/pozvanka-na-5-radne-zasedani-zastupitelstva-mc-praha-7-4\/","title":{"rendered":"Pozv\u00e1nka na 5.&nbsp;\u0159\u00e1dn\u00e9 zased\u00e1n\u00ed Zastupitelstva M\u010c Praha&nbsp;7"},"content":{"rendered":"<p style=\"text-align: justify;\">[perex]<\/p>\r\n<p style=\"text-align: justify;\">5.&nbsp;\u0159\u00e1dn\u00e9 zased\u00e1n\u00ed Zastupitelstva M\u010c Praha&nbsp;7 se kon\u00e1 v&nbsp;pond\u011bl\u00ed dne 28.&nbsp;\u010dervna 2021 od 17:00 hodin. Online p\u0159enos naleznete <a href=\"https:\/\/youtu.be\/eH3Wu_2N5Vg\">ZDE<\/a>.<\/p>\r\n<p style=\"text-align: justify;\">Materi\u00e1ly ke sta\u017een\u00ed budou k\u00a0dispozici pod eviden\u010dn\u00edmi \u010d\u00edsly u\u00a0n\u00e1zv\u016f jednotliv\u00fdch bod\u016f.\u00a0<\/p>\r\n<p style=\"text-align: justify;\">[\/perex]<\/p>\r\n<p style=\"text-align: justify;\"><strong>Program 5.\u00a0\u0159\u00e1dn\u00e9ho zased\u00e1n\u00ed Zastupitelstva M\u010c Praha\u00a07\u00a0<\/strong><\/p>\r\n<ul style=\"text-align: justify;\">\r\n\t<li>Pravideln\u00fd bod programu za\u0159azen\u00fd za bod \u010d. 2 \u2013 Dotazy a&nbsp;p\u0159ipom\u00ednky ob\u010dan\u016f 1<\/li>\r\n\t<li>Pravideln\u00fd bod programu za\u0159azen\u00fd pevn\u011b na 18 hodinu \u2013 Dotazy a&nbsp;p\u0159ipom\u00ednky ob\u010dan\u016f 2\u00a0<\/li>\r\n<\/ul>\r\n<p style=\"text-align: justify;\"><strong>1.<\/strong>\u00a0 Zah\u00e1jen\u00ed &#8211; schv\u00e1len\u00ed programu<\/p>\r\n<p style=\"text-align: justify;\"><strong>2.<\/strong>\u00a0 N\u00c1VRH usnesen\u00ed k&nbsp;bez\u00faplatn\u00e9mu p\u0159evodu FZ\u0160 Pedf UK Um\u011bleck\u00e1 8 a&nbsp;k\u00a0 poskytnut\u00ed daru Arcibiskupsk\u00e9mu gymn\u00e1ziu, I\u010cO: 44846738 a&nbsp;Spolku JULIUS, z.s., I\u010cO 22728252 &#8211; nepot\u0159ebn\u00e9ho n\u00e1bytku na z\u00e1klad\u011b n\u00e1vrhu Likvida\u010dn\u00ed komise Rady M\u010c Praha&nbsp;7 &#8211; <a href=\"https:\/\/www.praha7.cz\/wp-content\/uploads\/2021\/06\/1864.zip\">\u010d. 1864<\/a><\/p>\r\n<p style=\"text-align: justify;\"><strong>3.<\/strong>\u00a0 N\u00c1VRH usnesen\u00ed k&nbsp;poskytnut\u00ed finan\u010dn\u00edho daru N\u00e1rodn\u00edmu technick\u00e9mu muzeu, I\u010cO: 00023299 na dokon\u010den\u00ed obnovy objektu Letensk\u00e9ho historick\u00e9ho koloto\u010de. &#8211; <a href=\"https:\/\/www.praha7.cz\/wp-content\/uploads\/2021\/06\/1874.zip\">\u010d.\u00a01874<\/a><\/p>\r\n<p style=\"text-align: justify;\"><strong>4.<\/strong>\u00a0 N\u00c1VRH usnesen\u00ed k&nbsp;vyhodnocen\u00ed ak\u010dn\u00edho pl\u00e1nu za rok 2020 &#8211; <a href=\"https:\/\/www.praha7.cz\/wp-content\/uploads\/2021\/06\/1866.zip\">\u010d. 1866<\/a><\/p>\r\n<p style=\"text-align: justify;\"><strong>5.<\/strong>\u00a0 N\u00c1VRH usnesen\u00ed k&nbsp;z\u00e1v\u011bre\u010dn\u00e9mu \u00fa\u010dtu a&nbsp;\u00fa\u010detn\u00ed z\u00e1v\u011brce M\u010c Praha&nbsp;7 za rok 2020 &#8211; <a href=\"https:\/\/file.praha7.cz\/odbory\/kst\/1865.zip\">\u010d. 1865<\/a><\/p>\r\n<p style=\"text-align: justify;\"><strong>6.<\/strong>\u00a0 N\u00c1VRH usnesen\u00ed ke zpr\u00e1v\u011b o&nbsp;v\u00fdsledc\u00edch hospoda\u0159en\u00ed M\u010c Praha&nbsp;7 za 1.&nbsp;\u010dtvrtlet\u00ed 2021 &#8211; hlavn\u00ed \u010dinnost &#8211; <a href=\"https:\/\/www.praha7.cz\/wp-content\/uploads\/2021\/06\/1870.zip\">\u010d. 1870<\/a><\/p>\r\n<p style=\"text-align: justify;\"><strong>7.<\/strong>\u00a0 N\u00c1VRH usnesen\u00ed ke zpr\u00e1v\u011b o&nbsp;v\u00fdsledc\u00edch hospoda\u0159en\u00ed M\u010c Praha&nbsp;7 za 1.&nbsp;\u010dtvrtlet\u00ed roku 2021 v&nbsp;r\u00e1mci hospod\u00e1\u0159sk\u00e9 \u010dinnosti &#8211; \u00faseku zda\u0148ovan\u00e9 \u010dinnosti &#8211; <a href=\"https:\/\/www.praha7.cz\/wp-content\/uploads\/2021\/06\/1869.zip\">\u010d. 1869<\/a><\/p>\r\n<p style=\"text-align: justify;\"><strong>8.\u00a0<\/strong> N\u00c1VRH usnesen\u00ed k&nbsp;drobn\u00fdm dispozic\u00edm s&nbsp;nemovitostmi ve sv\u011b\u0159en\u00e9 spr\u00e1v\u011b M\u010c Praha&nbsp;7 v&nbsp;domech spole\u010denstv\u00ed vlastn\u00edk\u016f &#8211; <a href=\"https:\/\/www.praha7.cz\/wp-content\/uploads\/2021\/06\/1838.zip\">\u010d- 1838<\/a><\/p>\r\n<p style=\"text-align: justify;\"><strong>9.<\/strong>\u00a0 N\u00c1VRH usnesen\u00ed k&nbsp;pod\u00e1n\u00ed \u017e\u00e1dosti o&nbsp;odkup \u00a0\u010d\u00e1sti pozemku parc. \u010d. 2416\/60 o&nbsp;v\u00fdm\u011b\u0159e 197 m\u00b2, v&nbsp;k.\u00fa. Hole\u0161ovice a&nbsp;o&nbsp;uzav\u0159en\u00ed smlouvy o&nbsp;budouc\u00edm uzav\u0159en\u00ed smlouvy kupn\u00ed mezi M\u010c Praha&nbsp;7 a&nbsp;spole\u010dnost\u00ed Spr\u00e1va \u017eeleznic, st\u00e1tn\u00ed organizace, I\u010cO: 70994234 &#8211; <a href=\"https:\/\/www.praha7.cz\/wp-content\/uploads\/2021\/06\/1872.zip\">\u010d. 1872<\/a><\/p>\r\n<p style=\"text-align: justify;\"><strong>10.<\/strong> N\u00c1VRH usnesen\u00ed k&nbsp;intern\u00edmu vypo\u0159\u00e1d\u00e1n\u00ed p\u0159ipom\u00ednek M\u010c Praha&nbsp;7 k&nbsp;\u010distopisu \u00fazemn\u00ed studie Hole\u0161ovice Bubny-Z\u00e1tory a&nbsp;k&nbsp;dal\u0161\u00edmu postupu M\u010c Praha&nbsp;7 ve v\u011bci budouc\u00edho uspo\u0159\u00e1d\u00e1n\u00ed Velk\u00e9ho rozvojov\u00e9ho \u00fazem\u00ed Hole\u0161ovice &#8211; <a href=\"https:\/\/file.praha7.cz\/odbory\/kst\/1873.zip\">\u010d. 1873<\/a><\/p>\r\n<p style=\"text-align: justify;\"><strong>11.<\/strong> N\u00c1VRH usnesen\u00ed k&nbsp;p\u0159ipom\u00ednk\u00e1m M\u010c Praha&nbsp;7 ke zm\u011bn\u011b Z&nbsp;3811\/00 ve f\u00e1zi ve\u0159ejn\u00e9ho projedn\u00e1n\u00ed dle \u00a7 52 z\u00e1kona \u010d. 183\/2006 Sb. &#8211; <a href=\"https:\/\/www.praha7.cz\/wp-content\/uploads\/2021\/06\/1877.zip\">\u010d. 1877<\/a><\/p>\r\n<p style=\"text-align: justify;\"><strong>12.<\/strong> N\u00c1VRH usnesen\u00ed k&nbsp;p\u0159\u00edprav\u011b investi\u010dn\u00edho z\u00e1m\u011bru &#8222;V\u00edcegenera\u010dn\u00ed bytov\u00fd d\u016fm Hole\u0161ovice&#8220; &#8211; <a href=\"https:\/\/www.praha7.cz\/wp-content\/uploads\/2021\/06\/1876.zip\">\u010d. 1876<\/a><\/p>\r\n<p style=\"text-align: justify;\"><strong>13.<\/strong> N\u00c1VRH usnesen\u00ed k&nbsp;poskytnut\u00ed dotac\u00ed v&nbsp;r\u00e1mci dota\u010dn\u00edho \u0159\u00edzen\u00ed M\u010c Praha&nbsp;7 v&nbsp;programu Podpora sportovn\u00ed \u010dinnosti pro rok 2021 &#8211; <a href=\"https:\/\/www.praha7.cz\/wp-content\/uploads\/2021\/06\/1862.zip\">\u010d. 1862<\/a><\/p>\r\n<p style=\"text-align: justify;\"><strong>14.<\/strong> N\u00c1VRH usnesen\u00ed k&nbsp;uzav\u0159en\u00ed Dodatku \u010d. 1 ke Smlouv\u011b o&nbsp;poskytnut\u00ed dotace \u010d. 34\/OKS\/2018 ze dne 29.06.2018 mezi m\u011bstskou \u010d\u00e1st\u00ed Praha&nbsp;7 a&nbsp;organizac\u00ed M\u011bstsk\u00e1 knihovna v&nbsp;Praze, I\u010cO: 00064467, se s\u00eddlem Mari\u00e1nsk\u00e9 n\u00e1m\u011bst\u00ed 1, 110&nbsp;00 Praha 1 &#8211; <a href=\"https:\/\/www.praha7.cz\/wp-content\/uploads\/2021\/06\/1867.zip\">\u010d.\u00a01867<\/a><\/p>\r\n<p style=\"text-align: justify;\"><strong>15.<\/strong> N\u00c1VRH usnesen\u00ed k&nbsp;poskytnut\u00ed individu\u00e1ln\u00ed dotace v&nbsp;oblasti soci\u00e1ln\u00ed a&nbsp;zdravotn\u00ed dle \u017e\u00e1dosti podan\u00e9 v&nbsp;dubnu 2021 &#8211; <a href=\"https:\/\/www.praha7.cz\/wp-content\/uploads\/2021\/06\/1863.zip\">\u010d. 1863<\/a><\/p>\r\n<p style=\"text-align: justify;\"><strong>16.<\/strong> INFORMACE k&nbsp;odpov\u011bdi na v\u00fdzvu Vl\u00e1d\u011b \u010cesk\u00e9 republiky k&nbsp;vyjedn\u00e1n\u00ed uveden\u00ed rozlohy Velvyslanectv\u00ed Rusk\u00e9 federace v&nbsp;Praze do stavu p\u0159ed 21.&nbsp;srpnem 1968 &#8211; <a href=\"https:\/\/www.praha7.cz\/wp-content\/uploads\/2021\/06\/1871.zip\">\u010d. 1871<\/a><\/p>\r\n<p style=\"text-align: justify;\"><strong>17.<\/strong>\u00a0INFORMACE o&nbsp;\u010dinnosti Rady M\u010c Praha&nbsp;7 a&nbsp;pln\u011bn\u00ed \u00fakol\u016f ulo\u017een\u00fdch Rad\u011b M\u010c Praha&nbsp;7 Zastupitelstvem\u00a0 M\u010c Praha&nbsp;7 v\u00a0obdob\u00ed mezi 4.&nbsp;a&nbsp;5.&nbsp;zased\u00e1n\u00edm\u00a0Zastupitelstva M\u010c Praha&nbsp;7 v\u00a0roce 2021 &#8211; <a href=\"https:\/\/www.praha7.cz\/wp-content\/uploads\/2021\/06\/1868.zip\">\u010d. 1868<\/a><\/p>\r\n<p style=\"text-align: justify;\"><strong>18.\u00a0<\/strong>INFORMACE o&nbsp;\u010dinnosti Kontroln\u00edho v\u00fdboru Zastupitelstva M\u010c Praha&nbsp;7\u00a0v\u00a0obdob\u00ed mezi 4.&nbsp;a&nbsp;5.&nbsp;zased\u00e1n\u00edm Zastupitelstva M\u010c Praha&nbsp;7 v\u00a0roce 2021 &#8211; <a href=\"https:\/\/www.praha7.cz\/wp-content\/uploads\/2021\/06\/1878.zip\">\u010d. 1878<\/a><\/p>\r\n<p style=\"text-align: justify;\"><strong>19.\u00a0<\/strong>INFORMACE o&nbsp;\u010dinnosti Finan\u010dn\u00edho v\u00fdboru Zastupitelstva M\u010c Praha&nbsp;7\u00a0v\u00a0obdob\u00ed mezi 4 a&nbsp;5.&nbsp;zased\u00e1n\u00edm Zastupitelstva M\u010c Praha&nbsp;7 v\u00a0roce 2021 &#8211; <a href=\"https:\/\/www.praha7.cz\/wp-content\/uploads\/2021\/06\/1875.zip\">\u010d. 1875<\/a><\/p>\r\n<p style=\"text-align: justify;\"><strong>20.<\/strong>\u00a0INFORMACE o&nbsp;\u010dinnosti V\u00fdboru pro\u00a0vzd\u011bl\u00e1v\u00e1n\u00ed, soci\u00e1ln\u00ed politiku a&nbsp;zdravotnictv\u00ed Zastupitelstva M\u010c Praha&nbsp;7 v\u00a0obdob\u00ed mezi 4 a&nbsp;5.&nbsp;zased\u00e1n\u00edm Zastupitelstva M\u010c Praha&nbsp;7 v\u00a0roce 2021 &#8211; <a href=\"https:\/\/www.praha7.cz\/wp-content\/uploads\/2021\/06\/1880.zip\">\u010d. 1880<\/a><\/p>\r\n<p style=\"text-align: justify;\"><strong>21.<\/strong>\u00a0Dopisy, adresovan\u00e9 Z\u00a0M\u010c P7<\/p>\r\n<p style=\"text-align: justify;\"><strong>22.<\/strong>\u00a0R\u016fzn\u00e9<\/p>\r\n<p style=\"text-align: justify;\"><strong>23.<\/strong>\u00a0Z\u00e1v\u011br\u00a0\u00a0\u00a0\u00a0\u00a0\u00a0\u00a0\u00a0\u00a0\u00a0\u00a0\u00a0\u00a0\u00a0\u00a0\u00a0\u00a0<\/p>\r\n<p style=\"text-align: justify;\">Mgr. Jan \u010ci\u017einsk\u00fd<br \/>\r\nstarosta m\u011bstsk\u00e9 \u010d\u00e1sti Praha&nbsp;7<\/p>\r\n<p>&nbsp;<\/p>\r\n<p style=\"text-align: justify;\"><a href=\"https:\/\/file.praha7.cz\/odbory\/kst\/5_2021.zip\">Materi\u00e1ly k&nbsp;5.\u00a0\u0159\u00e1dn\u00e9mu zased\u00e1n\u00ed Z\u00a0M\u010c Praha\u00a07<\/a><\/p>","protected":false},"excerpt":{"rendered":"[perex] 5.&nbsp;\u0159\u00e1dn\u00e9 zased\u00e1n\u00ed Zastupitelstva M\u010c Praha&nbsp;7 se kon\u00e1 v&nbsp;pond\u011bl\u00ed dne 28.&nbsp;\u010dervna 2021 od 17:00 hodin. Online p\u0159enos naleznete ZDE. Materi\u00e1ly ke sta\u017een\u00ed budou k\u00a0dispozici pod eviden\u010dn\u00edmi \u010d\u00edsly u\u00a0n\u00e1zv\u016f jednotliv\u00fdch bod\u016f.\u00a0 [\/perex] Program 5.\u00a0\u0159\u00e1dn\u00e9ho zased\u00e1n\u00ed Zastupitelstva M\u010c Praha\u00a07\u00a0 Pravideln\u00fd bod programu za\u0159azen\u00fd za bod \u010d. 2 \u2013 Dotazy a&nbsp;p\u0159ipom\u00ednky ob\u010dan\u016f 1 Pravideln\u00fd bod programu za\u0159azen\u00fd pevn\u011b [&hellip;]","protected":false},"author":14,"featured_media":33780,"comment_status":"closed","ping_status":"open","sticky":false,"template":"","format":"standard","meta":[],"categories":[34],"tags":[],"_links":{"self":[{"href":"https:\/\/www.praha7.cz\/api\/wp\/v2\/posts\/49268"}],"collection":[{"href":"https:\/\/www.praha7.cz\/api\/wp\/v2\/posts"}],"about":[{"href":"https:\/\/www.praha7.cz\/api\/wp\/v2\/types\/post"}],"author":[{"embeddable":true,"href":"https:\/\/www.praha7.cz\/api\/wp\/v2\/users\/14"}],"replies":[{"embeddable":true,"href":"https:\/\/www.praha7.cz\/api\/wp\/v2\/comments?post=49268"}],"version-history":[{"count":12,"href":"https:\/\/www.praha7.cz\/api\/wp\/v2\/posts\/49268\/revisions"}],"predecessor-version":[{"id":49509,"href":"https:\/\/www.praha7.cz\/api\/wp\/v2\/posts\/49268\/revisions\/49509"}],"wp:featuredmedia":[{"embeddable":true,"href":"https:\/\/www.praha7.cz\/api\/wp\/v2\/media\/33780"}],"wp:attachment":[{"href":"https:\/\/www.praha7.cz\/api\/wp\/v2\/media?parent=49268"}],"wp:term":[{"taxonomy":"category","embeddable":true,"href":"https:\/\/www.praha7.cz\/api\/wp\/v2\/categories?post=49268"},{"taxonomy":"post_tag","embeddable":true,"href":"https:\/\/www.praha7.cz\/api\/wp\/v2\/tags?post=49268"}],"curies":[{"name":"wp","href":"https:\/\/api.w.org\/{rel}","templated":true}]}}