    
{"id":49117,"date":"2021-06-22T15:25:53","date_gmt":"2021-06-22T13:25:53","guid":{"rendered":"https:\/\/www.praha7.cz\/?p=49117"},"modified":"2021-06-24T16:01:53","modified_gmt":"2021-06-24T14:01:53","slug":"den-pamatky-obeti-komunistickeho-rezimu-a-ucteni-pamatky-judr-milady-horakove-2","status":"publish","type":"post","link":"https:\/\/www.praha7.cz\/den-pamatky-obeti-komunistickeho-rezimu-a-ucteni-pamatky-judr-milady-horakove-2\/","title":{"rendered":"Den pam\u00e1tky ob\u011bt\u00ed komunistick\u00e9ho re\u017eimu a&nbsp;uct\u011bn\u00ed pam\u00e1tky JUDr. Milady Hor\u00e1kov\u00e9"},"content":{"rendered":"<p>[perex]<\/p>\r\n<p>M\u010c Praha\u00a07 v\u00e1s u\u00a0p\u0159\u00edle\u017eitosti Dne pam\u00e1tky ob\u011bt\u00ed komunistick\u00e9ho re\u017eimu a\u00a0uct\u011bn\u00ed pam\u00e1tky JUDr. Milady Hor\u00e1kov\u00e9 srde\u010dn\u011b zve na pietn\u00ed vzpom\u00ednkovou akci, kter\u00e1 se uskute\u010dn\u00ed v&nbsp;p\u00e1tek 25.\u00a0\u010dervna 2021 od 11 hodin u\u00a0pam\u011btn\u00ed desky JUDr. Milady Hor\u00e1kov\u00e9 v\u00a0ulici Milady Hor\u00e1kov\u00e9 2.<\/p>\r\n<p>[\/perex]<\/p>","protected":false},"excerpt":{"rendered":"[perex] M\u010c Praha\u00a07 v\u00e1s u\u00a0p\u0159\u00edle\u017eitosti Dne pam\u00e1tky ob\u011bt\u00ed komunistick\u00e9ho re\u017eimu a\u00a0uct\u011bn\u00ed pam\u00e1tky JUDr. Milady Hor\u00e1kov\u00e9 srde\u010dn\u011b zve na pietn\u00ed vzpom\u00ednkovou akci, kter\u00e1 se uskute\u010dn\u00ed v&nbsp;p\u00e1tek 25.\u00a0\u010dervna 2021 od 11 hodin u\u00a0pam\u011btn\u00ed desky JUDr. Milady Hor\u00e1kov\u00e9 v\u00a0ulici Milady Hor\u00e1kov\u00e9 2. [\/perex]","protected":false},"author":97,"featured_media":27095,"comment_status":"closed","ping_status":"open","sticky":false,"template":"","format":"standard","meta":[],"categories":[34],"tags":[],"_links":{"self":[{"href":"https:\/\/www.praha7.cz\/api\/wp\/v2\/posts\/49117"}],"collection":[{"href":"https:\/\/www.praha7.cz\/api\/wp\/v2\/posts"}],"about":[{"href":"https:\/\/www.praha7.cz\/api\/wp\/v2\/types\/post"}],"author":[{"embeddable":true,"href":"https:\/\/www.praha7.cz\/api\/wp\/v2\/users\/97"}],"replies":[{"embeddable":true,"href":"https:\/\/www.praha7.cz\/api\/wp\/v2\/comments?post=49117"}],"version-history":[{"count":2,"href":"https:\/\/www.praha7.cz\/api\/wp\/v2\/posts\/49117\/revisions"}],"predecessor-version":[{"id":49119,"href":"https:\/\/www.praha7.cz\/api\/wp\/v2\/posts\/49117\/revisions\/49119"}],"wp:featuredmedia":[{"embeddable":true,"href":"https:\/\/www.praha7.cz\/api\/wp\/v2\/media\/27095"}],"wp:attachment":[{"href":"https:\/\/www.praha7.cz\/api\/wp\/v2\/media?parent=49117"}],"wp:term":[{"taxonomy":"category","embeddable":true,"href":"https:\/\/www.praha7.cz\/api\/wp\/v2\/categories?post=49117"},{"taxonomy":"post_tag","embeddable":true,"href":"https:\/\/www.praha7.cz\/api\/wp\/v2\/tags?post=49117"}],"curies":[{"name":"wp","href":"https:\/\/api.w.org\/{rel}","templated":true}]}}