    
{"id":49077,"date":"2021-06-14T15:47:22","date_gmt":"2021-06-14T13:47:22","guid":{"rendered":"https:\/\/www.praha7.cz\/?p=49077"},"modified":"2021-09-29T12:41:12","modified_gmt":"2021-09-29T10:41:12","slug":"verejne-projednani-promeny-ulice-korunovacni","status":"publish","type":"post","link":"https:\/\/www.praha7.cz\/verejne-projednani-promeny-ulice-korunovacni\/","title":{"rendered":"Ve\u0159ejn\u00e9 projedn\u00e1n\u00ed prom\u011bny ulice Korunova\u010dn\u00ed"},"content":{"rendered":"<p>[perex]<\/p>\r\n<p>M\u011bstsk\u00e1 \u010d\u00e1st Praha&nbsp;7 V\u00e1s srde\u010dn\u011b zve na ve\u0159ejn\u00e9 projedn\u00e1n\u00ed n\u00e1vrhu revitalizace ulice Korunova\u010dn\u00ed v&nbsp;\u00fater\u00fd 29.&nbsp;\u010dervna 2021 od 18 hodin ve Vod\u00e1rensk\u00e9 v\u011b\u017ei, Na V\u00fd\u0161in\u00e1ch 1. Na akci budou p\u0159\u00edtomni projektanti i&nbsp;z\u00e1stupci radnice.\u00a0Ji\u017e na za\u010d\u00e1tku roku se do p\u0159\u00edprav zad\u00e1n\u00ed zapojila \u0161irok\u00e1 ve\u0159ejnost prost\u0159ednictv\u00edm online ankety, s&nbsp;jej\u00edm\u017e v\u00fdsledkem se m\u016f\u017eete sezn\u00e1mit <a href=\"https:\/\/www.praha7.cz\/potrebuji-zaridit\/stavba-rekonstrukce\/planujte-sedmicku-s-nami\/letensky-muzejni-distrikt\/spolecne-po-letne-vysledky-ankety\/\" target=\"_blank\" rel=\"noopener\">zde<\/a>.\u00a0Poj\u010fte spole\u010dn\u011b s&nbsp;Prahou 7 prom\u011bnit cestu Sedmi\u010dkou v&nbsp;ka\u017edodenn\u00ed p\u0159\u00edjemn\u00fd z\u00e1\u017eitek.<\/p>\r\n<p>[\/perex]<\/p>\r\n<p>Rekonstrukce ulice Korunova\u010dn\u00ed, pro n\u00ed\u017e vznikne samostatn\u00e1 koncep\u010dn\u00ed studie a&nbsp;jej\u00ed\u017e sou\u010d\u00e1st\u00ed bude mimo jin\u00e9 \u0159e\u0161en\u00ed um\u00edst\u011bn\u00ed nov\u00fdch stromo\u0159ad\u00ed, oprava silnic i\u00a0chodn\u00edk\u016f je tak\u00e9 spojena s\u00a0<a href=\"https:\/\/www.praha7.cz\/potrebuji-zaridit\/stavba-rekonstrukce\/planujte-sedmicku-s-nami\/letensky-muzejni-distrikt\/\">Letensk\u00fdm muzejn\u00edm distriktem<\/a>.\u00a0<\/p>\r\n<p>Letensk\u00fd muzejn\u00ed distrikt, tedy oblast u\u00a0N\u00e1rodn\u00edho technick\u00e9ho muzea a\u00a0N\u00e1rodn\u00edho zem\u011bd\u011blsk\u00e9ho muzea, nalezne novou podobu v\u00a0architektonick\u00e9 sout\u011b\u017ei. Rada hlavn\u00edho m\u011bsta pov\u011b\u0159ila Institut pl\u00e1nov\u00e1n\u00ed a\u00a0rozvoje hl. m. Prahy (IPR) p\u0159\u00edpravou urbanisticko-architektonick\u00e9 sout\u011b\u017ee o\u00a0n\u00e1vrh na \u0159e\u0161en\u00ed tohoto \u00fazem\u00ed. Projekt m\u00e1 za c\u00edl zp\u0159\u00edjemnit cestu mezi Letensk\u00fdmi sady a\u00a0Stromovkou, vytvo\u0159it d\u016fstojn\u00e9 muzejn\u00ed n\u00e1m\u011bst\u00ed a\u00a0celkov\u011b zatraktivnit dopravn\u011b vyt\u00ed\u017eenou \u010d\u00e1st Letn\u00e9. Sout\u011b\u017e bude vyhl\u00e1\u0161ena do konce tohoto roku.<\/p>\r\n<p>Lokalita v\u00a0okol\u00ed ulic Korunova\u010dn\u00ed a\u00a0Nad \u0160tolou spolu s\u00a0p\u0159edprostorem N\u00e1rodn\u00edho technick\u00e9ho muzea a\u00a0N\u00e1rodn\u00edho zem\u011bd\u011blsk\u00e9ho muzea tvo\u0159\u00ed m\u00edsto, kter\u00e9 propojuje dva v\u00fdznamn\u00e9 pra\u017esk\u00e9 parky \u2013 Letensk\u00e9 sady a\u00a0Stromovku. Praha proto rozhodla, \u017ee podobu takto d\u016fle\u017eit\u00e9ho prostoru ur\u010d\u00ed architektonicko-urbanistick\u00e1 sout\u011b\u017e. Realizace v\u00edt\u011bzn\u00e9ho n\u00e1vrhu p\u0159inese funk\u010dn\u00ed, kultivovan\u011bj\u0161\u00ed i\u00a0bezpe\u010dn\u011bj\u0161\u00ed ulice i\u00a0nov\u00e9 n\u00e1m\u011bst\u00ed p\u0159ed ve\u0159ejn\u00fdmi budovami. C\u00edlem sout\u011b\u017ee je zlep\u0161it tuto \u010d\u00e1sti Prahy&nbsp;7 zejm\u00e9na pro chodce a\u00a0cyklisty a\u00a0zam\u011b\u0159it se i\u00a0na p\u0159ilehl\u00e1 sportovi\u0161t\u011b.<\/p>\r\n<p>\u201e<em>C\u00edlem \u00fapravy lokality nazvan\u00e9 Letensk\u00fd muzejn\u00ed distrikt je naj\u00edt a\u00a0podpo\u0159it jeho kvality. Podobu okol\u00ed muze\u00ed, gymn\u00e1zia a\u00a0ulice Nad \u0160tolou, v\u010detn\u011b tenisov\u00fdch kurt\u016f klubu LTC a\u00a0prostoru u\u00a0obl\u00edben\u00e9ho Letensk\u00e9ho koloto\u010de budou hledat \u00fa\u010dastn\u00edci urbanisticko-architektonick\u00e9 sout\u011b\u017ee, kte\u0159\u00ed budou m\u00edt za \u00fakol vytvo\u0159it z\u00a0tohoto zanedban\u00e9ho a\u00a0pro p\u011b\u0161\u00ed nepohodln\u00e9ho prostoru novou atraktivn\u00ed lokalit<\/em>u,\u201c\u00a0komentuje sout\u011b\u017e Petr Hlav\u00e1\u010dek, I. n\u00e1m\u011bstek prim\u00e1tora.<\/p>\r\n<p>\u201e<em>Je pro n\u00e1s velmi d\u016fle\u017eit\u00e9, aby se do tohoto v\u00fdznamn\u00e9ho projektu od po\u010d\u00e1tku zapojovala ve\u0159ejnost. P\u0159ipom\u00ednky a\u00a0podn\u011bty lid\u00ed, kte\u0159\u00ed zde bydl\u00ed, pracuj\u00ed \u010di tr\u00e1v\u00ed sv\u016fj voln\u00fd \u010das, jsou p\u0159i pl\u00e1nov\u00e1n\u00ed prom\u011bny \u010d\u00e1sti m\u011bsta velmi cenn\u00e9. Proto jsme k\u00a0Letensk\u00e9mu muzejn\u00edmu distriktu realizovali <a href=\"https:\/\/www.praha7.cz\/potrebuji-zaridit\/stavba-rekonstrukce\/planujte-sedmicku-s-nami\/letensky-muzejni-distrikt\/spolecne-po-letne-vysledky-ankety\/\" target=\"_blank\" rel=\"noopener\">anketu<\/a>, do kter\u00e9 se zapojilo v\u00edce ne\u017e 800 respondent\u016f. 29.&nbsp;\u010dervna od\u00a018:00 hodin pak po\u0159\u00e1d\u00e1me ve Vod\u00e1rensk\u00e9 v\u011b\u017ei (Na V\u00fd\u0161in\u00e1ch 1) participativn\u00ed setk\u00e1n\u00ed k\u00a0pl\u00e1novan\u00e9 revitalizaci ulice Korunova\u010dn\u00ed<\/em>,\u201c\u00a0uv\u00e1d\u00ed m\u00edstostarostka Prahy&nbsp;7 Lenka Burgerov\u00e1.<\/p>\r\n<p>M\u00edstn\u00ed obyvatel\u00e9 by v\u00a0lokalit\u011b cht\u011bli v\u00edce strom\u016f, lavi\u010dek a\u00a0odpadkov\u00fdch ko\u0161\u016f. L\u00e9pe by se tu m\u011bli do budoucna c\u00edtit tak\u00e9 cyklisti, brusla\u0159i nebo rodi\u010de s\u00a0ko\u010d\u00e1rky, objevit by se mohla t\u0159eba i\u00a0font\u00e1na. Chodn\u00edky a\u00a0stezky by na sebe m\u011bly l\u00e9pe navazovat, b\u00fdt p\u0159ehledn\u011bj\u0161\u00ed, prostory p\u0159ed budovami reprezentativn\u011bj\u0161\u00ed a\u00a0l\u00e9pe vyu\u017eit\u00e9. Okol\u00ed muze\u00ed a\u00a0gymn\u00e1zia by m\u011blo b\u00fdt l\u00e9pe propojen\u00e9 s\u00a0parkem a\u00a0sportovi\u0161ti a\u00a0m\u011blo by b\u00fdt kompletn\u011b bezbari\u00e9rov\u00e9.<\/p>\r\n<p>\u201e<em>V\u00fdsledky participace s\u00a0ve\u0159ejnost\u00ed budou p\u0159ed\u00e1ny sout\u011b\u017e\u00edm t\u00fdm\u016fm a\u00a0zapracov\u00e1ny do samotn\u00e9ho n\u00e1vrhu. IPR ji\u017e v\u00a0roce 2018 zpracoval koncep\u010dn\u00ed studii rekonstrukce ulic Veletr\u017en\u00ed, Dukelsk\u00fdch hrdin\u016f a\u00a0Strojnick\u00e9, tzv. Letensk\u00e9ho k\u0159\u00ed\u017ee. Projekt Letensk\u00e9ho muzejn\u00edho distriktu na tuto pr\u00e1ci logicky nav\u00e1\u017ee a\u00a0celkov\u011b bude koordinov\u00e1na s\u00a0vznikaj\u00edc\u00ed koncep\u010dn\u00ed studi\u00ed na ulici Korunova\u010dn\u00ed<\/em>,\u201c\u00a0dod\u00e1v\u00e1 Ond\u0159ej Boh\u00e1\u010d, \u0159editel IPR.<\/p>\r\n<hr \/>\r\n<p><em>Podm\u00ednkou \u00fa\u010dasti na akci ve Vod\u00e1rensk\u00e9 v\u011b\u017ei je bu\u010f platn\u00fd negativn\u00ed test na covid-19, uplynut\u00ed t\u0159\u00ed t\u00fddn\u016f od prvn\u00ed d\u00e1vky o\u010dkov\u00e1n\u00ed, nebo maxim\u00e1ln\u011b 180\u00a0dn\u00ed od prod\u011blan\u00e9 nemoci covid-19.<\/em><\/p>\r\n<hr \/>\r\n<p><iframe loading=\"lazy\" width=\"560\" height=\"315\" src=\"https:\/\/www.youtube.com\/embed\/O8oLgBefOv0\" title=\"YouTube video player\" frameborder=\"0\" allow=\"accelerometer; autoplay; clipboard-write; encrypted-media; gyroscope; picture-in-picture\" allowfullscreen=\"allowfullscreen\"><\/iframe><\/p>\r\n<hr \/>\r\n<p>N\u00e1v\u0161t\u011bvn\u00edci svou \u00fa\u010dast\u00ed souhlas\u00ed s&nbsp;p\u0159\u00edpadn\u00fdm zve\u0159ejn\u011bn\u00edm fotografi\u00ed \u010di AV z\u00e1znamu z&nbsp;akce za \u00fa\u010delem prezentace m\u011bstsk\u00e9 \u010d\u00e1sti na webu a&nbsp;soc. s\u00edt\u00edch. Pr\u00e1vn\u00ed z\u00e1klad: opr\u00e1vn\u011bn\u00fd z\u00e1jem spr\u00e1vce (\u010dl. 6.1 f GDPR). Nedoch\u00e1z\u00ed k&nbsp;automatizovan\u00e9mu zpracov\u00e1n\u00ed, profilov\u00e1ni ani p\u0159ed\u00e1v\u00e1n\u00ed \u00fadaj\u016f.<\/p>\r\n<p>Spr\u00e1vce: \u00daM\u010c Praha&nbsp;7, U&nbsp;Pr\u016fhonu 1338\/38, 17000 Praha&nbsp;7. Pov\u011b\u0159enec pro ochranu osobn\u00edch \u00fadaj\u016f: dpo@praha7.cz, 604590908.<\/p>","protected":false},"excerpt":{"rendered":"[perex] M\u011bstsk\u00e1 \u010d\u00e1st Praha&nbsp;7 V\u00e1s srde\u010dn\u011b zve na ve\u0159ejn\u00e9 projedn\u00e1n\u00ed n\u00e1vrhu revitalizace ulice Korunova\u010dn\u00ed v&nbsp;\u00fater\u00fd 29.&nbsp;\u010dervna 2021 od 18 hodin ve Vod\u00e1rensk\u00e9 v\u011b\u017ei, Na V\u00fd\u0161in\u00e1ch 1. Na akci budou p\u0159\u00edtomni projektanti i&nbsp;z\u00e1stupci radnice.\u00a0Ji\u017e na za\u010d\u00e1tku roku se do p\u0159\u00edprav zad\u00e1n\u00ed zapojila \u0161irok\u00e1 ve\u0159ejnost prost\u0159ednictv\u00edm online ankety, s&nbsp;jej\u00edm\u017e v\u00fdsledkem se m\u016f\u017eete sezn\u00e1mit zde.\u00a0Poj\u010fte spole\u010dn\u011b s&nbsp;Prahou 7 [&hellip;]","protected":false},"author":76,"featured_media":46194,"comment_status":"closed","ping_status":"open","sticky":false,"template":"","format":"standard","meta":[],"categories":[34,74],"tags":[],"_links":{"self":[{"href":"https:\/\/www.praha7.cz\/api\/wp\/v2\/posts\/49077"}],"collection":[{"href":"https:\/\/www.praha7.cz\/api\/wp\/v2\/posts"}],"about":[{"href":"https:\/\/www.praha7.cz\/api\/wp\/v2\/types\/post"}],"author":[{"embeddable":true,"href":"https:\/\/www.praha7.cz\/api\/wp\/v2\/users\/76"}],"replies":[{"embeddable":true,"href":"https:\/\/www.praha7.cz\/api\/wp\/v2\/comments?post=49077"}],"version-history":[{"count":15,"href":"https:\/\/www.praha7.cz\/api\/wp\/v2\/posts\/49077\/revisions"}],"predecessor-version":[{"id":51340,"href":"https:\/\/www.praha7.cz\/api\/wp\/v2\/posts\/49077\/revisions\/51340"}],"wp:featuredmedia":[{"embeddable":true,"href":"https:\/\/www.praha7.cz\/api\/wp\/v2\/media\/46194"}],"wp:attachment":[{"href":"https:\/\/www.praha7.cz\/api\/wp\/v2\/media?parent=49077"}],"wp:term":[{"taxonomy":"category","embeddable":true,"href":"https:\/\/www.praha7.cz\/api\/wp\/v2\/categories?post=49077"},{"taxonomy":"post_tag","embeddable":true,"href":"https:\/\/www.praha7.cz\/api\/wp\/v2\/tags?post=49077"}],"curies":[{"name":"wp","href":"https:\/\/api.w.org\/{rel}","templated":true}]}}