    
{"id":48901,"date":"2021-06-09T11:19:32","date_gmt":"2021-06-09T09:19:32","guid":{"rendered":"https:\/\/www.praha7.cz\/?p=48901"},"modified":"2021-06-09T11:19:32","modified_gmt":"2021-06-09T09:19:32","slug":"praha-v-srpnu-vyhlasi-mezinarodni-architektonickou-soutez-pro-budovu-vltavske-filharmonie","status":"publish","type":"post","link":"https:\/\/www.praha7.cz\/praha-v-srpnu-vyhlasi-mezinarodni-architektonickou-soutez-pro-budovu-vltavske-filharmonie\/","title":{"rendered":"Praha v&nbsp;srpnu vyhl\u00e1s\u00ed mezin\u00e1rodn\u00ed architektonickou sout\u011b\u017e pro budovu Vltavsk\u00e9 filharmonie"},"content":{"rendered":"<p>[perex]<\/p>\r\n<p>Porota mezin\u00e1rodn\u00ed architektonick\u00e9 sout\u011b\u017ee pro budovu Vltavsk\u00e9 filharmonie, ve kter\u00e9 krom\u011b z\u00e1stupc\u016f politick\u00e9 a&nbsp;odborn\u00e9 ve\u0159ejnosti usednou i&nbsp;v\u00fdznamn\u00ed sv\u011btov\u00ed i&nbsp;\u010de\u0161t\u00ed architekti, vybere v\u00edt\u011bzn\u00fd n\u00e1vrh v&nbsp;kv\u011btnu 2022. Mezi v\u00edt\u011bze, ocen\u011bn\u00e9 n\u00e1vrhy a&nbsp;na skicovn\u00e9m se rozd\u011bl\u00ed 18 milion\u016f korun.<\/p>\r\n<p>Z\u00e1znam tiskov\u00e9 konference z&nbsp;8.&nbsp;\u010dervna, kter\u00e1 se uskute\u010dnila v&nbsp;Centru architektury a&nbsp;m\u011bstsk\u00e9ho pl\u00e1nov\u00e1n\u00ed, ke zhl\u00e9dnut\u00ed <a href=\"https:\/\/www.facebook.com\/Prahaeu\/videos\/295430565644581\" target=\"_blank\" rel=\"noopener\">zde<\/a>.<\/p>\r\n<p>[\/perex]<\/p>\r\n<p>\u010ceskou republiku a&nbsp;jej\u00ed hlavn\u00ed m\u011bsto Prahu \u010dek\u00e1 po dlouh\u00fdch 15 letech (tehdy projekt N\u00e1rodn\u00ed knihovny) vrcholn\u00e1 ud\u00e1lost mezin\u00e1rodn\u00edho v\u00fdznamu v\u00a0oblasti architektury. Zhruba v\u00a0polovin\u011b srpna leto\u0161n\u00edho roku bude vyhl\u00e1\u0161ena mezin\u00e1rodn\u00ed architektonick\u00e1 sout\u011b\u017e na podobu nov\u00e9ho koncertn\u00edho s\u00e1lu Vltavsk\u00e9 filharmonie. Pokra\u010dov\u00e1n\u00ed tohoto projektu opakovan\u011b schv\u00e1lila Rada i&nbsp;Zastupitelstvo hlavn\u00edho m\u011bsta Prahy. P\u0159i fin\u00e1ln\u00edm hlasov\u00e1n\u00ed 27.&nbsp;kv\u011btna se pro n\u011bj vyslovilo v\u0161ech 55 p\u0159\u00edtomn\u00fdch zastupitel\u016f (nikdo nebyl proti, ani se nezdr\u017eel hlasov\u00e1n\u00ed).\u00a0\u00a0\u00a0\u00a0\u00a0\u00a0<\/p>\r\n<p>\u201e<em>Osloveny budou p\u0159edn\u00ed sv\u011btov\u00e9 ateli\u00e9ry a&nbsp;\u0161anci zapojit se dostanou i&nbsp;v\u00fdznamn\u00e1 \u010desk\u00e1 architektonick\u00e1 studia. Zat\u00edm nem\u016f\u017eeme b\u00fdt kv\u016fli podm\u00ednk\u00e1m sout\u011b\u017ee jmenovit\u011b konkr\u00e9tn\u00ed. Z\u00e1jem sout\u011b\u017eit p\u0159edb\u011b\u017en\u011b potvrdilo 23 zahrani\u010dn\u00edch ateli\u00e9r\u016f a&nbsp;tak\u00e9 cel\u00e1 \u0159ada tuzemsk\u00fdch. O\u010dek\u00e1v\u00e1me skv\u011blou \u00fa\u010dast a&nbsp;nad\u010dasov\u00e9 n\u00e1vrhy, kter\u00e9 posunou ji\u017e tak bohatou architekturu Prahy je\u0161t\u011b o&nbsp;stupe\u0148 v\u00fd\u0161e. V\u00edt\u011bzn\u00fd n\u00e1vrh budeme zn\u00e1t v\u00a0kv\u011btnu p\u0159\u00ed\u0161t\u00edho roku<\/em>,\u201c \u0159\u00edk\u00e1 prim\u00e1tor hl. m. Prahy Zden\u011bk H\u0159ib.\u00a0\u00a0\u00a0\u00a0\u00a0\u00a0\u00a0\u00a0\u00a0\u00a0<\/p>\r\n<p>V\u00fdznamu sout\u011b\u017ee, na jej\u00ed\u017e ceny, skicovn\u00e9 a&nbsp;dal\u0161\u00ed odm\u011bny je vy\u010dlen\u011bno celkem cca 18 milion\u016f korun (bez DPH), odpov\u00edd\u00e1 i&nbsp;slo\u017een\u00ed odborn\u00e9 poroty. Ta m\u00e1 celkem 33 \u010dlen\u016f. Porotcem bude mj. jeden z\u00a0nejproslulej\u0161\u00edch a&nbsp;mezin\u00e1rodn\u011b cen\u011bn\u00fdch \u010desk\u00fdch architekt\u016f Josef Pleskot a&nbsp;sou\u010dasn\u00fd hlavn\u00ed architekt m\u011bsta Brna s\u00a0mezin\u00e1rodn\u00edm renom\u00e9 Michal Sedl\u00e1\u010dek. Dal\u0161\u00edmi \u010dleny poroty pak jsou nap\u0159\u00edklad pra\u017esk\u00fd prim\u00e1tor Zden\u011bk H\u0159ib, jeho prvn\u00ed n\u00e1m\u011bstek a&nbsp;architekt Petr Hlav\u00e1\u010dek, starosta Prahy&nbsp;7 Jan \u010ci\u017einsk\u00fd nebo vedouc\u00ed projektov\u00e9ho t\u00fdmu Vltavsk\u00e9 filharmonie a&nbsp;z\u00e1rove\u0148 rovn\u011b\u017e architekt z\u00a0ateli\u00e9ru A&nbsp;8000 Martin Krupauer. Do poroty se pak po\u010d\u00edt\u00e1 i&nbsp;s&nbsp;\u0159adou sv\u011btov\u011b proslul\u00fdch jmen architektury, kde se moment\u00e1ln\u011b \u010dek\u00e1 na jejich z\u00e1vazn\u00e9 potvrzen\u00ed.\u00a0<\/p>\r\n<p>Po srpnov\u00e9m vyhl\u00e1\u0161en\u00ed sout\u011b\u017ee se po\u010d\u00edt\u00e1 s\u00a0t\u00edm, \u017ee u\u017e v\u00a0\u0159\u00edjnu leto\u0161n\u00edho roku porota vyhodnot\u00ed zaslan\u00e9 p\u0159ihl\u00e1\u0161ky z\u00e1jemc\u016f a&nbsp;vybere ty, kte\u0159\u00ed ji\u017e budou pracovat na n\u00e1vrz\u00edch. N\u00e1sledn\u011b, z\u00e1hy po vyhodnocen\u00ed sout\u011b\u017ee v\u00a0kv\u011btnu 2022, bude podeps\u00e1na smlouva s\u00a0v\u00edt\u011bzem architektonick\u00e9 sout\u011b\u017ee. Zah\u00e1jeny budou pr\u00e1ce na tvorb\u011b projektov\u00e9 dokumentace i&nbsp;z\u00edsk\u00e1n\u00ed pot\u0159ebn\u00fdch povolen\u00ed k\u00a0zah\u00e1jen\u00ed stavby. Cel\u00e1 druh\u00e1 etapa projektu by m\u011bla b\u00fdt podle pl\u00e1nu dokon\u010dena v\u00a0roce 2025. Jej\u00ed n\u00e1klady jsou 750 milion\u016f korun.\u00a0<\/p>\r\n<p>Fin\u00e1ln\u00ed \u2013 t\u0159et\u00ed \u2013 etapa za\u010dne v\u00fdb\u011brem zhotovitele stavby v&nbsp;r\u00e1mci roku 2026 a&nbsp;se zah\u00e1jen\u00edm stavebn\u00edch prac\u00ed se pak po\u010d\u00edt\u00e1 v\u00a0roce 2027. P\u0159\u00edm\u00e9 stavebn\u00ed n\u00e1klady do samotn\u00e9 stavby budovy filharmonie \u010din\u00ed 4,9 miliardy korun. Dopracovan\u00e1 ekonomick\u00e1 anal\u00fdza doporu\u010duje rozd\u011blit je mezi st\u00e1t, hlavn\u00ed m\u011bsto a&nbsp;soukrom\u00fd sektor, jeliko\u017e tato varianta vych\u00e1z\u00ed ze v\u0161ech nejv\u00fdhodn\u011bji. V\u00a0dob\u011b p\u0159edpokl\u00e1dan\u00e9ho zah\u00e1jen\u00ed stavby v\u00a0roce 2027 se tedy po\u010d\u00edt\u00e1 s\u00a0t\u00edm, \u017ee do projektu finan\u010dn\u011b vstoup\u00ed i&nbsp;st\u00e1t a&nbsp;soukrom\u00ed investo\u0159i. Nov\u00fd koncertn\u00ed s\u00e1l by m\u011bl b\u00fdt dokon\u010den v\u00a0roce 2031, tedy za 10 let. Celkov\u00e9 n\u00e1klady na vybudov\u00e1n\u00ed Vltavsk\u00e9 filharmonie maj\u00ed podle odhadu dos\u00e1hnout 6,1 miliardy korun.\u00a0\u00a0\u00a0\u00a0\u00a0\u00a0\u00a0\u00a0\u00a0<\/p>\r\n<p>Jedn\u00e1n\u00ed se st\u00e1tem ohledn\u011b uzav\u0159en\u00ed memoranda st\u00e1le pokra\u010duj\u00ed. V\u00a0jeho n\u00e1vrhu je prozat\u00edm mj. deklarov\u00e1no, \u017ee pra\u017esk\u00fd magistr\u00e1t a&nbsp;ministerstvo kultury budou hledat konkr\u00e9tn\u00ed mo\u017enosti vyu\u017eit\u00ed dota\u010dn\u00edch titul\u016f pro realizaci projektu. Text memoranda tak\u00e9 obsahuje zm\u00ednku o&nbsp;mo\u017enosti vyps\u00e1n\u00ed ve\u0159ejn\u00e9 sb\u00edrky, z\u00a0n\u00ed\u017e by byla financov\u00e1na stavba. \u010ce\u0161i by tak sv\u00fdmi financemi mohli po v\u00edce ne\u017e 150 letech pomoci vybudovat dal\u0161\u00ed kulturn\u00ed \u201esvatost\u00e1nek\u201c, na n\u011bj\u017e budou moci b\u00fdt hrd\u00ed.<\/p>\r\n<p>&nbsp;<\/p>\r\n<p><strong>Stavebn\u00ed program a&nbsp;participace v\u00a0podm\u00ednk\u00e1ch architektonick\u00e9 sout\u011b\u017ee<\/strong><\/p>\r\n<p>Sou\u010d\u00e1st\u00ed podm\u00ednek a&nbsp;zad\u00e1n\u00ed architektonick\u00e9 sout\u011b\u017ee bude mj. ji\u017e p\u0159ipraven\u00fd p\u0159edb\u011b\u017en\u00fd n\u00e1vrh stavebn\u00edho programu vych\u00e1zej\u00edc\u00ed z\u00a0doporu\u010den\u00ed anal\u00fdzy vyu\u017eitelnosti od konsorcia Henning Larsen. Budova Vltavsk\u00e9 filharmonie je v\u00a0jeho r\u00e1mci ch\u00e1p\u00e1na jako komplex n\u011bkolika vz\u00e1jemn\u011b komunikuj\u00edc\u00edch blok\u016f, jejich\u017e provozy se budou moci vz\u00e1jemn\u011b dopl\u0148ovat, spojovat \u010di kombinovat, anebo budou moci fungovat samostatn\u011b. To zajist\u00ed, aby Vltavsk\u00e1 filharmonie plnila roli \u017eiv\u00e9ho a&nbsp;kreativn\u00edho spole\u010densk\u00e9ho centra po cel\u00fd den, sedm dn\u00ed v\u00a0t\u00fddnu (24\/7).<\/p>\r\n<p>\u201e<em>Srdcem Vltavsk\u00e9 filharmonie budou s\u00e1ly, jejich z\u00e1zem\u00ed a&nbsp;ve\u0159ejn\u00e9 prostory foyer. Stejn\u011b v\u00fdznamnou funkci bude m\u00edt blok naz\u00fdvan\u00fd Kreativn\u00ed Hub, jeho\u017e centrem se stane hudebn\u00ed knihovna. Kreativn\u00ed tvorbu maj\u00ed podpo\u0159it navazuj\u00edc\u00ed zku\u0161ebny, studovny nebo eduka\u010dn\u00ed prostory. D\u016fle\u017eitou roli hraje venkovn\u00ed ve\u0159ejn\u00fd prostor a&nbsp;v\u00a0souvislosti s&nbsp;\u00fa\u017easn\u00fdmi pra\u017esk\u00fdmi panoramaty v\u00a0m\u00edst\u011b stavby se nab\u00edz\u00ed i&nbsp;mo\u017enosti vyu\u017eit\u00ed st\u0159echy \u010di terasy<\/em>,\u201c popisuje k\u00a0hlavn\u00edm bod\u016fm stavebn\u00edho programu prvn\u00ed n\u00e1m\u011bstek prim\u00e1tora hl. m. Prahy Petr Hlav\u00e1\u010dek.\u00a0\u00a0\u00a0<\/p>\r\n<p>Hlavn\u00ed bloky budovy budou provozn\u011b a&nbsp;produk\u010dn\u011b podporov\u00e1ny technick\u00fdm a&nbsp;technologick\u00fdm produk\u010dn\u00edm z\u00e1zem\u00edm. Najdou zde z\u00e1zem\u00ed i&nbsp;oba v\u00a0Praze s\u00eddl\u00edc\u00ed nejv\u00fdznamn\u011bj\u0161\u00ed \u010desk\u00e9 symfonick\u00e9 orchestry \u2013 \u010cesk\u00e1 filharmonie a&nbsp;Symfonick\u00fd orchestr hl. m. Prahy FOK. Oba orchestry v\u00a0budov\u011b budou m\u00edt odpov\u00eddaj\u00edc\u00ed reziden\u010dn\u00ed prostory. Gastronomick\u00e9 slu\u017eby nab\u00eddnou \u0161irokou \u0161k\u00e1lu servisu pro n\u00e1v\u0161t\u011bvn\u00edky, ale obslou\u017e\u00ed i&nbsp;zam\u011bstnance, \u00fa\u010dinkuj\u00edc\u00ed a&nbsp;ad hoc akce \u010di eventy.<\/p>\r\n<p>\u201e<em>Stavba nov\u00e9 filharmonie z\u00e1sadn\u00edm zp\u016fsobem prom\u011bn\u00ed lokalitu Vltavsk\u00e9, proto bude velmi d\u016fle\u017eit\u00e9 vyladit v\u0161echny vazby s&nbsp;okol\u00edm \u2013 n\u00e1vaznost na m\u011bstskou i&nbsp;p\u0159\u00edm\u011bstskou hromadnou dopravu, p\u011b\u0161\u00ed prostupnost \u00fazem\u00edm, stejn\u011b jako funkce, kter\u00e9 by m\u011bla budova m\u00edt, abychom jej\u00ed p\u0159\u00ednos vyu\u017eili na maximum. V\u011b\u0159\u00edm, \u017ee d\u00edky mezin\u00e1rodn\u00ed architektonick\u00e9 sout\u011b\u017ei a&nbsp;nezbytn\u00e9 participaci s&nbsp;Pra\u017eany ze sedm\u00e9 m\u011bstsk\u00e9 \u010d\u00e1sti i&nbsp;cel\u00e9ho m\u011bsta se to poda\u0159\u00ed. Budova Vltavsk\u00e9 filharmonie perfektn\u011b dopln\u00ed prostor mezi Bubensk\u00fdm n\u00e1b\u0159e\u017e\u00edm a&nbsp;n\u00e1b\u0159e\u017e\u00edm Kapit\u00e1na Jaro\u0161e a&nbsp;kone\u010dn\u011b zacel\u00edme tuto jizvu na tv\u00e1\u0159i Prahy<\/em>,\u201c dopl\u0148uje starosta Prahy&nbsp;7 a&nbsp;zastupitel hlavn\u00edho m\u011bsta Jan \u010ci\u017einsk\u00fd.<\/p>\r\n<p>Sou\u010d\u00e1st\u00ed navr\u017een\u00e9ho stavebn\u00edho programu je t\u00e9\u017e prohl\u00eddkov\u00e1 trasa, kter\u00e1 n\u00e1v\u0161t\u011bvn\u00edky provede cel\u00fdm objektem a&nbsp;dovol\u00ed jim nahl\u00e9dnout i&nbsp;do prostor, kam se b\u011b\u017en\u011b nejde dostat \u2013 do zku\u0161eben, studi\u00ed, nebo i&nbsp;do s\u00e1l\u016f v\u00a0dob\u011b, kdy tam budou prob\u00edhat zkou\u0161ky na koncerty. Dopravn\u00ed obslu\u017enost zahrnuje podzemn\u00ed parkovi\u0161t\u011b, m\u00edsta pro zastaven\u00ed, n\u00e1stup a&nbsp;v\u00fdstup cestuj\u00edc\u00edch ze z\u00e1jezdn\u00edch autobus\u016f, taxi, z\u00e1sobov\u00e1n\u00ed a&nbsp;p\u0159\u00edjezd \u00fa\u010dinkuj\u00edc\u00edch, stejn\u011b jako prostory pro st\u00e1n\u00ed p\u0159enosov\u00fdch voz\u016f.<\/p>\r\n<p>\u201e<em>Nyn\u00ed u\u017e je v\u00a0pln\u00e9m proudu participace s\u00a0ve\u0159ejnost\u00ed. Jej\u00ed v\u00fdsledky budou zohledn\u011bny v\u00a0zad\u00e1vac\u00edch podm\u00ednk\u00e1ch sout\u011b\u017ee<\/em>,\u201c dod\u00e1v\u00e1 Ond\u0159ej Boh\u00e1\u010d, \u0159editel Institutu pl\u00e1nov\u00e1n\u00ed a&nbsp;rozvoje hl. m. Prahy (IPR). Ve\u0161ker\u00e9 podrobnosti k\u00a0projektu i&nbsp;samotn\u00e9 participaci jsou na webu IPRu <a href=\"https:\/\/www.iprpraha.cz\/vltavskafilharmonie\" target=\"_blank\" rel=\"noopener\">zde<\/a>.<\/p>\r\n<p>Na m\u00edst\u011b, kde bude Vltavsk\u00e1 filharmonie st\u00e1t, ji\u017e bylo provedeno m\u011b\u0159en\u00ed vibrac\u00ed, jeho\u017e v\u00fdsledky se moment\u00e1ln\u011b vyhodnocuj\u00ed. V\u00a0dal\u0161\u00edch m\u011bs\u00edc\u00edch je\u0161t\u011b dojde k&nbsp;m\u011b\u0159en\u00edm pomoc\u00ed speci\u00e1ln\u00edch vrt\u016f a&nbsp;p\u0159ipravuje se po\u0159\u00edzen\u00ed hlukov\u00e9 studie.\u00a0\u00a0\u00a0<\/p>\r\n<hr \/>\r\n<p>Budova Vltavsk\u00e9 filharmonie v\u00a0Praze by podle doporu\u010den\u00ed z&nbsp;anal\u00fdzy vypracovan\u00e9 konsorciem veden\u00fdm Henning Larsen v\u00a0lednu 2021 m\u011bla m\u00edt celkem t\u0159i s\u00e1ly: hlavn\u00ed \u2013 koncertn\u00ed &#8211; pro 1800 div\u00e1k\u016f, mal\u00fd s\u00e1l pro komorn\u00ed hudbu s\u00a0kapacitou 700 m\u00edst a&nbsp;multifunk\u010dn\u00ed pro ostatn\u00ed \u017e\u00e1nry a&nbsp;typy akc\u00ed s\u00a0kapacitou a\u017e 500 m\u00edst. Hlavn\u00ed koncertn\u00ed s\u00e1l nab\u00eddne sv\u011btovou \u00farove\u0148 akustiky a&nbsp;z\u00e1zem\u00ed odpov\u00eddaj\u00edc\u00ed standard\u016fm 21.&nbsp;stolet\u00ed, d\u00edky \u010demu\u017e se stane kulturn\u00edm centrem hudebn\u00edho \u017eivota v\u00a0Praze. Architektonicky v\u00fdrazn\u00fd objekt filharmonie postaven\u00fd co nejbl\u00ed\u017ee Vltav\u011b m\u00e1 ambici nastartovat revitalizaci \u00fazem\u00ed Bubny-Z\u00e1tory a&nbsp;cel\u00e9 Prahy&nbsp;7.<\/p>","protected":false},"excerpt":{"rendered":"[perex] Porota mezin\u00e1rodn\u00ed architektonick\u00e9 sout\u011b\u017ee pro budovu Vltavsk\u00e9 filharmonie, ve kter\u00e9 krom\u011b z\u00e1stupc\u016f politick\u00e9 a&nbsp;odborn\u00e9 ve\u0159ejnosti usednou i&nbsp;v\u00fdznamn\u00ed sv\u011btov\u00ed i&nbsp;\u010de\u0161t\u00ed architekti, vybere v\u00edt\u011bzn\u00fd n\u00e1vrh v&nbsp;kv\u011btnu 2022. Mezi v\u00edt\u011bze, ocen\u011bn\u00e9 n\u00e1vrhy a&nbsp;na skicovn\u00e9m se rozd\u011bl\u00ed 18 milion\u016f korun. Z\u00e1znam tiskov\u00e9 konference z&nbsp;8.&nbsp;\u010dervna, kter\u00e1 se uskute\u010dnila v&nbsp;Centru architektury a&nbsp;m\u011bstsk\u00e9ho pl\u00e1nov\u00e1n\u00ed, ke zhl\u00e9dnut\u00ed zde. [\/perex] \u010ceskou republiku a&nbsp;jej\u00ed [&hellip;]","protected":false},"author":97,"featured_media":48912,"comment_status":"closed","ping_status":"open","sticky":false,"template":"","format":"standard","meta":[],"categories":[34],"tags":[],"_links":{"self":[{"href":"https:\/\/www.praha7.cz\/api\/wp\/v2\/posts\/48901"}],"collection":[{"href":"https:\/\/www.praha7.cz\/api\/wp\/v2\/posts"}],"about":[{"href":"https:\/\/www.praha7.cz\/api\/wp\/v2\/types\/post"}],"author":[{"embeddable":true,"href":"https:\/\/www.praha7.cz\/api\/wp\/v2\/users\/97"}],"replies":[{"embeddable":true,"href":"https:\/\/www.praha7.cz\/api\/wp\/v2\/comments?post=48901"}],"version-history":[{"count":4,"href":"https:\/\/www.praha7.cz\/api\/wp\/v2\/posts\/48901\/revisions"}],"predecessor-version":[{"id":48920,"href":"https:\/\/www.praha7.cz\/api\/wp\/v2\/posts\/48901\/revisions\/48920"}],"wp:featuredmedia":[{"embeddable":true,"href":"https:\/\/www.praha7.cz\/api\/wp\/v2\/media\/48912"}],"wp:attachment":[{"href":"https:\/\/www.praha7.cz\/api\/wp\/v2\/media?parent=48901"}],"wp:term":[{"taxonomy":"category","embeddable":true,"href":"https:\/\/www.praha7.cz\/api\/wp\/v2\/categories?post=48901"},{"taxonomy":"post_tag","embeddable":true,"href":"https:\/\/www.praha7.cz\/api\/wp\/v2\/tags?post=48901"}],"curies":[{"name":"wp","href":"https:\/\/api.w.org\/{rel}","templated":true}]}}