    
{"id":48898,"date":"2021-06-08T17:27:07","date_gmt":"2021-06-08T15:27:07","guid":{"rendered":"https:\/\/www.praha7.cz\/?p=48898"},"modified":"2021-06-09T10:27:28","modified_gmt":"2021-06-09T08:27:28","slug":"pokles-tlaku-vody-oblast-bubenec-holesovice","status":"publish","type":"post","link":"https:\/\/www.praha7.cz\/pokles-tlaku-vody-oblast-bubenec-holesovice\/","title":{"rendered":"Pokles tlaku vody: oblast Bubene\u010d, Hole\u0161ovice"},"content":{"rendered":"<p>[perex]<\/p>\r\n<p>Porucha vodovodn\u00edho \u0159adu v&nbsp;Praze 6, St\u0159e\u0161ovick\u00e1 532\/23. Z&nbsp;d\u016fvodu havarijn\u00ed v\u00fdm\u011bny potrub\u00ed m\u016f\u017ee doch\u00e1zet k&nbsp;lok\u00e1ln\u00edmu sn\u00ed\u017een\u00ed tlaku vody v&nbsp;oblasti: Praha 6 &#8211; Bubene\u010d, Dejvice, Praha 1 &#8211; Hrad\u010dany, Praha&nbsp;7 &#8211; Bubene\u010d, Hole\u0161ovice (16&nbsp;617 odb\u011bratel\u016f). P\u0159edpoklad ukon\u010den\u00ed opravy dne 10.&nbsp;6.&nbsp;2021.<\/p>\r\n<p>Aktu\u00e1ln\u00ed informace na webu <a href=\"https:\/\/www.pvk.cz\/aktuality\/havarie-vody\/aktualni-havarie\/#\" target=\"_blank\" rel=\"noopener\">pvk.cz<\/a>.<\/p>\r\n<p>[\/perex]<\/p>","protected":false},"excerpt":{"rendered":"[perex] Porucha vodovodn\u00edho \u0159adu v&nbsp;Praze 6, St\u0159e\u0161ovick\u00e1 532\/23. Z&nbsp;d\u016fvodu havarijn\u00ed v\u00fdm\u011bny potrub\u00ed m\u016f\u017ee doch\u00e1zet k&nbsp;lok\u00e1ln\u00edmu sn\u00ed\u017een\u00ed tlaku vody v&nbsp;oblasti: Praha 6 &#8211; Bubene\u010d, Dejvice, Praha 1 &#8211; Hrad\u010dany, Praha&nbsp;7 &#8211; Bubene\u010d, Hole\u0161ovice (16&nbsp;617 odb\u011bratel\u016f). P\u0159edpoklad ukon\u010den\u00ed opravy dne 10.&nbsp;6.&nbsp;2021. Aktu\u00e1ln\u00ed informace na webu pvk.cz. [\/perex]","protected":false},"author":97,"featured_media":29060,"comment_status":"closed","ping_status":"open","sticky":false,"template":"","format":"standard","meta":[],"categories":[34],"tags":[],"_links":{"self":[{"href":"https:\/\/www.praha7.cz\/api\/wp\/v2\/posts\/48898"}],"collection":[{"href":"https:\/\/www.praha7.cz\/api\/wp\/v2\/posts"}],"about":[{"href":"https:\/\/www.praha7.cz\/api\/wp\/v2\/types\/post"}],"author":[{"embeddable":true,"href":"https:\/\/www.praha7.cz\/api\/wp\/v2\/users\/97"}],"replies":[{"embeddable":true,"href":"https:\/\/www.praha7.cz\/api\/wp\/v2\/comments?post=48898"}],"version-history":[{"count":2,"href":"https:\/\/www.praha7.cz\/api\/wp\/v2\/posts\/48898\/revisions"}],"predecessor-version":[{"id":48900,"href":"https:\/\/www.praha7.cz\/api\/wp\/v2\/posts\/48898\/revisions\/48900"}],"wp:featuredmedia":[{"embeddable":true,"href":"https:\/\/www.praha7.cz\/api\/wp\/v2\/media\/29060"}],"wp:attachment":[{"href":"https:\/\/www.praha7.cz\/api\/wp\/v2\/media?parent=48898"}],"wp:term":[{"taxonomy":"category","embeddable":true,"href":"https:\/\/www.praha7.cz\/api\/wp\/v2\/categories?post=48898"},{"taxonomy":"post_tag","embeddable":true,"href":"https:\/\/www.praha7.cz\/api\/wp\/v2\/tags?post=48898"}],"curies":[{"name":"wp","href":"https:\/\/api.w.org\/{rel}","templated":true}]}}