    
{"id":48820,"date":"2021-06-08T13:45:30","date_gmt":"2021-06-08T11:45:30","guid":{"rendered":"https:\/\/www.praha7.cz\/?p=48820"},"modified":"2021-06-08T13:45:30","modified_gmt":"2021-06-08T11:45:30","slug":"pozvanka-na-vystavu-udrzitelna-praha","status":"publish","type":"post","link":"https:\/\/www.praha7.cz\/pozvanka-na-vystavu-udrzitelna-praha\/","title":{"rendered":"Pozv\u00e1nka na v\u00fdstavu Udr\u017eiteln\u00e1 Praha"},"content":{"rendered":"<p>[perex]<\/p>\r\n<p>V\u00fdstava <a href=\"https:\/\/www.architectureweek.cz\/category\/2021\/vystava-udrzitelna-praha\/\" target=\"_blank\" rel=\"noopener\">Udr\u017eiteln\u00e1 Praha<\/a>, kter\u00e1 prob\u011bhne v&nbsp;term\u00ednu od 10.&nbsp;do 30.&nbsp;\u010dervna ve v\u00fdstavn\u00ed s\u00edni M\u00e1nes v&nbsp;Praze 1, si klade ambici\u00f3zn\u00ed c\u00edl uk\u00e1zat problematiku i&nbsp;prost\u0159edky, kter\u00fdmi lze dos\u00e1hnout udr\u017eiteln\u00e9ho rozvoje hlavn\u00edho m\u011bsta. Prezentuje 150 origin\u00e1ln\u00edch projekt\u016f, viz\u00ed hlavn\u00edho m\u011bsta Prahy i&nbsp;jednotliv\u00fdch m\u011bstsk\u00fdch \u010d\u00e1st\u00ed. V&nbsp;expozici Prahy&nbsp;7 si budou moci n\u00e1v\u0161t\u011bvn\u00edci prohl\u00e9dnout\u00a0v\u00edt\u011bzn\u00fd n\u00e1vrh na <a href=\"https:\/\/www.praha7.cz\/praha-7-vyhlasila-vysledky-souteze-na-park-u-vody\/\" target=\"_blank\" rel=\"noopener\">Park U&nbsp;Vody<\/a> a&nbsp;vybran\u00e9 projekty v&nbsp;oblasti <a href=\"https:\/\/www.praha7.cz\/trojskou-kotlinu-ceka-promena-zapojte-se-do-planovani\/\" target=\"_blank\" rel=\"noopener\">Trojsk\u00e9 kotliny<\/a>. Vstup voln\u00fd.\u00a0<\/p>\r\n<p>[\/perex]<\/p>","protected":false},"excerpt":{"rendered":"[perex] V\u00fdstava Udr\u017eiteln\u00e1 Praha, kter\u00e1 prob\u011bhne v&nbsp;term\u00ednu od 10.&nbsp;do 30.&nbsp;\u010dervna ve v\u00fdstavn\u00ed s\u00edni M\u00e1nes v&nbsp;Praze 1, si klade ambici\u00f3zn\u00ed c\u00edl uk\u00e1zat problematiku i&nbsp;prost\u0159edky, kter\u00fdmi lze dos\u00e1hnout udr\u017eiteln\u00e9ho rozvoje hlavn\u00edho m\u011bsta. Prezentuje 150 origin\u00e1ln\u00edch projekt\u016f, viz\u00ed hlavn\u00edho m\u011bsta Prahy i&nbsp;jednotliv\u00fdch m\u011bstsk\u00fdch \u010d\u00e1st\u00ed. V&nbsp;expozici Prahy&nbsp;7 si budou moci n\u00e1v\u0161t\u011bvn\u00edci prohl\u00e9dnout\u00a0v\u00edt\u011bzn\u00fd n\u00e1vrh na Park U&nbsp;Vody a&nbsp;vybran\u00e9 projekty v&nbsp;oblasti [&hellip;]","protected":false},"author":97,"featured_media":48822,"comment_status":"closed","ping_status":"open","sticky":false,"template":"","format":"standard","meta":[],"categories":[34],"tags":[],"_links":{"self":[{"href":"https:\/\/www.praha7.cz\/api\/wp\/v2\/posts\/48820"}],"collection":[{"href":"https:\/\/www.praha7.cz\/api\/wp\/v2\/posts"}],"about":[{"href":"https:\/\/www.praha7.cz\/api\/wp\/v2\/types\/post"}],"author":[{"embeddable":true,"href":"https:\/\/www.praha7.cz\/api\/wp\/v2\/users\/97"}],"replies":[{"embeddable":true,"href":"https:\/\/www.praha7.cz\/api\/wp\/v2\/comments?post=48820"}],"version-history":[{"count":3,"href":"https:\/\/www.praha7.cz\/api\/wp\/v2\/posts\/48820\/revisions"}],"predecessor-version":[{"id":48827,"href":"https:\/\/www.praha7.cz\/api\/wp\/v2\/posts\/48820\/revisions\/48827"}],"wp:featuredmedia":[{"embeddable":true,"href":"https:\/\/www.praha7.cz\/api\/wp\/v2\/media\/48822"}],"wp:attachment":[{"href":"https:\/\/www.praha7.cz\/api\/wp\/v2\/media?parent=48820"}],"wp:term":[{"taxonomy":"category","embeddable":true,"href":"https:\/\/www.praha7.cz\/api\/wp\/v2\/categories?post=48820"},{"taxonomy":"post_tag","embeddable":true,"href":"https:\/\/www.praha7.cz\/api\/wp\/v2\/tags?post=48820"}],"curies":[{"name":"wp","href":"https:\/\/api.w.org\/{rel}","templated":true}]}}