    
{"id":48665,"date":"2021-06-02T14:24:03","date_gmt":"2021-06-02T12:24:03","guid":{"rendered":"https:\/\/www.praha7.cz\/?p=48665"},"modified":"2021-06-02T14:43:32","modified_gmt":"2021-06-02T12:43:32","slug":"komentovana-vychazka-k-vltavske-filharmonii","status":"publish","type":"post","link":"https:\/\/www.praha7.cz\/komentovana-vychazka-k-vltavske-filharmonii\/","title":{"rendered":"Komentovan\u00e1 vych\u00e1zka k&nbsp;Vltavsk\u00e9 filharmonii"},"content":{"rendered":"<p>[perex]<\/p>\r\n<p>Mil\u00ed soused\u00e9, dovolujeme si V\u00e1m p\u0159edat pozv\u00e1nku na komentovanou vych\u00e1zku k&nbsp;Vltavsk\u00e9 filharmonii, kterou po\u0159\u00e1d\u00e1 Institut pl\u00e1nov\u00e1n\u00ed a&nbsp;rozvoje hl. m. Prahy:\u00a0<\/p>\r\n<p><strong>P\u0159idejte se v&nbsp;\u00fater\u00fd\u00a08.&nbsp;6.&nbsp;od 18:00 na <a href=\"https:\/\/www.facebook.com\/events\/484211939338582\" target=\"_blank\" rel=\"noopener\">komentovanou vych\u00e1zku<\/a> k\u00a0Vltavsk\u00e9 filharmonii.\u00a0Sejdeme se u&nbsp;vstupu do vestibulu metra. Proch\u00e1zkou v\u00e1s provede t\u00fdm Vltavsk\u00e9 filharmonie.\u00a0<\/strong><\/p>\r\n<p><strong>P\u0159ij\u010fte se sezn\u00e1mit s&nbsp;aktu\u00e1ln\u00edm v\u00fdvojem a&nbsp;proj\u00edt s&nbsp;n\u00e1mi \u00fazem\u00ed.\u200b\u00a0Budeme se v\u00e1s bude pt\u00e1t, jak \u00fazem\u00ed vyu\u017e\u00edv\u00e1te, jak\u00e9 hodnoty v&nbsp;n\u011bm\u00a0spat\u0159ujete a&nbsp;s&nbsp;jak\u00fdmi probl\u00e9my se tu pot\u00fdk\u00e1te!<\/strong><\/p>\r\n<p><strong>T\u011b\u0161\u00edme se na v\u00e1s<\/strong><\/p>\r\n<p><strong>T\u00fdm Vltavsk\u00e9 filharmonie a&nbsp;Institut pl\u00e1nov\u00e1n\u00ed a&nbsp;rozvoje Prahy<br \/>\r\n<\/strong>[\/perex]<\/p>","protected":false},"excerpt":{"rendered":"[perex] Mil\u00ed soused\u00e9, dovolujeme si V\u00e1m p\u0159edat pozv\u00e1nku na komentovanou vych\u00e1zku k&nbsp;Vltavsk\u00e9 filharmonii, kterou po\u0159\u00e1d\u00e1 Institut pl\u00e1nov\u00e1n\u00ed a&nbsp;rozvoje hl. m. Prahy:\u00a0 P\u0159idejte se v&nbsp;\u00fater\u00fd\u00a08.&nbsp;6.&nbsp;od 18:00 na komentovanou vych\u00e1zku k\u00a0Vltavsk\u00e9 filharmonii.\u00a0Sejdeme se u&nbsp;vstupu do vestibulu metra. Proch\u00e1zkou v\u00e1s provede t\u00fdm Vltavsk\u00e9 filharmonie.\u00a0 P\u0159ij\u010fte se sezn\u00e1mit s&nbsp;aktu\u00e1ln\u00edm v\u00fdvojem a&nbsp;proj\u00edt s&nbsp;n\u00e1mi \u00fazem\u00ed.\u200b\u00a0Budeme se v\u00e1s bude pt\u00e1t, jak \u00fazem\u00ed [&hellip;]","protected":false},"author":97,"featured_media":48666,"comment_status":"closed","ping_status":"open","sticky":false,"template":"","format":"standard","meta":[],"categories":[34],"tags":[],"_links":{"self":[{"href":"https:\/\/www.praha7.cz\/api\/wp\/v2\/posts\/48665"}],"collection":[{"href":"https:\/\/www.praha7.cz\/api\/wp\/v2\/posts"}],"about":[{"href":"https:\/\/www.praha7.cz\/api\/wp\/v2\/types\/post"}],"author":[{"embeddable":true,"href":"https:\/\/www.praha7.cz\/api\/wp\/v2\/users\/97"}],"replies":[{"embeddable":true,"href":"https:\/\/www.praha7.cz\/api\/wp\/v2\/comments?post=48665"}],"version-history":[{"count":3,"href":"https:\/\/www.praha7.cz\/api\/wp\/v2\/posts\/48665\/revisions"}],"predecessor-version":[{"id":48669,"href":"https:\/\/www.praha7.cz\/api\/wp\/v2\/posts\/48665\/revisions\/48669"}],"wp:featuredmedia":[{"embeddable":true,"href":"https:\/\/www.praha7.cz\/api\/wp\/v2\/media\/48666"}],"wp:attachment":[{"href":"https:\/\/www.praha7.cz\/api\/wp\/v2\/media?parent=48665"}],"wp:term":[{"taxonomy":"category","embeddable":true,"href":"https:\/\/www.praha7.cz\/api\/wp\/v2\/categories?post=48665"},{"taxonomy":"post_tag","embeddable":true,"href":"https:\/\/www.praha7.cz\/api\/wp\/v2\/tags?post=48665"}],"curies":[{"name":"wp","href":"https:\/\/api.w.org\/{rel}","templated":true}]}}