    
{"id":48645,"date":"2021-06-01T17:26:07","date_gmt":"2021-06-01T15:26:07","guid":{"rendered":"https:\/\/www.praha7.cz\/?p=48645"},"modified":"2021-06-01T17:26:07","modified_gmt":"2021-06-01T15:26:07","slug":"kvetinove-zahony-a-psi-na-volno-nejdou-dohromady","status":"publish","type":"post","link":"https:\/\/www.praha7.cz\/kvetinove-zahony-a-psi-na-volno-nejdou-dohromady\/","title":{"rendered":"Kv\u011btinov\u00e9 z\u00e1hony a&nbsp;psi na volno nejdou dohromady"},"content":{"rendered":"<p>[perex]<\/p>\r\n<p>V\u00a0minul\u00e9m t\u00fddnu byla dokon\u010dena v\u00fdsadba letni\u010dek na z\u00e1honech parteru p\u0159ed \u0160lechtovou restaurac\u00ed ve Stromovce. Ji\u017e v\u00a0p\u00e1tek 28.&nbsp;kv\u011btna do\u0161lo k\u00a0po\u0161kozen\u00ed t\u011bchto kv\u011btinov\u00fdch ornament\u00e1ln\u00edch v\u00fdsadeb voln\u011b pob\u00edhaj\u00edc\u00edm psem. P\u0159ipom\u00edn\u00e1me, \u017ee na z\u00e1hony plat\u00ed p\u0159\u00edsn\u00fd z\u00e1kaz vstupu osob i&nbsp;ps\u016f. Po\u0161kozov\u00e1n\u00ed z\u00e1hon\u016f psy se bohu\u017eel st\u00e1le opakuje a&nbsp;\u0161kody jsou nemal\u00e9. \u017d\u00e1d\u00e1me proto pejska\u0159e, aby respektovali plochy, kter\u00e9 <a href=\"https:\/\/www.praha7.cz\/wp-content\/uploads\/2021\/06\/pohyb-ps\u016f_Stromovka_2021.pdf\" target=\"_blank\" rel=\"noopener\">(ne)jsou ur\u010deny pro voln\u00fd pohyb ps\u016f<\/a>.\u00a0<\/p>\r\n<p>[\/perex]<\/p>\r\n<p><a href=\"https:\/\/www.praha7.cz\/wp-content\/uploads\/2021\/06\/pohyb-ps\u016f_Stromovka_2021.pdf\" target=\"_blank\" rel=\"noopener\"><img loading=\"lazy\" src=\"https:\/\/www.praha7.cz\/wp-content\/uploads\/2021\/06\/vymezeni_pohybu_psu_Stromovka_2021.png\" alt=\"\" width=\"1219\" height=\"854\" class=\"alignnone wp-image-48648 size-full\" srcset=\"https:\/\/www.praha7.cz\/wp-content\/uploads\/2021\/06\/vymezeni_pohybu_psu_Stromovka_2021.png 1219w, https:\/\/www.praha7.cz\/wp-content\/uploads\/2021\/06\/vymezeni_pohybu_psu_Stromovka_2021-571x400.png 571w, https:\/\/www.praha7.cz\/wp-content\/uploads\/2021\/06\/vymezeni_pohybu_psu_Stromovka_2021-768x538.png 768w\" sizes=\"(max-width: 1219px) 100vw, 1219px\" \/><\/a><\/p>\r\n<p>&nbsp;<\/p>","protected":false},"excerpt":{"rendered":"[perex] V\u00a0minul\u00e9m t\u00fddnu byla dokon\u010dena v\u00fdsadba letni\u010dek na z\u00e1honech parteru p\u0159ed \u0160lechtovou restaurac\u00ed ve Stromovce. Ji\u017e v\u00a0p\u00e1tek 28.&nbsp;kv\u011btna do\u0161lo k\u00a0po\u0161kozen\u00ed t\u011bchto kv\u011btinov\u00fdch ornament\u00e1ln\u00edch v\u00fdsadeb voln\u011b pob\u00edhaj\u00edc\u00edm psem. P\u0159ipom\u00edn\u00e1me, \u017ee na z\u00e1hony plat\u00ed p\u0159\u00edsn\u00fd z\u00e1kaz vstupu osob i&nbsp;ps\u016f. Po\u0161kozov\u00e1n\u00ed z\u00e1hon\u016f psy se bohu\u017eel st\u00e1le opakuje a&nbsp;\u0161kody jsou nemal\u00e9. \u017d\u00e1d\u00e1me proto pejska\u0159e, aby respektovali plochy, kter\u00e9 (ne)jsou [&hellip;]","protected":false},"author":97,"featured_media":48646,"comment_status":"closed","ping_status":"open","sticky":false,"template":"","format":"standard","meta":[],"categories":[34],"tags":[],"_links":{"self":[{"href":"https:\/\/www.praha7.cz\/api\/wp\/v2\/posts\/48645"}],"collection":[{"href":"https:\/\/www.praha7.cz\/api\/wp\/v2\/posts"}],"about":[{"href":"https:\/\/www.praha7.cz\/api\/wp\/v2\/types\/post"}],"author":[{"embeddable":true,"href":"https:\/\/www.praha7.cz\/api\/wp\/v2\/users\/97"}],"replies":[{"embeddable":true,"href":"https:\/\/www.praha7.cz\/api\/wp\/v2\/comments?post=48645"}],"version-history":[{"count":5,"href":"https:\/\/www.praha7.cz\/api\/wp\/v2\/posts\/48645\/revisions"}],"predecessor-version":[{"id":48653,"href":"https:\/\/www.praha7.cz\/api\/wp\/v2\/posts\/48645\/revisions\/48653"}],"wp:featuredmedia":[{"embeddable":true,"href":"https:\/\/www.praha7.cz\/api\/wp\/v2\/media\/48646"}],"wp:attachment":[{"href":"https:\/\/www.praha7.cz\/api\/wp\/v2\/media?parent=48645"}],"wp:term":[{"taxonomy":"category","embeddable":true,"href":"https:\/\/www.praha7.cz\/api\/wp\/v2\/categories?post=48645"},{"taxonomy":"post_tag","embeddable":true,"href":"https:\/\/www.praha7.cz\/api\/wp\/v2\/tags?post=48645"}],"curies":[{"name":"wp","href":"https:\/\/api.w.org\/{rel}","templated":true}]}}