    
{"id":48486,"date":"2021-05-28T10:45:31","date_gmt":"2021-05-28T08:45:31","guid":{"rendered":"https:\/\/www.praha7.cz\/?p=48486"},"modified":"2021-05-28T10:54:09","modified_gmt":"2021-05-28T08:54:09","slug":"detske-hriste-u-vody-se-otevira-po-rekonstrukci","status":"publish","type":"post","link":"https:\/\/www.praha7.cz\/detske-hriste-u-vody-se-otevira-po-rekonstrukci\/","title":{"rendered":"D\u011btsk\u00e9 h\u0159i\u0161t\u011b U&nbsp;Vody se otev\u00edr\u00e1 po rekonstrukci"},"content":{"rendered":"<p>[perex]<\/p>\r\n<p>Praha&nbsp;7 dokon\u010dila rekonstrukci d\u011btsk\u00e9ho h\u0159i\u0161t\u011b ve vnitrobloku U&nbsp;Vody, kter\u00e1 prob\u00edhala od poloviny b\u0159ezna tohoto roku. H\u0159i\u0161t\u011b se pro ve\u0159ejnost otev\u00edr\u00e1 v\u00a0sobotu 29.&nbsp;5. D\u011bti se zde mohou t\u011b\u0161it na nov\u00e9 hern\u00ed prvky, jako je pry\u017eov\u00e9 p\u00edskovi\u0161t\u011b se st\u00ednidlem, pru\u017einov\u00e9 houpadlo, v\u011b\u017eov\u00e1 sestava se skluzavkou, koloto\u010d na st\u00e1n\u00ed, trojhoupa\u010dka, prol\u00e9zac\u00ed hrad \u010di kresl\u00edc\u00ed tabule.<\/p>\r\n<p>[\/perex]<\/p>\r\n<p>V\u00a0z\u00e1v\u011bre\u010dn\u00e9 f\u00e1zi \u00faprav prob\u00edhalo zap\u011bstov\u00e1n\u00ed tr\u00e1vn\u00edku, kv\u016fli \u010demu\u017e bylo h\u0159i\u0161t\u011b je\u0161t\u011b v\u00a0pr\u016fb\u011bhu kv\u011btna zav\u0159en\u00e9. Ne v\u0161ichni n\u00e1v\u0161t\u011bvn\u00edci to v\u0161ak respektovali, doch\u00e1zelo k&nbsp;opakovan\u00e9mu vstupu na oset\u00e9 plochy, a&nbsp;tak se na n\u011bkter\u00fdch m\u00edstech tr\u00e1vn\u00edk bohu\u017eel zcela neuchytil.\u00a0\u00a0<\/p>\r\n<p><img loading=\"lazy\" src=\"https:\/\/www.praha7.cz\/wp-content\/uploads\/2021\/05\/h\u0159i\u0161t\u011b-u-vody-po-reko-2-1333x1000.jpg\" alt=\"\" width=\"640\" height=\"480\" class=\"alignnone size-large wp-image-48484\" srcset=\"https:\/\/www.praha7.cz\/wp-content\/uploads\/2021\/05\/h\u0159i\u0161t\u011b-u-vody-po-reko-2-1333x1000.jpg 1333w, https:\/\/www.praha7.cz\/wp-content\/uploads\/2021\/05\/h\u0159i\u0161t\u011b-u-vody-po-reko-2-533x400.jpg 533w, https:\/\/www.praha7.cz\/wp-content\/uploads\/2021\/05\/h\u0159i\u0161t\u011b-u-vody-po-reko-2-768x576.jpg 768w, https:\/\/www.praha7.cz\/wp-content\/uploads\/2021\/05\/h\u0159i\u0161t\u011b-u-vody-po-reko-2.jpg 1801w\" sizes=\"(max-width: 640px) 100vw, 640px\" \/><\/p>","protected":false},"excerpt":{"rendered":"[perex] Praha&nbsp;7 dokon\u010dila rekonstrukci d\u011btsk\u00e9ho h\u0159i\u0161t\u011b ve vnitrobloku U&nbsp;Vody, kter\u00e1 prob\u00edhala od poloviny b\u0159ezna tohoto roku. H\u0159i\u0161t\u011b se pro ve\u0159ejnost otev\u00edr\u00e1 v\u00a0sobotu 29.&nbsp;5. D\u011bti se zde mohou t\u011b\u0161it na nov\u00e9 hern\u00ed prvky, jako je pry\u017eov\u00e9 p\u00edskovi\u0161t\u011b se st\u00ednidlem, pru\u017einov\u00e9 houpadlo, v\u011b\u017eov\u00e1 sestava se skluzavkou, koloto\u010d na st\u00e1n\u00ed, trojhoupa\u010dka, prol\u00e9zac\u00ed hrad \u010di kresl\u00edc\u00ed tabule. [\/perex] V\u00a0z\u00e1v\u011bre\u010dn\u00e9 [&hellip;]","protected":false},"author":5,"featured_media":48483,"comment_status":"closed","ping_status":"open","sticky":false,"template":"","format":"standard","meta":[],"categories":[34],"tags":[],"_links":{"self":[{"href":"https:\/\/www.praha7.cz\/api\/wp\/v2\/posts\/48486"}],"collection":[{"href":"https:\/\/www.praha7.cz\/api\/wp\/v2\/posts"}],"about":[{"href":"https:\/\/www.praha7.cz\/api\/wp\/v2\/types\/post"}],"author":[{"embeddable":true,"href":"https:\/\/www.praha7.cz\/api\/wp\/v2\/users\/5"}],"replies":[{"embeddable":true,"href":"https:\/\/www.praha7.cz\/api\/wp\/v2\/comments?post=48486"}],"version-history":[{"count":6,"href":"https:\/\/www.praha7.cz\/api\/wp\/v2\/posts\/48486\/revisions"}],"predecessor-version":[{"id":48492,"href":"https:\/\/www.praha7.cz\/api\/wp\/v2\/posts\/48486\/revisions\/48492"}],"wp:featuredmedia":[{"embeddable":true,"href":"https:\/\/www.praha7.cz\/api\/wp\/v2\/media\/48483"}],"wp:attachment":[{"href":"https:\/\/www.praha7.cz\/api\/wp\/v2\/media?parent=48486"}],"wp:term":[{"taxonomy":"category","embeddable":true,"href":"https:\/\/www.praha7.cz\/api\/wp\/v2\/categories?post=48486"},{"taxonomy":"post_tag","embeddable":true,"href":"https:\/\/www.praha7.cz\/api\/wp\/v2\/tags?post=48486"}],"curies":[{"name":"wp","href":"https:\/\/api.w.org\/{rel}","templated":true}]}}