    
{"id":48411,"date":"2021-05-26T14:00:12","date_gmt":"2021-05-26T12:00:12","guid":{"rendered":"https:\/\/www.praha7.cz\/?p=48411"},"modified":"2021-05-26T14:01:50","modified_gmt":"2021-05-26T12:01:50","slug":"vyhlaseni-konkurzniho-rizeni-na-misto-reditele-reditelky-ms-bubenickova-brevnov","status":"publish","type":"post","link":"https:\/\/www.praha7.cz\/vyhlaseni-konkurzniho-rizeni-na-misto-reditele-reditelky-ms-bubenickova-brevnov\/","title":{"rendered":"Vyhl\u00e1\u0161en\u00ed konkurzn\u00edho \u0159\u00edzen\u00ed na m\u00edsto \u0159editele\/\u0159editelky M\u0160 Buben\u00ed\u010dkova, B\u0159evnov"},"content":{"rendered":"<p>[perex]<\/p>\r\n<p>V\u00edce informac\u00ed <a href=\"https:\/\/www.praha7.cz\/wp-content\/uploads\/2021\/05\/PO\u017dADAVKY-vyhlaseni_konkurzu_M\u0160-Buben\u00ed\u010dkova-pdf.pdf\">zde<\/a>.\u00a0<\/p>\r\n<p>[\/perex]<\/p>","protected":false},"excerpt":{"rendered":"[perex] V\u00edce informac\u00ed zde.\u00a0 [\/perex]","protected":false},"author":76,"featured_media":46980,"comment_status":"closed","ping_status":"open","sticky":false,"template":"","format":"standard","meta":[],"categories":[1],"tags":[],"_links":{"self":[{"href":"https:\/\/www.praha7.cz\/api\/wp\/v2\/posts\/48411"}],"collection":[{"href":"https:\/\/www.praha7.cz\/api\/wp\/v2\/posts"}],"about":[{"href":"https:\/\/www.praha7.cz\/api\/wp\/v2\/types\/post"}],"author":[{"embeddable":true,"href":"https:\/\/www.praha7.cz\/api\/wp\/v2\/users\/76"}],"replies":[{"embeddable":true,"href":"https:\/\/www.praha7.cz\/api\/wp\/v2\/comments?post=48411"}],"version-history":[{"count":4,"href":"https:\/\/www.praha7.cz\/api\/wp\/v2\/posts\/48411\/revisions"}],"predecessor-version":[{"id":48419,"href":"https:\/\/www.praha7.cz\/api\/wp\/v2\/posts\/48411\/revisions\/48419"}],"wp:featuredmedia":[{"embeddable":true,"href":"https:\/\/www.praha7.cz\/api\/wp\/v2\/media\/46980"}],"wp:attachment":[{"href":"https:\/\/www.praha7.cz\/api\/wp\/v2\/media?parent=48411"}],"wp:term":[{"taxonomy":"category","embeddable":true,"href":"https:\/\/www.praha7.cz\/api\/wp\/v2\/categories?post=48411"},{"taxonomy":"post_tag","embeddable":true,"href":"https:\/\/www.praha7.cz\/api\/wp\/v2\/tags?post=48411"}],"curies":[{"name":"wp","href":"https:\/\/api.w.org\/{rel}","templated":true}]}}