    
{"id":48389,"date":"2021-06-02T18:35:20","date_gmt":"2021-06-02T16:35:20","guid":{"rendered":"https:\/\/www.praha7.cz\/?p=48389"},"modified":"2025-08-14T18:16:03","modified_gmt":"2025-08-14T16:16:03","slug":"nove-cykloobousmerky-na-sedmicce-usnadni-jizdu-na-kole","status":"publish","type":"post","link":"https:\/\/www.praha7.cz\/nove-cykloobousmerky-na-sedmicce-usnadni-jizdu-na-kole\/","title":{"rendered":"Nov\u00e9 cykloobousm\u011brky na Sedmi\u010dce usnadn\u00ed j\u00edzdu na kole"},"content":{"rendered":"<p>[perex]<\/p>\r\n<p>Ve vybran\u00fdch ulic\u00edch v\u00a0Praze 7 doch\u00e1z\u00ed k&nbsp;\u00faprav\u00e1m zna\u010den\u00ed, jejich\u017e c\u00edlem je zkr\u00e1cen\u00ed vzd\u00e1lenost\u00ed pro cyklodopravu. Jedn\u00e1 se o&nbsp;opat\u0159en\u00ed formou tzv. cykloobousm\u011brek, kter\u00e9 zaji\u0161\u0165uj\u00ed leg\u00e1ln\u00ed pr\u016fjezd v\u00a0protism\u011bru jednosm\u011brn\u00e9 ulice.\u00a0 Cyklist\u016fm\u00a0umo\u017e\u0148uj\u00ed zkr\u00e1tit svou j\u00edzdu a&nbsp;tak\u00e9 p\u0159esun zklidn\u011bn\u00fdmi komunikacemi. Pr\u00e1ce realizuje TSK hl. m. Prahy,\u00a0aktu\u00e1ln\u011b za\u010d\u00ednaj\u00ed v\u00a0ulic\u00edch Jablonsk\u00e9ho a&nbsp;Rajsk\u00e1 a&nbsp;dal\u0161\u00ed lokality budou n\u00e1sledovat.<\/p>\r\n<p>[\/perex]<\/p>\r\n<p>Praha&nbsp;7 reaguje na zvy\u0161uj\u00edc\u00ed se popt\u00e1vku po pr\u016fjezdu cyklist\u016f a&nbsp;k\u00a0ji\u017e d\u0159\u00edve nainstalovan\u00fdm cyklostojan\u016fm p\u0159id\u00e1v\u00e1 ve vybran\u00fdch lokalit\u00e1ch dal\u0161\u00ed integra\u010dn\u00ed opat\u0159en\u00ed pro cyklodopravu, nap\u0159\u00edklad formou realizace tzv. cykloobousm\u011brek.\u00a0Nov\u011b budou realizov\u00e1ny v&nbsp;t\u011bchto ulic\u00edch: Rajsk\u00e1, Jablonsk\u00e9ho, U&nbsp;Pergamenky, Za Elektr\u00e1rnou, Tusarova, Jate\u010dn\u00ed, Nad Kr\u00e1lovskou oborou, Havansk\u00e1, Jire\u010dkova, Letohradsk\u00e1, Veverkova, Strojnick\u00e1 a&nbsp;\u0160im\u00e1\u010dkova, kde bude dopravn\u00ed zna\u010den\u00ed osazeno dodatkovou tabulkou &#8211; a&nbsp;ulice Na \u0160pejcharu, kde bude nov\u011b vyzna\u010den ochrann\u00fd j\u00edzdn\u00ed pruh.\u00a0<\/p>\r\n<p>Cykloobousm\u011brky jsou pot\u0159ebn\u00e9 zejm\u00e9na v&nbsp;m\u011bstsk\u00e9m prost\u0159ed\u00ed, kde je zjednosm\u011br\u0148ov\u00e1n\u00ed ulic \u010dasto prost\u0159edkem k&nbsp;omezen\u00ed pr\u016fjezdn\u00e9 dopravy nebo ke zvy\u0161ov\u00e1n\u00ed po\u010dtu parkovac\u00edch m\u00edst.<\/p>\r\n<p><strong>\u0158e\u0161en\u00ed v&nbsp;ul. Jate\u010dn\u00ed<\/strong><\/p>\r\n<p>P\u0159i vyzna\u010den\u00ed cykloobousm\u011brky v&nbsp;ulici Jate\u010dn\u00ed do\u0161lo k&nbsp;odsazen\u00ed cyklopiktogram\u016f na vozovce ve vzd\u00e1lenosti cca 2 metr\u016f od zaparkovan\u00fdch vozidel, aby p\u0159i couv\u00e1n\u00ed automobil\u016f ze \u0161ikm\u00e9ho parkov\u00e1n\u00ed nedoch\u00e1zelo ke kolizn\u00edm situac\u00edm. Toto \u0159e\u0161en\u00ed umo\u017enilo zachov\u00e1n\u00ed st\u00e1vaj\u00edc\u00edho po\u010dtu parkovac\u00edch m\u00edst v&nbsp;ulici.\u00a0\u00a0<\/p>\r\n<p><a href=\"https:\/\/www.praha7.cz\/wp-content\/uploads\/2021\/06\/jate\u010dn\u00ed.png\" target=\"_blank\" rel=\"noopener\"><img loading=\"lazy\" src=\"https:\/\/www.praha7.cz\/wp-content\/uploads\/2021\/06\/jate\u010dn\u00ed-600x156.png\" alt=\"\" width=\"600\" height=\"156\" class=\"alignnone size-medium wp-image-48938\" srcset=\"https:\/\/www.praha7.cz\/wp-content\/uploads\/2021\/06\/jate\u010dn\u00ed-600x156.png 600w, https:\/\/www.praha7.cz\/wp-content\/uploads\/2021\/06\/jate\u010dn\u00ed-768x200.png 768w, https:\/\/www.praha7.cz\/wp-content\/uploads\/2021\/06\/jate\u010dn\u00ed.png 1099w\" sizes=\"(max-width: 600px) 100vw, 600px\" \/><\/a><\/p>\r\n<p><a href=\"https:\/\/www.praha7.cz\/wp-content\/uploads\/2021\/06\/jatecni_cykloobousmerka.jpg\" target=\"_blank\" rel=\"noopener\"><img loading=\"lazy\" src=\"https:\/\/www.praha7.cz\/wp-content\/uploads\/2021\/06\/jatecni_cykloobousmerka.jpg\" alt=\"\" width=\"960\" height=\"720\" class=\"alignnone wp-image-48948 size-full\" srcset=\"https:\/\/www.praha7.cz\/wp-content\/uploads\/2021\/06\/jatecni_cykloobousmerka.jpg 960w, https:\/\/www.praha7.cz\/wp-content\/uploads\/2021\/06\/jatecni_cykloobousmerka-533x400.jpg 533w, https:\/\/www.praha7.cz\/wp-content\/uploads\/2021\/06\/jatecni_cykloobousmerka-768x576.jpg 768w\" sizes=\"(max-width: 960px) 100vw, 960px\" \/><\/a><\/p>\r\n<p><img loading=\"lazy\" src=\"https:\/\/www.praha7.cz\/wp-content\/uploads\/2021\/06\/cykloobousmerky_znacka_2021.jpg\" alt=\"\" width=\"1152\" height=\"566\" class=\"alignnone wp-image-49101 size-full\" srcset=\"https:\/\/www.praha7.cz\/wp-content\/uploads\/2021\/06\/cykloobousmerky_znacka_2021.jpg 1152w, https:\/\/www.praha7.cz\/wp-content\/uploads\/2021\/06\/cykloobousmerky_znacka_2021-600x295.jpg 600w, https:\/\/www.praha7.cz\/wp-content\/uploads\/2021\/06\/cykloobousmerky_znacka_2021-768x377.jpg 768w\" sizes=\"(max-width: 1152px) 100vw, 1152px\" \/><\/p>\r\n<p><strong>Zna\u010den\u00ed obousm\u011brek<\/strong><\/p>\r\n<p>Krom\u011b dodatkov\u00e9 tabulky je obousm\u011brka zna\u010dena tzv. cyklopiktokoridorem. Ten cyklisty nav\u00e1d\u00ed, ostatn\u00ed upozor\u0148uje. Je to vlastn\u011b jak\u00e9si upozorn\u011bn\u00ed pro \u0159idi\u010de, pozor, tudy m\u016f\u017ee jet i&nbsp;cyklista, proto\u017ee se pou\u017e\u00edv\u00e1 na ulic\u00edch, kter\u00e9 nejsou dostate\u010dn\u011b \u0161irok\u00e9, aby tam cyklist\u00e9 mohli m\u00edt vlastn\u00ed pruh.<\/p>\r\n<p>Cyklopiktokoridor nen\u00ed ani\u00a0cyklostezka, kter\u00e1 je mimo frekventovan\u00e9 ulice, ani cyklopruh, kter\u00fd je na silnici vyhrazen pouze cyklist\u016fm.\u00a0<\/p>\r\n<p><img loading=\"lazy\" src=\"https:\/\/www.praha7.cz\/wp-content\/uploads\/2021\/06\/Cyklopiktokoridor.jpg\" alt=\"\" width=\"264\" height=\"264\" class=\"alignnone  wp-image-48936\" srcset=\"https:\/\/www.praha7.cz\/wp-content\/uploads\/2021\/06\/Cyklopiktokoridor.jpg 300w, https:\/\/www.praha7.cz\/wp-content\/uploads\/2021\/06\/Cyklopiktokoridor-200x200.jpg 200w\" sizes=\"(max-width: 264px) 100vw, 264px\" \/>\u00a0 \u00a0vs.\u00a0 \u00a0 \u00a0<img loading=\"lazy\" src=\"https:\/\/www.praha7.cz\/wp-content\/uploads\/2021\/06\/J\u00edzdn\u00ed-pruh-pro-cyklisty.jpg\" alt=\"\" width=\"265\" height=\"265\" class=\"alignnone  wp-image-48937\" srcset=\"https:\/\/www.praha7.cz\/wp-content\/uploads\/2021\/06\/J\u00edzdn\u00ed-pruh-pro-cyklisty.jpg 300w, https:\/\/www.praha7.cz\/wp-content\/uploads\/2021\/06\/J\u00edzdn\u00ed-pruh-pro-cyklisty-200x200.jpg 200w\" sizes=\"(max-width: 265px) 100vw, 265px\" \/><\/p>\r\n<p><em><span style=\"font-size: 14px;\">V20\u00a0Piktogramov\u00fd koridor pro cyklisty<\/span>\u00a0 \u00a0 \u00a0 \u00a0 \u00a0 \u00a0 \u00a0 \u00a0<span style=\"font-size: 14px;\">V14\u00a0 J\u00edzdn\u00ed pruh pro cyklisty \u00a0<\/span>\u00a0 \u00a0 \u00a0 \u00a0 \u00a0 \u00a0 \u00a0 \u00a0 \u00a0 \u00a0 \u00a0 \u00a0 \u00a0\u00a0<\/em><\/p>\r\n<p>&nbsp;<\/p>\r\n<p><img loading=\"lazy\" src=\"https:\/\/www.praha7.cz\/wp-content\/uploads\/2021\/06\/havanska_sirka_obousmerna_ulice.jpg\" alt=\"\" width=\"1600\" height=\"1200\" class=\"alignnone wp-image-49102 size-full\" srcset=\"https:\/\/www.praha7.cz\/wp-content\/uploads\/2021\/06\/havanska_sirka_obousmerna_ulice.jpg 1600w, https:\/\/www.praha7.cz\/wp-content\/uploads\/2021\/06\/havanska_sirka_obousmerna_ulice-533x400.jpg 533w, https:\/\/www.praha7.cz\/wp-content\/uploads\/2021\/06\/havanska_sirka_obousmerna_ulice-768x576.jpg 768w, https:\/\/www.praha7.cz\/wp-content\/uploads\/2021\/06\/havanska_sirka_obousmerna_ulice-1333x1000.jpg 1333w\" sizes=\"(max-width: 1600px) 100vw, 1600px\" \/><\/p>\r\n<p><em>\u0160\u00ed\u0159kov\u00e9 pom\u011bry obousm\u011brn\u00e9 komunikace v&nbsp;ul. Havansk\u00e1 &#8211; 3,9 m\u00a0<\/em><\/p>\r\n<hr \/>\r\n<p><a href=\"https:\/\/mapa.prahounakole.cz\/\" target=\"_blank\" rel=\"noopener\">Cyklomapa M\u011bstem na kole<\/a><\/p>\r\n<hr \/>\r\n<p>&nbsp;<\/p>\r\n<p><strong>Video &#8211; k&nbsp;\u010demu slou\u017e\u00ed cykloobousm\u011brky:<\/strong><\/p>\r\n<p><iframe loading=\"lazy\" width=\"560\" height=\"314\" src=\"\/\/www.youtube.com\/embed\/Nqz27BkBOCE\" allowfullscreen=\"allowfullscreen\"><\/iframe><\/p>","protected":false},"excerpt":{"rendered":"[perex] Ve vybran\u00fdch ulic\u00edch v\u00a0Praze 7 doch\u00e1z\u00ed k&nbsp;\u00faprav\u00e1m zna\u010den\u00ed, jejich\u017e c\u00edlem je zkr\u00e1cen\u00ed vzd\u00e1lenost\u00ed pro cyklodopravu. Jedn\u00e1 se o&nbsp;opat\u0159en\u00ed formou tzv. cykloobousm\u011brek, kter\u00e9 zaji\u0161\u0165uj\u00ed leg\u00e1ln\u00ed pr\u016fjezd v\u00a0protism\u011bru jednosm\u011brn\u00e9 ulice.\u00a0 Cyklist\u016fm\u00a0umo\u017e\u0148uj\u00ed zkr\u00e1tit svou j\u00edzdu a&nbsp;tak\u00e9 p\u0159esun zklidn\u011bn\u00fdmi komunikacemi. Pr\u00e1ce realizuje TSK hl. m. Prahy,\u00a0aktu\u00e1ln\u011b za\u010d\u00ednaj\u00ed v\u00a0ulic\u00edch Jablonsk\u00e9ho a&nbsp;Rajsk\u00e1 a&nbsp;dal\u0161\u00ed lokality budou n\u00e1sledovat. [\/perex] Praha&nbsp;7 reaguje na [&hellip;]","protected":false},"author":97,"featured_media":49104,"comment_status":"closed","ping_status":"open","sticky":false,"template":"","format":"standard","meta":[],"categories":[34],"tags":[],"_links":{"self":[{"href":"https:\/\/www.praha7.cz\/api\/wp\/v2\/posts\/48389"}],"collection":[{"href":"https:\/\/www.praha7.cz\/api\/wp\/v2\/posts"}],"about":[{"href":"https:\/\/www.praha7.cz\/api\/wp\/v2\/types\/post"}],"author":[{"embeddable":true,"href":"https:\/\/www.praha7.cz\/api\/wp\/v2\/users\/97"}],"replies":[{"embeddable":true,"href":"https:\/\/www.praha7.cz\/api\/wp\/v2\/comments?post=48389"}],"version-history":[{"count":22,"href":"https:\/\/www.praha7.cz\/api\/wp\/v2\/posts\/48389\/revisions"}],"predecessor-version":[{"id":86046,"href":"https:\/\/www.praha7.cz\/api\/wp\/v2\/posts\/48389\/revisions\/86046"}],"wp:featuredmedia":[{"embeddable":true,"href":"https:\/\/www.praha7.cz\/api\/wp\/v2\/media\/49104"}],"wp:attachment":[{"href":"https:\/\/www.praha7.cz\/api\/wp\/v2\/media?parent=48389"}],"wp:term":[{"taxonomy":"category","embeddable":true,"href":"https:\/\/www.praha7.cz\/api\/wp\/v2\/categories?post=48389"},{"taxonomy":"post_tag","embeddable":true,"href":"https:\/\/www.praha7.cz\/api\/wp\/v2\/tags?post=48389"}],"curies":[{"name":"wp","href":"https:\/\/api.w.org\/{rel}","templated":true}]}}