    
{"id":48364,"date":"2021-05-25T11:48:25","date_gmt":"2021-05-25T09:48:25","guid":{"rendered":"https:\/\/www.praha7.cz\/?p=48364"},"modified":"2021-05-25T11:48:36","modified_gmt":"2021-05-25T09:48:36","slug":"chleb-a-hry-divadlo-pro-deti-a-venkovni-trhy-v-prazske-trznici","status":"publish","type":"post","link":"https:\/\/www.praha7.cz\/chleb-a-hry-divadlo-pro-deti-a-venkovni-trhy-v-prazske-trznici\/","title":{"rendered":"Chl\u00e9b a&nbsp;hry: divadlo pro d\u011bti a&nbsp;venkovn\u00ed trhy v&nbsp;Pra\u017esk\u00e9 tr\u017enici"},"content":{"rendered":"<p>[perex]<br \/>\r\nTrhy u\u017e nejsou jenom dopoledne! P\u0159ij\u010fte s&nbsp;d\u011btmi do <a href=\"https:\/\/www.prazska-trznice.cz\/\" target=\"_blank\" rel=\"noopener\">Pra\u017esk\u00e9 tr\u017enice<\/a>\u00a0ve st\u0159edu 26.&nbsp;kv\u011btna 2021 na divadeln\u00ed p\u0159edstaven\u00ed a&nbsp;nakoupit si u&nbsp;st\u00e1nk\u016f p\u0159ed Halou 22. V&nbsp;16 hodin prob\u011bhne d\u011btsk\u00e9 venkovn\u00ed p\u0159edstaven\u00ed Turnaj kr\u00e1le Karla od <a href=\"https:\/\/damuza.cz\/\" target=\"_blank\" rel=\"noopener\">Studia Dam\u00faza<\/a>, pro d\u011bti od 6 let a&nbsp;jejich rodi\u010de. D\u00e9lka p\u0159edstaven\u00ed je 40 minut a&nbsp;vstup je zdarma. Korzo p\u0159ed Halou 22 se tak\u00e9 napln\u00ed st\u00e1nky s&nbsp;p\u0159\u00edrodn\u00edmi produkty z&nbsp;levandul\u00ed, zeleninou, sirupy a&nbsp;\u010dek\u00e1 na v\u00e1s i&nbsp;ob\u010derstven\u00ed a&nbsp;to a\u017e do 18 hodin.\u00a0\u00a0<\/p>\r\n<p>[\/perex]<\/p>\r\n<p>Na venkovn\u00edch trz\u00edch p\u0159ed Halou 22 potvrdily \u00fa\u010dast st\u00e1nky:\u00a0<\/p>\r\n<p>Ten \u0161tr\u016fdl \u2013 slan\u00e9 i&nbsp;sladk\u00e9 poctiv\u00e9 dom\u00e1c\u00ed \u0161tr\u016fdly a&nbsp;dal\u0161\u00ed delikatesy<br \/>\r\nSladk\u00e9 mandarinky \u2013 s&nbsp;jahodami a&nbsp;melouny nakr\u00e1jen\u00e9 pro d\u011bti<br \/>\r\nLevandulov\u00e1 \u2013 produkty z&nbsp;levandul\u00ed\u00a0<br \/>\r\nFarm\u00e1\u0159 z&nbsp;\u0159\u00ed\u0161e sn\u016f \u2013 \u0161\u0165avnat\u00e1 raj\u010d\u00e1tka<br \/>\r\nUrben Pupen \u2013 Microgreens mlad\u00e9 v\u00fdhonky s&nbsp;vysok\u00fdm obsahem vitam\u00edn\u016f<br \/>\r\nPan Nedv\u011bd se sazenicemi kanadsk\u00fdch bor\u016fvek<br \/>\r\nH.O.L.I.cz \u2013 su\u0161en\u00e1 zelenina, sirupy, \u010datn\u00fd<br \/>\r\nChilli om\u00e1\u010dky od Luke the Cook\/Prague Jerk Station<br \/>\r\nVareniky &amp; pelmen\u011b<br \/>\r\nJedeme tousty \u2013 Malo\u00fapsk\u00e9 peka\u0159stv\u00ed se skv\u011bl\u00fdmi tousty z&nbsp;vlastn\u00edho toustov\u00e9ho chleba\u00a0<\/p>\r\n<p>Hala 22 bude m\u00edt roz\u0161\u00ed\u0159enou nab\u00eddku odpoledn\u00edch trh\u016f a&nbsp;otev\u0159eno do 17 hodin.\u00a0<\/p>\r\n<p><a href=\"https:\/\/www.facebook.com\/events\/219032356403908\" target=\"_blank\" rel=\"noopener\">FB ud\u00e1lost<\/a><\/p>","protected":false},"excerpt":{"rendered":"[perex] Trhy u\u017e nejsou jenom dopoledne! P\u0159ij\u010fte s&nbsp;d\u011btmi do Pra\u017esk\u00e9 tr\u017enice\u00a0ve st\u0159edu 26.&nbsp;kv\u011btna 2021 na divadeln\u00ed p\u0159edstaven\u00ed a&nbsp;nakoupit si u&nbsp;st\u00e1nk\u016f p\u0159ed Halou 22. V&nbsp;16 hodin prob\u011bhne d\u011btsk\u00e9 venkovn\u00ed p\u0159edstaven\u00ed Turnaj kr\u00e1le Karla od Studia Dam\u00faza, pro d\u011bti od 6 let a&nbsp;jejich rodi\u010de. D\u00e9lka p\u0159edstaven\u00ed je 40 minut a&nbsp;vstup je zdarma. Korzo p\u0159ed Halou 22 se [&hellip;]","protected":false},"author":76,"featured_media":48365,"comment_status":"closed","ping_status":"open","sticky":false,"template":"","format":"standard","meta":[],"categories":[34],"tags":[],"_links":{"self":[{"href":"https:\/\/www.praha7.cz\/api\/wp\/v2\/posts\/48364"}],"collection":[{"href":"https:\/\/www.praha7.cz\/api\/wp\/v2\/posts"}],"about":[{"href":"https:\/\/www.praha7.cz\/api\/wp\/v2\/types\/post"}],"author":[{"embeddable":true,"href":"https:\/\/www.praha7.cz\/api\/wp\/v2\/users\/76"}],"replies":[{"embeddable":true,"href":"https:\/\/www.praha7.cz\/api\/wp\/v2\/comments?post=48364"}],"version-history":[{"count":5,"href":"https:\/\/www.praha7.cz\/api\/wp\/v2\/posts\/48364\/revisions"}],"predecessor-version":[{"id":48379,"href":"https:\/\/www.praha7.cz\/api\/wp\/v2\/posts\/48364\/revisions\/48379"}],"wp:featuredmedia":[{"embeddable":true,"href":"https:\/\/www.praha7.cz\/api\/wp\/v2\/media\/48365"}],"wp:attachment":[{"href":"https:\/\/www.praha7.cz\/api\/wp\/v2\/media?parent=48364"}],"wp:term":[{"taxonomy":"category","embeddable":true,"href":"https:\/\/www.praha7.cz\/api\/wp\/v2\/categories?post=48364"},{"taxonomy":"post_tag","embeddable":true,"href":"https:\/\/www.praha7.cz\/api\/wp\/v2\/tags?post=48364"}],"curies":[{"name":"wp","href":"https:\/\/api.w.org\/{rel}","templated":true}]}}