    
{"id":48315,"date":"2021-05-24T15:30:17","date_gmt":"2021-05-24T13:30:17","guid":{"rendered":"https:\/\/www.praha7.cz\/?p=48315"},"modified":"2021-05-28T12:02:49","modified_gmt":"2021-05-28T10:02:49","slug":"nove-kreativni-kurzy-pro-deti-ve-vytvarce-startuji","status":"publish","type":"post","link":"https:\/\/www.praha7.cz\/nove-kreativni-kurzy-pro-deti-ve-vytvarce-startuji\/","title":{"rendered":"Nov\u00e9 kreativn\u00ed kurzy pro d\u011bti ve V\u00fdtvarce! startuj\u00ed"},"content":{"rendered":"<p>[perex]<\/p>\r\n<p>Aktualizace:\u00a0<strong>Kapacita je v&nbsp;sou\u010dasnosti napln\u011bna<\/strong>. Informace o&nbsp;z\u00e1pisech na podzimn\u00ed kurzy jsou v&nbsp;p\u0159\u00edprav\u011b.<\/p>\r\n<p>Ve spolupr\u00e1ci s&nbsp;m\u011bstskou \u010d\u00e1st\u00ed roz\u0161\u00ed\u0159il D\u016fm d\u011bt\u00ed a&nbsp;ml\u00e1de\u017ee Prahy&nbsp;7 od 24.&nbsp;kv\u011btna 2021 svou nab\u00eddku <a href=\"https:\/\/www.ddmpraha7.cz\/krouzky\/\" target=\"_blank\" rel=\"noopener\">krou\u017ek\u016f<\/a> pro d\u011bti o&nbsp;nov\u00e9 v\u00fdtvarn\u00e9 kurzy, kter\u00e9 lektorsky za\u0161t\u00edt\u00ed z\u00e1stupci platformy <a href=\"https:\/\/umeleckestrevo.cz\/otevirame-vytvarku\/\" target=\"_blank\" rel=\"noopener\">M\u00e1\u0161 um\u011bleck\u00e9 st\u0159evo<\/a>. Budou prob\u00edhat v&nbsp;nov\u011b upraven\u00e9m prostoru V\u00fdtvarka! ve \u0160tenberkov\u011b ulici (d\u016fm Janovsk\u00e9ho 27). Na programu jsou kurzy pro mlad\u0161\u00ed i&nbsp;star\u0161\u00ed d\u011bti ale tak\u00e9 t\u0159eba kurz filmov\u00e9 animace pro d\u011bti. Kurzy povedou dlouholet\u00ed lekto\u0159i zam\u011b\u0159en\u00ed na v\u00fdtvarn\u00e9 um\u011bn\u00ed a&nbsp;s&nbsp;prax\u00ed z&nbsp;um\u011bleck\u00fdch galeri\u00ed (N\u00e1rodn\u00ed galerie Praha, Centrum sou\u010dasn\u00e9ho um\u011bn\u00ed DOX aj.).<\/p>\r\n<p>[\/perex]<\/p>\r\n<p><strong>Aktu\u00e1ln\u011b nab\u00eddka program\u016f:<\/strong><\/p>\r\n<table style=\"width: 498px;\">\r\n<tbody>\r\n<tr>\r\n<td style=\"width: 247px;\">Kurz<\/td>\r\n<td style=\"width: 142px;\">ur\u010deno<\/td>\r\n<td style=\"width: 156px;\">kdy<\/td>\r\n<td style=\"width: 202px;\">kapacita<\/td>\r\n<\/tr>\r\n<tr>\r\n<td style=\"width: 247px;\"><strong>V\u00fdtvarka! I<\/strong><\/td>\r\n<td style=\"width: 142px;\">mlad\u0161\u00ed d\u011bti (5-7 let)<\/td>\r\n<td style=\"width: 156px;\">\u010cT\u00a016-17:30<\/td>\r\n<td style=\"width: 202px;\">10-12 d\u011bt\u00ed<\/td>\r\n<\/tr>\r\n<tr>\r\n<td style=\"width: 247px;\"><strong>V\u00fdtvarka! II<\/strong><\/td>\r\n<td style=\"width: 142px;\">star\u0161\u00ed d\u011bti <br \/>\r\n(8-12 let)<\/td>\r\n<td style=\"width: 156px;\">ST 16-17:30<\/td>\r\n<td style=\"width: 202px;\">10-12 d\u011bt\u00ed<\/td>\r\n<\/tr>\r\n<tr>\r\n<td style=\"width: 247px;\"><strong>Kurz Animace<\/strong><\/td>\r\n<td style=\"width: 142px;\">star\u0161\u00ed d\u011bti <br \/>\r\n(8-12 let)<\/td>\r\n<td style=\"width: 156px;\">\u00daT 16-17:30<\/td>\r\n<td style=\"width: 202px;\">10-12 d\u011bt\u00ed<\/td>\r\n<\/tr>\r\n<\/tbody>\r\n<\/table>\r\n<p><br \/>\r\nZ\u00e1pisy prob\u00edhaj\u00ed na aktu\u00e1ln\u00ed i&nbsp;p\u0159\u00ed\u0161t\u00ed \u0161koln\u00ed rok. \u010c\u00e1stka za p\u016flro\u010dn\u00ed kurz V\u00fdtvarky v&nbsp;r\u00e1mci DDM Prahy&nbsp;7 je 650 K\u010d, celoro\u010dn\u00ed 1&nbsp;200&nbsp;K\u010d.<\/p>\r\n<p><strong>Informace o&nbsp;p\u0159ihl\u00e1\u0161k\u00e1ch<\/strong>: <a href=\"mailto:prihlasky@ddmpraha7.cz\">prihlasky@ddmpraha7.cz<\/a><\/p>\r\n<p>Autorem koncepce V\u00fdtvarky! je Ond\u0159ej Hor\u00e1k a&nbsp;Ji\u0159\u00ed Raiterman, vedouc\u00edmi program\u016f jsou Tereza Beranov\u00e1, Michaela Trpi\u0161ovsk\u00e1 a&nbsp;Kakal\u00edk. Ten je autorem vizu\u00e1ln\u00ed identity V\u00fdtvarky!, architektonick\u00e9 \u00fapravy prostoru vznikly podle n\u00e1vrh\u016f Tom\u00e1\u0161e Svobody, pedagoga AVU.<\/p>\r\n<p>Facebook <a href=\"https:\/\/www.facebook.com\/vytvarkaMUS\" target=\"_blank\" rel=\"noopener\">V\u00fdtvarka pro d\u011bti v&nbsp;Praze 7<\/a><\/p>\r\n<p><img loading=\"lazy\" src=\"https:\/\/www.praha7.cz\/wp-content\/uploads\/2021\/05\/vytvarka_2021_b.png\" alt=\"\" width=\"1268\" height=\"839\" class=\"alignnone wp-image-48329 size-full\" srcset=\"https:\/\/www.praha7.cz\/wp-content\/uploads\/2021\/05\/vytvarka_2021_b.png 1268w, https:\/\/www.praha7.cz\/wp-content\/uploads\/2021\/05\/vytvarka_2021_b-600x397.png 600w, https:\/\/www.praha7.cz\/wp-content\/uploads\/2021\/05\/vytvarka_2021_b-768x508.png 768w\" sizes=\"(max-width: 1268px) 100vw, 1268px\" \/><\/p>","protected":false},"excerpt":{"rendered":"[perex] Aktualizace:\u00a0Kapacita je v&nbsp;sou\u010dasnosti napln\u011bna. Informace o&nbsp;z\u00e1pisech na podzimn\u00ed kurzy jsou v&nbsp;p\u0159\u00edprav\u011b. Ve spolupr\u00e1ci s&nbsp;m\u011bstskou \u010d\u00e1st\u00ed roz\u0161\u00ed\u0159il D\u016fm d\u011bt\u00ed a&nbsp;ml\u00e1de\u017ee Prahy&nbsp;7 od 24.&nbsp;kv\u011btna 2021 svou nab\u00eddku krou\u017ek\u016f pro d\u011bti o&nbsp;nov\u00e9 v\u00fdtvarn\u00e9 kurzy, kter\u00e9 lektorsky za\u0161t\u00edt\u00ed z\u00e1stupci platformy M\u00e1\u0161 um\u011bleck\u00e9 st\u0159evo. Budou prob\u00edhat v&nbsp;nov\u011b upraven\u00e9m prostoru V\u00fdtvarka! ve \u0160tenberkov\u011b ulici (d\u016fm Janovsk\u00e9ho 27). Na programu jsou [&hellip;]","protected":false},"author":97,"featured_media":48328,"comment_status":"closed","ping_status":"open","sticky":false,"template":"","format":"standard","meta":[],"categories":[34],"tags":[],"_links":{"self":[{"href":"https:\/\/www.praha7.cz\/api\/wp\/v2\/posts\/48315"}],"collection":[{"href":"https:\/\/www.praha7.cz\/api\/wp\/v2\/posts"}],"about":[{"href":"https:\/\/www.praha7.cz\/api\/wp\/v2\/types\/post"}],"author":[{"embeddable":true,"href":"https:\/\/www.praha7.cz\/api\/wp\/v2\/users\/97"}],"replies":[{"embeddable":true,"href":"https:\/\/www.praha7.cz\/api\/wp\/v2\/comments?post=48315"}],"version-history":[{"count":11,"href":"https:\/\/www.praha7.cz\/api\/wp\/v2\/posts\/48315\/revisions"}],"predecessor-version":[{"id":48494,"href":"https:\/\/www.praha7.cz\/api\/wp\/v2\/posts\/48315\/revisions\/48494"}],"wp:featuredmedia":[{"embeddable":true,"href":"https:\/\/www.praha7.cz\/api\/wp\/v2\/media\/48328"}],"wp:attachment":[{"href":"https:\/\/www.praha7.cz\/api\/wp\/v2\/media?parent=48315"}],"wp:term":[{"taxonomy":"category","embeddable":true,"href":"https:\/\/www.praha7.cz\/api\/wp\/v2\/categories?post=48315"},{"taxonomy":"post_tag","embeddable":true,"href":"https:\/\/www.praha7.cz\/api\/wp\/v2\/tags?post=48315"}],"curies":[{"name":"wp","href":"https:\/\/api.w.org\/{rel}","templated":true}]}}