    
{"id":48280,"date":"2021-05-21T11:38:40","date_gmt":"2021-05-21T09:38:40","guid":{"rendered":"https:\/\/www.praha7.cz\/?p=48280"},"modified":"2021-06-01T20:41:16","modified_gmt":"2021-06-01T18:41:16","slug":"prvni-tyden-pcr-testovani-potvrdil-ze-jsou-skoly-v-praze-7-bez-covidu","status":"publish","type":"post","link":"https:\/\/www.praha7.cz\/prvni-tyden-pcr-testovani-potvrdil-ze-jsou-skoly-v-praze-7-bez-covidu\/","title":{"rendered":"Prvn\u00ed t\u00fdden PCR testov\u00e1n\u00ed potvrdil, \u017ee jsou \u0161koly v&nbsp;Praze 7 bez covidu"},"content":{"rendered":"<p>[perex]<\/p>\r\n<p>Praha&nbsp;7 od tohoto t\u00fddne p\u0159e\u0161la ve v\u0161ech \u0161esti z\u00e1kladn\u00edch \u0161kol\u00e1ch z\u0159izovan\u00fdch m\u011bstskou \u010d\u00e1st\u00ed na PCR testov\u00e1n\u00ed. Spolehliv\u00e9 a&nbsp;\u0161etrn\u00e9 testy, vyhodnocovan\u00e9 metodou <a href=\"https:\/\/www.praha7.cz\/zakladni-skoly-v-praze-7-prechazi-na-pcr-testovani\/\" target=\"_blank\" rel=\"noopener\">PCR poolingu<\/a>, nezachytily \u017e\u00e1dn\u00fd pozitivn\u00ed vzorek. M\u00e1me radost, \u017ee se na na\u0161ich \u0161kol\u00e1ch onemocn\u011bn\u00ed covid-19 ne\u0161\u00ed\u0159\u00ed, a&nbsp;pevn\u011b v\u011b\u0159\u00edme, \u017ee d\u011bti ji\u017e budou moci bezpe\u010dn\u011b dokon\u010dit tento komplikovan\u00fd \u0161koln\u00ed rok mezi kamar\u00e1dy.<\/p>\r\n<p>[\/perex]<\/p>","protected":false},"excerpt":{"rendered":"[perex] Praha&nbsp;7 od tohoto t\u00fddne p\u0159e\u0161la ve v\u0161ech \u0161esti z\u00e1kladn\u00edch \u0161kol\u00e1ch z\u0159izovan\u00fdch m\u011bstskou \u010d\u00e1st\u00ed na PCR testov\u00e1n\u00ed. Spolehliv\u00e9 a&nbsp;\u0161etrn\u00e9 testy, vyhodnocovan\u00e9 metodou PCR poolingu, nezachytily \u017e\u00e1dn\u00fd pozitivn\u00ed vzorek. M\u00e1me radost, \u017ee se na na\u0161ich \u0161kol\u00e1ch onemocn\u011bn\u00ed covid-19 ne\u0161\u00ed\u0159\u00ed, a&nbsp;pevn\u011b v\u011b\u0159\u00edme, \u017ee d\u011bti ji\u017e budou moci bezpe\u010dn\u011b dokon\u010dit tento komplikovan\u00fd \u0161koln\u00ed rok mezi kamar\u00e1dy. [\/perex]","protected":false},"author":5,"featured_media":47969,"comment_status":"closed","ping_status":"open","sticky":false,"template":"","format":"standard","meta":[],"categories":[34],"tags":[],"_links":{"self":[{"href":"https:\/\/www.praha7.cz\/api\/wp\/v2\/posts\/48280"}],"collection":[{"href":"https:\/\/www.praha7.cz\/api\/wp\/v2\/posts"}],"about":[{"href":"https:\/\/www.praha7.cz\/api\/wp\/v2\/types\/post"}],"author":[{"embeddable":true,"href":"https:\/\/www.praha7.cz\/api\/wp\/v2\/users\/5"}],"replies":[{"embeddable":true,"href":"https:\/\/www.praha7.cz\/api\/wp\/v2\/comments?post=48280"}],"version-history":[{"count":3,"href":"https:\/\/www.praha7.cz\/api\/wp\/v2\/posts\/48280\/revisions"}],"predecessor-version":[{"id":48349,"href":"https:\/\/www.praha7.cz\/api\/wp\/v2\/posts\/48280\/revisions\/48349"}],"wp:featuredmedia":[{"embeddable":true,"href":"https:\/\/www.praha7.cz\/api\/wp\/v2\/media\/47969"}],"wp:attachment":[{"href":"https:\/\/www.praha7.cz\/api\/wp\/v2\/media?parent=48280"}],"wp:term":[{"taxonomy":"category","embeddable":true,"href":"https:\/\/www.praha7.cz\/api\/wp\/v2\/categories?post=48280"},{"taxonomy":"post_tag","embeddable":true,"href":"https:\/\/www.praha7.cz\/api\/wp\/v2\/tags?post=48280"}],"curies":[{"name":"wp","href":"https:\/\/api.w.org\/{rel}","templated":true}]}}