    
{"id":48054,"date":"2021-05-17T11:47:24","date_gmt":"2021-05-17T09:47:24","guid":{"rendered":"https:\/\/www.praha7.cz\/?p=48054"},"modified":"2021-05-26T10:21:13","modified_gmt":"2021-05-26T08:21:13","slug":"pozvanka-na-4-radne-zasedani-zastupitelstva-mc-praha-7-4","status":"publish","type":"post","link":"https:\/\/www.praha7.cz\/pozvanka-na-4-radne-zasedani-zastupitelstva-mc-praha-7-4\/","title":{"rendered":"Pozv\u00e1nka na 4.&nbsp;\u0159\u00e1dn\u00e9 zased\u00e1n\u00ed Zastupitelstva M\u010c Praha&nbsp;7"},"content":{"rendered":"<p style=\"text-align: justify;\">[perex]<\/p>\r\n<p style=\"text-align: justify;\">4.&nbsp;\u0159\u00e1dn\u00e9 zased\u00e1n\u00ed Zastupitelstva M\u010c Praha&nbsp;7 se kon\u00e1 v&nbsp;pond\u011bl\u00ed dne 24.&nbsp;kv\u011btna 2021 od 17:00 hodin. Online p\u0159enos naleznete <a href=\"https:\/\/youtu.be\/IpyS767U3mg\">ZDE<\/a>.<\/p>\r\n<p style=\"text-align: justify;\">Materi\u00e1ly ke sta\u017een\u00ed budou k\u00a0dispozici pod eviden\u010dn\u00edmi \u010d\u00edsly u\u00a0n\u00e1zv\u016f jednotliv\u00fdch bod\u016f.\u00a0<\/p>\r\n<p style=\"text-align: justify;\">Toto zased\u00e1n\u00ed Z\u00a0M\u010c P7 je p\u0159\u00edstupno pro ve\u0159ejnost, ale z\u00e1rove\u0148 <strong>p\u0159ij\u00edm\u00e1 dotazy prost\u0159ednictv\u00edm SMS na tel. \u010d\u00edsle: +420&nbsp;770\u00a0101\u00a0951.<\/strong><\/p>\r\n<p style=\"text-align: justify;\">Jedn\u00e1n\u00ed Z\u00a0M\u010c P7aha 7 je mo\u017eno se z\u00fa\u010dastnit tak\u00e9 prost\u0159ednictv\u00edm p\u0159ost\u0159edku d\u00e1lkov\u00e9 komunikace.<\/p>\r\n<p style=\"text-align: justify;\">[\/perex]<\/p>\r\n<p style=\"text-align: justify;\"><strong>Program 4.\u00a0\u0159\u00e1dn\u00e9ho zased\u00e1n\u00ed Zastupitelstva M\u010c Praha\u00a07\u00a0<\/strong><\/p>\r\n<ul style=\"text-align: justify;\">\r\n\t<li>Pravideln\u00fd bod programu za\u0159azen\u00fd za bod \u010d. 2 \u2013 Dotazy a&nbsp;p\u0159ipom\u00ednky ob\u010dan\u016f 1<\/li>\r\n\t<li>Pravideln\u00fd bod programu za\u0159azen\u00fd pevn\u011b na 18 hodinu \u2013 Dotazy a&nbsp;p\u0159ipom\u00ednky ob\u010dan\u016f 2<\/li>\r\n<\/ul>\r\n<p style=\"text-align: justify;\"><strong>1.<\/strong>\u00a0 Zah\u00e1jen\u00ed &#8211; schv\u00e1len\u00ed programu<\/p>\r\n<p style=\"text-align: justify;\"><strong>2.<\/strong>\u00a0 N\u00c1VRH usnesen\u00ed k&nbsp;poskytnut\u00ed daru D\u00edv\u010d\u00ed katolick\u00e9 st\u0159edn\u00ed \u0161kole, I\u010cO: \u00a047611162, Arcibiskupsk\u00e9mu gymn\u00e1ziu, I\u010cO: 44846738 a&nbsp;PO MHMP Domovu Svoj\u0161ice, I\u010cO: 70876720 na z\u00e1klad\u011b n\u00e1vrhu Likvida\u010dn\u00ed komise Rady M\u010c Praha&nbsp;7 &#8211; <a href=\"https:\/\/www.praha7.cz\/wp-content\/uploads\/2021\/05\/1839.zip\">\u010d.\u00a01839<\/a><\/p>\r\n<p style=\"text-align: justify;\"><strong>3.<\/strong>\u00a0 N\u00c1VRH usnesen\u00ed k&nbsp;bez\u00faplatn\u00e9mu p\u0159evodu hmotn\u00e9ho majetku M\u010c Praha&nbsp;7 do majetku p\u0159\u00edsp\u011bvkov\u00fdch organizac\u00ed Z\u0160 a&nbsp;M\u0160 Tusarova, M\u0160 Visionary, M\u0160 U&nbsp;Uranie, FZ\u0160 Um\u011bleck\u00e1, M\u0160 U&nbsp;Stud\u00e1nky a&nbsp;Lesn\u00ed M\u0160, Z\u0160 TGM, Z\u0160 Korunova\u010dn\u00ed a&nbsp;Z\u0160 Fr. Plam\u00ednkov\u00e9 v\u0161e v&nbsp;Praze 7 na z\u00e1klad\u011b n\u00e1vrhu Likvida\u010dn\u00ed komise Rady M\u010c Praha&nbsp;7 &#8211; <a href=\"https:\/\/www.praha7.cz\/wp-content\/uploads\/2021\/05\/1843.zip\">\u010d.\u00a01843<\/a><\/p>\r\n<p style=\"text-align: justify;\"><strong>4.\u00a0<\/strong> N\u00c1VRH usnesen\u00ed ke zm\u011bn\u011b n\u00e1zvu investi\u010dn\u00ed akce &#8211; v\u00fdstavba z\u00e1kladn\u00ed \u0161koly P\u0159adeln\u00ed na v\u00fdstavba z\u00e1kladn\u00ed \u0161koly Jana Vod\u0148ansk\u00e9ho &#8211; <a href=\"https:\/\/www.praha7.cz\/wp-content\/uploads\/2021\/05\/1840.zip\">\u010d.\u00a01840<\/a><\/p>\r\n<p style=\"text-align: justify;\"><strong>5.<\/strong>\u00a0 N\u00c1VRH usnesen\u00ed k&nbsp;pod\u00e1n\u00ed \u017e\u00e1dosti o&nbsp;sv\u011b\u0159en\u00ed pozemk\u016f parc. \u010d. 475\/10 a&nbsp;475\/16, v&nbsp;k.\u00fa. Hole\u0161ovice do spr\u00e1vy nemovitost\u00ed M\u010c Praha&nbsp;7 &#8211; <a href=\"https:\/\/www.praha7.cz\/wp-content\/uploads\/2021\/05\/1836.zip\">\u010d.\u00a01836<\/a><\/p>\r\n<p style=\"text-align: justify;\"><strong>6.<\/strong>\u00a0 N\u00c1VRH usnesen\u00ed k&nbsp;Pravidl\u016fm poskytov\u00e1n\u00ed slev na sn\u00ed\u017een\u00ed dlu\u017en\u00e9ho n\u00e1jemn\u00e9ho a&nbsp;slu\u017eeb u&nbsp;n\u00e1jemc\u016f nebytov\u00fdch prostor vyu\u017e\u00edvan\u00fdch k&nbsp;podnikatelsk\u00e9, um\u011bleck\u00e9 a&nbsp;ve\u0159ejn\u00e9 neziskov\u00e9 \u010dinnosti, sv\u011b\u0159en\u00fdch M\u010c Praha&nbsp;7, kte\u0159\u00ed v&nbsp;souvislosti s&nbsp;ekonomickou situac\u00ed zp\u016fsobenou pandemi\u00ed COVID-19 cht\u011bj\u00ed ukon\u010dit n\u00e1jem &#8211; <a href=\"https:\/\/www.praha7.cz\/wp-content\/uploads\/2021\/05\/1832.zip\">\u010d.\u00a01832<\/a><\/p>\r\n<p style=\"text-align: justify;\"><strong>7.\u00a0<\/strong> N\u00c1VRH usnesen\u00ed k&nbsp;p\u0159ipom\u00ednk\u00e1m M\u010c Praha&nbsp;7 k&nbsp;\u010d\u00e1sti zm\u011bn vlny 20 \u00dazemn\u00edho pl\u00e1nu s\u00eddeln\u00edho \u00fatvaru hlavn\u00edho m\u011bsta Prahy ve f\u00e1zi ve\u0159ejn\u00e9ho projedn\u00e1n\u00ed dle \u00a7 52 z\u00e1kona \u010d. 183\/2006 Sb. &#8211; <a href=\"https:\/\/www.praha7.cz\/wp-content\/uploads\/2021\/05\/1835-2.zip\">\u010d.\u00a01835<\/a><\/p>\r\n<p style=\"text-align: justify;\"><strong>8.<\/strong>\u00a0 N\u00c1VRH usnesen\u00ed k&nbsp;revitalizaci podchod\u016f Hl\u00e1vkova mostu v&nbsp;oblasti stanice metra C Vltavsk\u00e1 v&nbsp;r\u00e1mci akce Podchody Hl\u00e1vk\u016fv most, realizovan\u00e9 M\u010c Praha&nbsp;7 ve spolupr\u00e1ci spol. Technick\u00e1 spr\u00e1va komunikac\u00ed hl. m. Prahy, a.s., I\u010cO: 03447286, Magistr\u00e1tu hl. m. Prahy a&nbsp;spol. Technologie hlavn\u00edho m\u011bsta Prahy, a.s., I\u010cO: 25672541 &#8211; <a href=\"https:\/\/www.praha7.cz\/wp-content\/uploads\/2021\/05\/1841.zip\">\u010d.\u00a01841<\/a><\/p>\r\n<p style=\"text-align: justify;\"><strong>9.<\/strong>\u00a0 N\u00c1VRH usnesen\u00ed k&nbsp;Pravidl\u016fm hospoda\u0159en\u00ed s&nbsp;\u00fa\u010delov\u00fdmi fondy &#8211; Pravidl\u016fm hospoda\u0159en\u00ed Humanitn\u00edho fondu &#8211; <a href=\"https:\/\/www.praha7.cz\/wp-content\/uploads\/2021\/05\/1842-2.zip\">\u010d. 1842<\/a><\/p>\r\n<p style=\"text-align: justify;\"><strong>10.<\/strong>\u00a0 INFORMACE o&nbsp;\u010dinnosti Rady M\u010c Praha&nbsp;7 a&nbsp;pln\u011bn\u00ed \u00fakol\u016f ulo\u017een\u00fdch Rad\u011b M\u010c Praha&nbsp;7 Zastupitelstvem\u00a0 M\u010c Praha&nbsp;7 v\u00a0obdob\u00ed mezi 3.&nbsp;a&nbsp;4.&nbsp;zased\u00e1n\u00edm\u00a0Zastupitelstva M\u010c Praha&nbsp;7 v\u00a0roce 2021 &#8211;\u00a0<a href=\"https:\/\/www.praha7.cz\/wp-content\/uploads\/2021\/05\/1833.zip\">\u010d.\u00a01833<\/a><\/p>\r\n<p style=\"text-align: justify;\"><strong>11.<\/strong>\u00a0 INFORMACE o&nbsp;preventivn\u00edm testov\u00e1n\u00ed \u017e\u00e1k\u016f Z\u0160 testy RT-PCR na p\u0159\u00edtomnost viru SARS-CoV-2 &#8211; <a href=\"https:\/\/www.praha7.cz\/wp-content\/uploads\/2021\/05\/1844.zip\">\u010d.\u00a01844<\/a><\/p>\r\n<p style=\"text-align: justify;\"><strong>12.\u00a0<\/strong> INFORMACE o&nbsp;\u010dinnosti Kontroln\u00edho v\u00fdboru Zastupitelstva M\u010c Praha&nbsp;7\u00a0v\u00a0obdob\u00ed mezi 3.&nbsp;a&nbsp;4.&nbsp;zased\u00e1n\u00edm Zastupitelstva M\u010c Praha&nbsp;7 v\u00a0roce 2021 &#8211; <a href=\"https:\/\/www.praha7.cz\/wp-content\/uploads\/2021\/05\/1834.zip\">\u010d.\u00a01834<\/a><\/p>\r\n<p style=\"text-align: justify;\"><strong>13.\u00a0<\/strong> INFORMACE o&nbsp;\u010dinnosti Finan\u010dn\u00edho v\u00fdboru Zastupitelstva M\u010c Praha&nbsp;7\u00a0v\u00a0obdob\u00ed mezi 3 a&nbsp;4.&nbsp;zased\u00e1n\u00edm Zastupitelstva M\u010c Praha&nbsp;7 v\u00a0roce 2021 &#8211; <a href=\"https:\/\/www.praha7.cz\/wp-content\/uploads\/2021\/05\/1837.zip\">\u010d.\u00a01837<\/a><\/p>\r\n<p style=\"text-align: justify;\"><strong>14.\u00a0<\/strong> INFORMACE o&nbsp;\u010dinnosti V\u00fdboru pro\u00a0vzd\u011bl\u00e1v\u00e1n\u00ed, soci\u00e1ln\u00ed politiku a&nbsp;zdravotnictv\u00ed Zastupitelstva M\u010c Praha&nbsp;7 v\u00a0obdob\u00ed mezi 3 a&nbsp;4.&nbsp;zased\u00e1n\u00edm\u00a0Zastupitelstva M\u010c Praha&nbsp;7 v\u00a0roce 2021 &#8211; <a href=\"https:\/\/www.praha7.cz\/wp-content\/uploads\/2021\/05\/1845.zip\">\u010d. 1845<\/a><\/p>\r\n<p><strong>15.<\/strong> N\u00c1VRH usnesen\u00ed k&nbsp;p\u0159\u00edprav\u011b a&nbsp;do\u010dasn\u00e9ho vyu\u017eit\u00ed nebytov\u00fdch prostor Veverkova 10 &#8211; <a href=\"https:\/\/www.praha7.cz\/wp-content\/uploads\/2021\/05\/1846.zip\">\u010d. 1846<\/a><\/p>\r\n<p style=\"text-align: justify;\"><strong>16.\u00a0<\/strong> Dopisy, adresovan\u00e9 Z\u00a0M\u010c P7<\/p>\r\n<p style=\"text-align: justify;\"><strong>17.\u00a0<\/strong> R\u016fzn\u00e9<\/p>\r\n<p style=\"text-align: justify;\"><strong>18.<\/strong> Z\u00e1v\u011br\u00a0\u00a0<\/p>\r\n<p style=\"text-align: justify;\">Mgr. Jan \u010ci\u017einsk\u00fd<br \/>\r\nstarosta m\u011bstsk\u00e9 \u010d\u00e1sti Praha&nbsp;7\u00a0\u00a0\u00a0\u00a0\u00a0\u00a0\u00a0\u00a0\u00a0<\/p>\r\n<p style=\"text-align: justify;\"><a href=\"https:\/\/file.praha7.cz\/odbory\/kst\/4_2021.zip\">Materi\u00e1ly k&nbsp;4.\u00a0\u0159\u00e1dn\u00e9mu zased\u00e1n\u00ed Z\u00a0M\u010c Praha\u00a07<\/a><\/p>","protected":false},"excerpt":{"rendered":"[perex] 4.&nbsp;\u0159\u00e1dn\u00e9 zased\u00e1n\u00ed Zastupitelstva M\u010c Praha&nbsp;7 se kon\u00e1 v&nbsp;pond\u011bl\u00ed dne 24.&nbsp;kv\u011btna 2021 od 17:00 hodin. Online p\u0159enos naleznete ZDE. Materi\u00e1ly ke sta\u017een\u00ed budou k\u00a0dispozici pod eviden\u010dn\u00edmi \u010d\u00edsly u\u00a0n\u00e1zv\u016f jednotliv\u00fdch bod\u016f.\u00a0 Toto zased\u00e1n\u00ed Z\u00a0M\u010c P7 je p\u0159\u00edstupno pro ve\u0159ejnost, ale z\u00e1rove\u0148 p\u0159ij\u00edm\u00e1 dotazy prost\u0159ednictv\u00edm SMS na tel. \u010d\u00edsle: +420&nbsp;770\u00a0101\u00a0951. Jedn\u00e1n\u00ed Z\u00a0M\u010c P7aha 7 je mo\u017eno se [&hellip;]","protected":false},"author":14,"featured_media":33780,"comment_status":"closed","ping_status":"open","sticky":false,"template":"","format":"standard","meta":[],"categories":[34],"tags":[],"_links":{"self":[{"href":"https:\/\/www.praha7.cz\/api\/wp\/v2\/posts\/48054"}],"collection":[{"href":"https:\/\/www.praha7.cz\/api\/wp\/v2\/posts"}],"about":[{"href":"https:\/\/www.praha7.cz\/api\/wp\/v2\/types\/post"}],"author":[{"embeddable":true,"href":"https:\/\/www.praha7.cz\/api\/wp\/v2\/users\/14"}],"replies":[{"embeddable":true,"href":"https:\/\/www.praha7.cz\/api\/wp\/v2\/comments?post=48054"}],"version-history":[{"count":17,"href":"https:\/\/www.praha7.cz\/api\/wp\/v2\/posts\/48054\/revisions"}],"predecessor-version":[{"id":48359,"href":"https:\/\/www.praha7.cz\/api\/wp\/v2\/posts\/48054\/revisions\/48359"}],"wp:featuredmedia":[{"embeddable":true,"href":"https:\/\/www.praha7.cz\/api\/wp\/v2\/media\/33780"}],"wp:attachment":[{"href":"https:\/\/www.praha7.cz\/api\/wp\/v2\/media?parent=48054"}],"wp:term":[{"taxonomy":"category","embeddable":true,"href":"https:\/\/www.praha7.cz\/api\/wp\/v2\/categories?post=48054"},{"taxonomy":"post_tag","embeddable":true,"href":"https:\/\/www.praha7.cz\/api\/wp\/v2\/tags?post=48054"}],"curies":[{"name":"wp","href":"https:\/\/api.w.org\/{rel}","templated":true}]}}