    
{"id":47998,"date":"2021-05-13T17:26:54","date_gmt":"2021-05-13T15:26:54","guid":{"rendered":"https:\/\/www.praha7.cz\/?p=47998"},"modified":"2021-05-13T17:30:53","modified_gmt":"2021-05-13T15:30:53","slug":"hledate-zajimavou-praci-v-oboru-zahradnictvi","status":"publish","type":"post","link":"https:\/\/www.praha7.cz\/hledate-zajimavou-praci-v-oboru-zahradnictvi\/","title":{"rendered":"Hled\u00e1te zaj\u00edmavou pr\u00e1ci v&nbsp;oboru zahradnictv\u00ed?"},"content":{"rendered":"<p>[perex]<\/p>\r\n<p>Spr\u00e1vn\u00ed a&nbsp;\u00faklidov\u00e1 firma sedm\u00e9 m\u011bstsk\u00e9 \u010d\u00e1sti 7U s.r.o. hled\u00e1 do sv\u00e9ho odd\u011blen\u00ed komun\u00e1ln\u00edch slu\u017eeb \u0161ikovn\u00e9ho zahradn\u00edka\/zahradnici. M\u00e1te vzd\u011bl\u00e1n\u00ed a&nbsp;praxi v\u00a0zahradnick\u00e9m oboru? Jste aktivn\u00ed a&nbsp;bav\u00ed v\u00e1s pr\u00e1ce venku? Vyzn\u00e1te se v\u00a0p\u00e9\u010di o&nbsp;stromy, z\u00e1hony a&nbsp;travnat\u00e9 plochy? Nev\u00e1hejte a&nbsp;sta\u0148te se sou\u010d\u00e1st\u00ed t\u00fdmu, kter\u00fd se star\u00e1 o&nbsp;zele\u0148 v&nbsp;na\u0161\u00ed m\u011bstsk\u00e9 \u010d\u00e1sti.<\/p>\r\n<p>Pokud v\u00e1s nab\u00eddka pr\u00e1ce zaujala, podrobnosti najdete na <a href=\"https:\/\/www.7usro.cz\/hledame-zahradnika\/\">str\u00e1nk\u00e1ch 7U<\/a>.<\/p>\r\n<p>[\/perex]<\/p>","protected":false},"excerpt":{"rendered":"[perex] Spr\u00e1vn\u00ed a&nbsp;\u00faklidov\u00e1 firma sedm\u00e9 m\u011bstsk\u00e9 \u010d\u00e1sti 7U s.r.o. hled\u00e1 do sv\u00e9ho odd\u011blen\u00ed komun\u00e1ln\u00edch slu\u017eeb \u0161ikovn\u00e9ho zahradn\u00edka\/zahradnici. M\u00e1te vzd\u011bl\u00e1n\u00ed a&nbsp;praxi v\u00a0zahradnick\u00e9m oboru? Jste aktivn\u00ed a&nbsp;bav\u00ed v\u00e1s pr\u00e1ce venku? Vyzn\u00e1te se v\u00a0p\u00e9\u010di o&nbsp;stromy, z\u00e1hony a&nbsp;travnat\u00e9 plochy? Nev\u00e1hejte a&nbsp;sta\u0148te se sou\u010d\u00e1st\u00ed t\u00fdmu, kter\u00fd se star\u00e1 o&nbsp;zele\u0148 v&nbsp;na\u0161\u00ed m\u011bstsk\u00e9 \u010d\u00e1sti. Pokud v\u00e1s nab\u00eddka pr\u00e1ce zaujala, podrobnosti najdete na [&hellip;]","protected":false},"author":5,"featured_media":47997,"comment_status":"closed","ping_status":"open","sticky":false,"template":"","format":"standard","meta":[],"categories":[34],"tags":[],"_links":{"self":[{"href":"https:\/\/www.praha7.cz\/api\/wp\/v2\/posts\/47998"}],"collection":[{"href":"https:\/\/www.praha7.cz\/api\/wp\/v2\/posts"}],"about":[{"href":"https:\/\/www.praha7.cz\/api\/wp\/v2\/types\/post"}],"author":[{"embeddable":true,"href":"https:\/\/www.praha7.cz\/api\/wp\/v2\/users\/5"}],"replies":[{"embeddable":true,"href":"https:\/\/www.praha7.cz\/api\/wp\/v2\/comments?post=47998"}],"version-history":[{"count":3,"href":"https:\/\/www.praha7.cz\/api\/wp\/v2\/posts\/47998\/revisions"}],"predecessor-version":[{"id":48001,"href":"https:\/\/www.praha7.cz\/api\/wp\/v2\/posts\/47998\/revisions\/48001"}],"wp:featuredmedia":[{"embeddable":true,"href":"https:\/\/www.praha7.cz\/api\/wp\/v2\/media\/47997"}],"wp:attachment":[{"href":"https:\/\/www.praha7.cz\/api\/wp\/v2\/media?parent=47998"}],"wp:term":[{"taxonomy":"category","embeddable":true,"href":"https:\/\/www.praha7.cz\/api\/wp\/v2\/categories?post=47998"},{"taxonomy":"post_tag","embeddable":true,"href":"https:\/\/www.praha7.cz\/api\/wp\/v2\/tags?post=47998"}],"curies":[{"name":"wp","href":"https:\/\/api.w.org\/{rel}","templated":true}]}}