    
{"id":47891,"date":"2021-05-10T12:38:24","date_gmt":"2021-05-10T10:38:24","guid":{"rendered":"https:\/\/www.praha7.cz\/?p=47891"},"modified":"2021-05-10T12:38:24","modified_gmt":"2021-05-10T10:38:24","slug":"senior-fitnes-zve-na-pravidelne-pohybove-aktivity-pro-seniory","status":"publish","type":"post","link":"https:\/\/www.praha7.cz\/senior-fitnes-zve-na-pravidelne-pohybove-aktivity-pro-seniory\/","title":{"rendered":"Senior fitnes zve na pravideln\u00e9 pohybov\u00e9 aktivity pro seniory"},"content":{"rendered":"<p>[perex]<\/p>\r\n<p>Projekt Senior fitnes vznikal pod ozna\u010den\u00edm <em>Cvi\u010den\u00ed pro ka\u017ed\u00fd den<\/em> v&nbsp;polovin\u011b 80.&nbsp;let minul\u00e9ho stolet\u00ed na FTVS UK. C\u00edlem projektu je vytvo\u0159en\u00ed podm\u00ednek pro pohybov\u00e9 aktivity senior\u016f a&nbsp;jedinc\u016f v&nbsp;preseniorsk\u00e9m v\u011bku, v\u010detn\u011b veden\u00ed rekondi\u010dn\u011b rehabilita\u010dn\u00edch program\u016f. Aktu\u00e1ln\u011b nab\u00edz\u00ed fotbal v&nbsp;ch\u016fzi, cvi\u010den\u00ed v&nbsp;dom\u00e1cnosti pro seniory se sn\u00ed\u017eenou pohyblivost\u00ed a&nbsp;c\u00edlen\u00e9 otu\u017eov\u00e1n\u00ed.<\/p>\r\n<p>[\/perex]<\/p>\r\n<p><strong>Fotbal v\u00a0ch\u016fzi<\/strong><\/p>\r\n<p>Bav\u00ed V\u00e1s fotbal, m\u00e1te t\u00fdmov\u00e9ho ducha a&nbsp;je v\u00e1m alespo\u0148 50 let? Z\u00e1jemci maj\u00ed jedine\u010dnou p\u0159\u00edle\u017eitost &#8211; Senior fitnes roz\u0161i\u0159uje hr\u00e1\u010dskou z\u00e1kladnu. Tr\u00e9ninky se konaj\u00ed v&nbsp;pond\u011bl\u00ed 16:00-17:30 hod. u&nbsp;Gymn\u00e1zia Nad \u0160tolou 1510\/1.<\/p>\r\n<p>Kontakt: miroslavrod@seznam.cz, tel.: 721&nbsp;642\u00a0413<\/p>\r\n<p>Podrobnosti <a href=\"https:\/\/www.seniorfitnes.cz\/volnocasove-aktivity\/fotbal-v-chuzi\/\" target=\"_blank\" rel=\"noopener\">zde<\/a>.<\/p>\r\n<hr \/>\r\n<p><strong>Projekt Rozcho\u010f babi\u010dku<\/strong><\/p>\r\n<p>Cvi\u010den\u00ed na \u017eidli (l\u016f\u017eku) v&nbsp;pohodl\u00ed domova. Toto cvi\u010den\u00ed je ur\u010deno pro seniory s\u00a0velmi omezenou pohyblivost\u00ed, cvi\u010ditel\u00e9 doch\u00e1zej\u00ed za klienty dom\u016f a&nbsp;v\u011bnuj\u00ed se ka\u017ed\u00e9mu individu\u00e1ln\u011b.<\/p>\r\n<p>Kontakt: \u00a0i.hoffmannova@seniorfitnes.cz, tel.: 602&nbsp;558\u00a0135<\/p>\r\n<p>Podrobnosti <a href=\"http:\/\/rozchodbabicku.cz\/\" target=\"_blank\" rel=\"noopener\">zde<\/a>.<\/p>\r\n<p><img loading=\"lazy\" src=\"https:\/\/www.praha7.cz\/wp-content\/uploads\/2021\/05\/rozchod_babicku.jpg\" alt=\"\" width=\"571\" height=\"369\" class=\"alignnone size-full wp-image-47893\" \/><\/p>\r\n<hr \/>\r\n<p><strong>Otu\u017eov\u00e1n\u00ed \u2013 utu\u017eov\u00e1n\u00ed organismu<\/strong><\/p>\r\n<p>Jde o&nbsp;celoro\u010dn\u00ed projekt c\u00edlen\u00e9ho otu\u017eov\u00e1n\u00ed organismu, cvi\u010d\u00ed se venku a&nbsp;postupn\u011b se odkl\u00e1daj\u00ed vrstvy oble\u010den\u00ed.<\/p>\r\n<p>Cvi\u010d\u00ed se na St\u0159eleck\u00e9m ostrov\u011b, kde se lze i&nbsp;lehce smo\u010dit v\u00a0\u0159ece.<\/p>\r\n<p>Kontakt: r.martinkova@seniorfitnes.cz, tel.: 776\u00a0043\u00a0299<\/p>\r\n<p>Podrobnosti <a href=\"https:\/\/www.seniorfitnes.cz\/novinky\/?post=utuzovani-organizmu\" target=\"_blank\" rel=\"noopener\">zde<\/a>.<\/p>\r\n<p>&nbsp;<\/p>\r\n<p>V\u0161echny informace o&nbsp;aktivit\u00e1ch Senior fitnes z.s. najdete na <a href=\"https:\/\/www.seniorfitnes.cz\/\" target=\"_blank\" rel=\"noopener\">www.seniorfitnes.cz<\/a><\/p>","protected":false},"excerpt":{"rendered":"[perex] Projekt Senior fitnes vznikal pod ozna\u010den\u00edm Cvi\u010den\u00ed pro ka\u017ed\u00fd den v&nbsp;polovin\u011b 80.&nbsp;let minul\u00e9ho stolet\u00ed na FTVS UK. C\u00edlem projektu je vytvo\u0159en\u00ed podm\u00ednek pro pohybov\u00e9 aktivity senior\u016f a&nbsp;jedinc\u016f v&nbsp;preseniorsk\u00e9m v\u011bku, v\u010detn\u011b veden\u00ed rekondi\u010dn\u011b rehabilita\u010dn\u00edch program\u016f. Aktu\u00e1ln\u011b nab\u00edz\u00ed fotbal v&nbsp;ch\u016fzi, cvi\u010den\u00ed v&nbsp;dom\u00e1cnosti pro seniory se sn\u00ed\u017eenou pohyblivost\u00ed a&nbsp;c\u00edlen\u00e9 otu\u017eov\u00e1n\u00ed. [\/perex] Fotbal v\u00a0ch\u016fzi Bav\u00ed V\u00e1s fotbal, m\u00e1te [&hellip;]","protected":false},"author":97,"featured_media":47892,"comment_status":"closed","ping_status":"open","sticky":false,"template":"","format":"standard","meta":[],"categories":[34],"tags":[],"_links":{"self":[{"href":"https:\/\/www.praha7.cz\/api\/wp\/v2\/posts\/47891"}],"collection":[{"href":"https:\/\/www.praha7.cz\/api\/wp\/v2\/posts"}],"about":[{"href":"https:\/\/www.praha7.cz\/api\/wp\/v2\/types\/post"}],"author":[{"embeddable":true,"href":"https:\/\/www.praha7.cz\/api\/wp\/v2\/users\/97"}],"replies":[{"embeddable":true,"href":"https:\/\/www.praha7.cz\/api\/wp\/v2\/comments?post=47891"}],"version-history":[{"count":4,"href":"https:\/\/www.praha7.cz\/api\/wp\/v2\/posts\/47891\/revisions"}],"predecessor-version":[{"id":47897,"href":"https:\/\/www.praha7.cz\/api\/wp\/v2\/posts\/47891\/revisions\/47897"}],"wp:featuredmedia":[{"embeddable":true,"href":"https:\/\/www.praha7.cz\/api\/wp\/v2\/media\/47892"}],"wp:attachment":[{"href":"https:\/\/www.praha7.cz\/api\/wp\/v2\/media?parent=47891"}],"wp:term":[{"taxonomy":"category","embeddable":true,"href":"https:\/\/www.praha7.cz\/api\/wp\/v2\/categories?post=47891"},{"taxonomy":"post_tag","embeddable":true,"href":"https:\/\/www.praha7.cz\/api\/wp\/v2\/tags?post=47891"}],"curies":[{"name":"wp","href":"https:\/\/api.w.org\/{rel}","templated":true}]}}