    
{"id":47855,"date":"2021-05-06T16:36:55","date_gmt":"2021-05-06T14:36:55","guid":{"rendered":"https:\/\/www.praha7.cz\/?p=47855"},"modified":"2021-05-06T16:36:55","modified_gmt":"2021-05-06T14:36:55","slug":"interaktivni-mapa-pripomina-pietni-mista-spojena-s%e2%80%afprazskym-povstanim-v%e2%80%afkvetnu-roku-1945","status":"publish","type":"post","link":"https:\/\/www.praha7.cz\/interaktivni-mapa-pripomina-pietni-mista-spojena-s%e2%80%afprazskym-povstanim-v%e2%80%afkvetnu-roku-1945\/","title":{"rendered":"Interaktivn\u00ed mapa p\u0159ipom\u00edn\u00e1 pietn\u00ed m\u00edsta spojen\u00e1 s\u202fPra\u017esk\u00fdm povst\u00e1n\u00edm v\u202fkv\u011btnu roku 1945"},"content":{"rendered":"<p>[perex]<\/p>\r\n<p>Hlavn\u00ed m\u011bsto si v\u202fp\u0159\u00ed\u0161t\u00edch dnech op\u011bt p\u0159ipomene za\u010d\u00e1tek povst\u00e1n\u00ed, kter\u00e9 osvobodilo Prahu z\u202fnacistick\u00e9ho podru\u010d\u00ed. I&nbsp;kdy\u017e je leto\u0161n\u00ed v\u00fdro\u010d\u00ed zast\u00edn\u011bno omezen\u00edmi spojen\u00fdmi s&nbsp;pandemi\u00ed\u00a0koronaviru, ud\u00e1losti z\u202fdoby p\u0159ed 76 lety si lid\u00e9 v\u202fmetropoli mohou p\u0159ipomenout nejen symbolicky. Pietn\u00ed m\u00edsta je mo\u017en\u00e9\u00a0nav\u0161t\u00edvit i&nbsp;osobn\u011b, pokud budou dodr\u017eov\u00e1ny dostate\u010dn\u00e9 rozestupy a&nbsp;hygienick\u00e1 opat\u0159en\u00ed. Pomn\u00ed\u010dky ve sv\u00e9m okol\u00ed najdou ob\u010dan\u00e9 na\u00a0<a href=\"https:\/\/app.iprpraha.cz\/apl\/app\/pietni-mista-1945\/\" target=\"_blank\" rel=\"noopener\">interaktivn\u00ed map\u011b<\/a>,\u00a0na kter\u00e9 bude mo\u017en\u00e9 uct\u00edt\u00a0hrdiny, kte\u0159\u00ed bojovali a&nbsp;um\u00edrali za na\u0161i svobodu. Zap\u00e1lit zde mohou tak\u00e9 virtu\u00e1ln\u00ed sv\u00ed\u010dku.\u00a0<\/p>\r\n<p>[\/perex]<\/p>\r\n<p>\u201e<em>C\u00edlem interaktivn\u00ed mapy pietn\u00edch m\u00edst je znovu si p\u0159ipomenout v\u0161echny state\u010dn\u00e9 mu\u017ee a&nbsp;\u017eeny, kte\u0159\u00ed bojovali i&nbsp;um\u00edrali za na\u0161i svobodu, a&nbsp;jejich v\u00fdznamnou ob\u011b\u0165, kterou polo\u017eili b\u011bhem Pra\u017esk\u00e9ho povst\u00e1n\u00ed. Tito hrdinov\u00e9 br\u00e1nili na\u0161e hlavn\u00edm m\u011bsto do posledn\u00ed chv\u00edle, ne\u017e p\u0159ijely zahrani\u010dn\u00ed posily do u\u017e prakticky osvobozen\u00e9ho m\u011bsta<\/em>,\u201c uv\u00e1d\u00ed prim\u00e1tor hl. m. Prahy Zden\u011bk H\u0159ib.\u00a0<\/p>\r\n<p>P\u0159i Pra\u017esk\u00e9m povst\u00e1n\u00ed mezi 5.&nbsp;a&nbsp;9.&nbsp;kv\u011btnem 1945 zem\u0159ely p\u0159ibli\u017en\u011b t\u0159i tis\u00edce \u010cechoslov\u00e1k\u016f, kte\u0159\u00ed se zapojili do tuh\u00fdch boj\u016f, byli zabiti p\u0159i bombardov\u00e1n\u00ed nebo je popravili nacisti.\u00a0<\/p>\r\n<p>\u201e<em>Pova\u017euji za d\u016fle\u017eit\u00e9, aby na\u0161e historie a&nbsp;obzvl\u00e1\u0161\u0165 takov\u00e9to z\u00e1sadn\u00ed miln\u00edky, jak\u00fdm je Pra\u017esk\u00e9 povst\u00e1n\u00ed, nez\u016fstaly jen na str\u00e1nk\u00e1ch u\u010debnic. \u017divotn\u00ed p\u0159\u00edb\u011bhy hrdin\u016f t\u011bchto dn\u00ed p\u0159ipom\u00ednaj\u00ed pietn\u00ed m\u00edsta po cel\u00e9 Praze, mnohdy je ale m\u00edj\u00edme bez pov\u0161imnut\u00ed nebo o&nbsp;nich nev\u00edme. V&nbsp;r\u00e1mci leto\u0161n\u00edho v\u00fdro\u010d\u00ed se d\u00edky aplikaci m\u016f\u017eeme t\u0159eba vydat po stop\u00e1ch na\u0161ich hrdin\u016f, vypr\u00e1v\u011bt si o&nbsp;nich nebo jim zap\u00e1lit skute\u010dnou \u010di virtu\u00e1ln\u00ed sv\u00ed\u010dku, aby jejich odvaha neupadla v&nbsp;zapomn\u011bn\u00ed<\/em>,\u201c\u00a0\u0159\u00edk\u00e1\u00a0radn\u00ed hl. m. Prahy pro oblast kultury Hana T\u0159e\u0161t\u00edkov\u00e1.\u00a0\u00a0<\/p>\r\n<p>Vzhledem k\u202faktu\u00e1ln\u00ed pandemick\u00e9 situaci Praha \u017e\u00e1dn\u00e9 hromadn\u00e9 vzpom\u00ednkov\u00e9 akce p\u0159i p\u0159\u00edle\u017eitosti v\u00fdro\u010d\u00ed Pra\u017esk\u00e9ho povst\u00e1n\u00ed a&nbsp;konce 2.&nbsp;sv\u011btov\u00e9 v\u00e1lky letos nep\u0159ipravuje. D\u00edky unik\u00e1tn\u00ed interaktivn\u00ed map\u011b se v\u0161ak mohou lid\u00e9 proj\u00edt po pietn\u00edch m\u00edstech t\u0159eba v\u202fokol\u00ed sv\u00e9ho bydli\u0161t\u011b, uct\u00edt pam\u00e1tku padl\u00fdch\u00a0zap\u00e1len\u00edm sv\u00ed\u010dky u&nbsp;pomn\u00ed\u010dku, nebo ji symbolicky alespo\u0148 zap\u00e1lit online. Mapa obsahuje detailn\u00ed informace o&nbsp;jednotliv\u00fdch pam\u00e1tn\u00edc\u00edch, jejich p\u0159esnou adresu, charakter nebo nap\u0159\u00edklad po\u010det vzpomenut\u00fdch osob. Na webu bude um\u00edst\u011bno tak\u00e9 po\u010d\u00edtadlo o&nbsp;tom, kolik lid\u00ed se do t\u00e9to akce zapojilo.\u00a0<\/p>\r\n<p>\u201e<em>Pra\u017ean\u00e9 letos mohou nov\u011b uct\u00edt pam\u00e1tku ob\u011bt\u00ed Pra\u017esk\u00e9ho povst\u00e1n\u00ed symbolick\u00fdm zap\u00e1len\u00edm sv\u00ed\u010dky online, nebo si na map\u011b mohou vybrat pietn\u00ed m\u00edsto ve sv\u00e9 bl\u00edzkosti a&nbsp;na n\u011bm zap\u00e1lit sv\u00ed\u010dku osobn\u011b. D\u00edky tomu se nebudeme shlukovat na t\u011bch nejzn\u00e1m\u011bj\u0161\u00edch m\u00edstech t\u0159eba v&nbsp;centru m\u011bsta a&nbsp;tak\u00e9 je to p\u0159\u00edle\u017eitost dozv\u011bd\u011bt se n\u011bco o&nbsp;sv\u00e9m bezprost\u0159edn\u00edm sousedstv\u00ed. B\u011bhem vych\u00e1zky si Pra\u017ean\u00e9 i&nbsp;n\u00e1v\u0161t\u011bvn\u00edci metropole mohou st\u00e1hnout zdarma i&nbsp;pra\u017eskou aplikaci Prague\u00a0histories, kter\u00e1\u00a0\u017eivou formou zpracov\u00e1v\u00e1 z\u00e1sadn\u00ed miln\u00edky na\u0161\u00ed historie<\/em>,\u201c dod\u00e1v\u00e1 Zden\u011bk H\u0159ib.\u00a0<\/p>\r\n<p>Magistr\u00e1t hl. m. Prahy zpracoval aktu\u00e1ln\u00ed seznamy pietn\u00edch m\u00edst na z\u00e1klad\u011b dat z\u202fCentr\u00e1ln\u00ed evidence v\u00e1le\u010dn\u00fdch hrob\u016f Ministerstva obrany. V\u202fn\u00e1vaznosti na to Institut pl\u00e1nov\u00e1n\u00ed a&nbsp;rozvoje hl. m. Prahy zpracoval data do interaktivn\u00ed mapy. Praha vlastn\u00ed k\u202ft\u00e9to aplikaci v\u0161echna licen\u010dn\u00ed pr\u00e1va v\u010detn\u011b souhlasu Ministerstva obrany s\u202fpou\u017e\u00edv\u00e1n\u00edm\u00a0dat\u00a0z\u202fevidence v\u00e1le\u010dn\u00fdch hrob\u016f. N\u00e1klady na projekt byly minim\u00e1ln\u00ed, nebo\u0165 byl \u0159e\u0161en v&nbsp;r\u00e1mci organizac\u00ed pra\u017esk\u00e9ho magistr\u00e1tu.<\/p>","protected":false},"excerpt":{"rendered":"[perex] Hlavn\u00ed m\u011bsto si v\u202fp\u0159\u00ed\u0161t\u00edch dnech op\u011bt p\u0159ipomene za\u010d\u00e1tek povst\u00e1n\u00ed, kter\u00e9 osvobodilo Prahu z\u202fnacistick\u00e9ho podru\u010d\u00ed. I&nbsp;kdy\u017e je leto\u0161n\u00ed v\u00fdro\u010d\u00ed zast\u00edn\u011bno omezen\u00edmi spojen\u00fdmi s&nbsp;pandemi\u00ed\u00a0koronaviru, ud\u00e1losti z\u202fdoby p\u0159ed 76 lety si lid\u00e9 v\u202fmetropoli mohou p\u0159ipomenout nejen symbolicky. Pietn\u00ed m\u00edsta je mo\u017en\u00e9\u00a0nav\u0161t\u00edvit i&nbsp;osobn\u011b, pokud budou dodr\u017eov\u00e1ny dostate\u010dn\u00e9 rozestupy a&nbsp;hygienick\u00e1 opat\u0159en\u00ed. Pomn\u00ed\u010dky ve sv\u00e9m okol\u00ed najdou ob\u010dan\u00e9 na\u00a0interaktivn\u00ed map\u011b,\u00a0na [&hellip;]","protected":false},"author":97,"featured_media":47856,"comment_status":"closed","ping_status":"open","sticky":false,"template":"","format":"standard","meta":[],"categories":[34],"tags":[],"_links":{"self":[{"href":"https:\/\/www.praha7.cz\/api\/wp\/v2\/posts\/47855"}],"collection":[{"href":"https:\/\/www.praha7.cz\/api\/wp\/v2\/posts"}],"about":[{"href":"https:\/\/www.praha7.cz\/api\/wp\/v2\/types\/post"}],"author":[{"embeddable":true,"href":"https:\/\/www.praha7.cz\/api\/wp\/v2\/users\/97"}],"replies":[{"embeddable":true,"href":"https:\/\/www.praha7.cz\/api\/wp\/v2\/comments?post=47855"}],"version-history":[{"count":2,"href":"https:\/\/www.praha7.cz\/api\/wp\/v2\/posts\/47855\/revisions"}],"predecessor-version":[{"id":47858,"href":"https:\/\/www.praha7.cz\/api\/wp\/v2\/posts\/47855\/revisions\/47858"}],"wp:featuredmedia":[{"embeddable":true,"href":"https:\/\/www.praha7.cz\/api\/wp\/v2\/media\/47856"}],"wp:attachment":[{"href":"https:\/\/www.praha7.cz\/api\/wp\/v2\/media?parent=47855"}],"wp:term":[{"taxonomy":"category","embeddable":true,"href":"https:\/\/www.praha7.cz\/api\/wp\/v2\/categories?post=47855"},{"taxonomy":"post_tag","embeddable":true,"href":"https:\/\/www.praha7.cz\/api\/wp\/v2\/tags?post=47855"}],"curies":[{"name":"wp","href":"https:\/\/api.w.org\/{rel}","templated":true}]}}