    
{"id":47784,"date":"2021-05-05T10:06:38","date_gmt":"2021-05-05T08:06:38","guid":{"rendered":"https:\/\/www.praha7.cz\/?p=47784"},"modified":"2021-05-05T10:17:07","modified_gmt":"2021-05-05T08:17:07","slug":"praha-7-si-pripomnela-prazske-povstani-a-konec-2-sv-valky-2","status":"publish","type":"post","link":"https:\/\/www.praha7.cz\/praha-7-si-pripomnela-prazske-povstani-a-konec-2-sv-valky-2\/","title":{"rendered":"Praha&nbsp;7 si p\u0159ipomn\u011bla Pra\u017esk\u00e9 povst\u00e1n\u00ed a&nbsp;konec 2.&nbsp;sv. v\u00e1lky"},"content":{"rendered":"<p>[perex]<\/p>\r\n<p>Ve st\u0159edu 5.&nbsp;kv\u011btna se v&nbsp;Praze 7 uskute\u010dnil pietn\u00ed akt u&nbsp;p\u0159\u00edle\u017eitosti Kv\u011btnov\u00e9ho povst\u00e1n\u00ed \u010desk\u00e9ho lidu a&nbsp;Dne v\u00edt\u011bzstv\u00ed. Starosta Prahy&nbsp;7 Jan \u010ci\u017einsk\u00fd a&nbsp;dal\u0161\u00ed host\u00e9 z&nbsp;\u0159ad Sdru\u017een\u00ed v\u00e1le\u010dn\u00fdch veter\u00e1n\u016f polo\u017eili v\u011bnce a&nbsp;kv\u011btiny u&nbsp;pomn\u00edku Ob\u011btem povst\u00e1n\u00ed v&nbsp;kv\u011btnu 1945 v&nbsp;\u00fapat\u00ed mostu Barik\u00e1dn\u00edk\u016f.<\/p>\r\n<p>Vzhledem k&nbsp;sou\u010dasn\u00e9 epidemiologick\u00e9 situaci se akce konala v&nbsp;omezen\u00e9m re\u017eimu bez \u00fa\u010dasti \u0161ir\u0161\u00ed ve\u0159ejnosti p\u0159i dodr\u017een\u00ed hygienick\u00fdch podm\u00ednek.<\/p>\r\n<p>[\/perex]<\/p>\r\n\r\n<figure id=\"attachment_47786\" aria-describedby=\"caption-attachment-47786\" style=\"width: 640px\" class=\"wp-caption alignnone\"><img loading=\"lazy\" src=\"https:\/\/www.praha7.cz\/wp-content\/uploads\/2021\/05\/kaldeni1-1500x1000.jpg\" alt=\"\" width=\"640\" height=\"427\" class=\"size-large wp-image-47786\" srcset=\"https:\/\/www.praha7.cz\/wp-content\/uploads\/2021\/05\/kaldeni1-1500x1000.jpg 1500w, https:\/\/www.praha7.cz\/wp-content\/uploads\/2021\/05\/kaldeni1-600x400.jpg 600w, https:\/\/www.praha7.cz\/wp-content\/uploads\/2021\/05\/kaldeni1-768x512.jpg 768w\" sizes=\"(max-width: 640px) 100vw, 640px\" \/><figcaption id=\"caption-attachment-47786\" class=\"wp-caption-text\">????????????????????????????????????<\/figcaption><\/figure>","protected":false},"excerpt":{"rendered":"[perex] Ve st\u0159edu 5.&nbsp;kv\u011btna se v&nbsp;Praze 7 uskute\u010dnil pietn\u00ed akt u&nbsp;p\u0159\u00edle\u017eitosti Kv\u011btnov\u00e9ho povst\u00e1n\u00ed \u010desk\u00e9ho lidu a&nbsp;Dne v\u00edt\u011bzstv\u00ed. Starosta Prahy&nbsp;7 Jan \u010ci\u017einsk\u00fd a&nbsp;dal\u0161\u00ed host\u00e9 z&nbsp;\u0159ad Sdru\u017een\u00ed v\u00e1le\u010dn\u00fdch veter\u00e1n\u016f polo\u017eili v\u011bnce a&nbsp;kv\u011btiny u&nbsp;pomn\u00edku Ob\u011btem povst\u00e1n\u00ed v&nbsp;kv\u011btnu 1945 v&nbsp;\u00fapat\u00ed mostu Barik\u00e1dn\u00edk\u016f. Vzhledem k&nbsp;sou\u010dasn\u00e9 epidemiologick\u00e9 situaci se akce konala v&nbsp;omezen\u00e9m re\u017eimu bez \u00fa\u010dasti \u0161ir\u0161\u00ed ve\u0159ejnosti p\u0159i dodr\u017een\u00ed hygienick\u00fdch podm\u00ednek. [&hellip;]","protected":false},"author":5,"featured_media":47785,"comment_status":"closed","ping_status":"open","sticky":false,"template":"","format":"standard","meta":[],"categories":[34],"tags":[],"_links":{"self":[{"href":"https:\/\/www.praha7.cz\/api\/wp\/v2\/posts\/47784"}],"collection":[{"href":"https:\/\/www.praha7.cz\/api\/wp\/v2\/posts"}],"about":[{"href":"https:\/\/www.praha7.cz\/api\/wp\/v2\/types\/post"}],"author":[{"embeddable":true,"href":"https:\/\/www.praha7.cz\/api\/wp\/v2\/users\/5"}],"replies":[{"embeddable":true,"href":"https:\/\/www.praha7.cz\/api\/wp\/v2\/comments?post=47784"}],"version-history":[{"count":4,"href":"https:\/\/www.praha7.cz\/api\/wp\/v2\/posts\/47784\/revisions"}],"predecessor-version":[{"id":47789,"href":"https:\/\/www.praha7.cz\/api\/wp\/v2\/posts\/47784\/revisions\/47789"}],"wp:featuredmedia":[{"embeddable":true,"href":"https:\/\/www.praha7.cz\/api\/wp\/v2\/media\/47785"}],"wp:attachment":[{"href":"https:\/\/www.praha7.cz\/api\/wp\/v2\/media?parent=47784"}],"wp:term":[{"taxonomy":"category","embeddable":true,"href":"https:\/\/www.praha7.cz\/api\/wp\/v2\/categories?post=47784"},{"taxonomy":"post_tag","embeddable":true,"href":"https:\/\/www.praha7.cz\/api\/wp\/v2\/tags?post=47784"}],"curies":[{"name":"wp","href":"https:\/\/api.w.org\/{rel}","templated":true}]}}