    
{"id":47719,"date":"2021-05-04T12:20:53","date_gmt":"2021-05-04T10:20:53","guid":{"rendered":"https:\/\/www.praha7.cz\/?p=47719"},"modified":"2021-05-12T15:23:04","modified_gmt":"2021-05-12T13:23:04","slug":"praha-7-pozaduje-ukonceni-rotacni-vyuky-a-proplaceni-pcr-testu","status":"publish","type":"post","link":"https:\/\/www.praha7.cz\/praha-7-pozaduje-ukonceni-rotacni-vyuky-a-proplaceni-pcr-testu\/","title":{"rendered":"Praha&nbsp;7 po\u017eaduje ukon\u010den\u00ed rota\u010dn\u00ed v\u00fduky a&nbsp;propl\u00e1cen\u00ed PCR test\u016f"},"content":{"rendered":"<p>[perex]<\/p>\r\n<p>Sedm\u00e1 m\u011bstsk\u00e1 \u010d\u00e1st z\u00e1sadn\u011b nesouhlas\u00ed s\u00a0bezd\u016fvodn\u00fdm odkl\u00e1d\u00e1n\u00edm n\u00e1vratu v\u0161ech d\u011bt\u00ed do \u0161kol bez rotac\u00ed a&nbsp;zas\u00edl\u00e1 na ministerstva \u0161kolstv\u00ed a&nbsp;zdravotnictv\u00ed \u017e\u00e1dost o&nbsp;v\u00fdjimku z\u00a0rota\u010dn\u00ed v\u00fduky pro \u0161koly, kde se budou d\u011bti testovat PCR testy. Z\u00e1rove\u0148 Praha&nbsp;7 \u017e\u00e1d\u00e1, aby st\u00e1t za\u010dal PCR testov\u00e1n\u00ed propl\u00e1cet.<\/p>\r\n<p>[\/perex]<\/p>\r\n<p><em>\u201eSpole\u010dn\u011b s\u00a0dal\u0161\u00edmi m\u011bstsk\u00fdmi \u010d\u00e1stmi jsme v\u00a0uplynul\u00fdch t\u00fddnech na \u0161kol\u00e1ch zkou\u0161eli PCR testov\u00e1n\u00ed \u017e\u00e1k\u016f. V\u00fdsledky u&nbsp;n\u011bkolika set testovan\u00fdch d\u011bt\u00ed ukazuj\u00ed na minim\u00e1ln\u00ed pozitivitu\u00a0a jen malou virovou n\u00e1lo\u017e v&nbsp;d\u011btsk\u00e9 populaci. Na z\u00e1klad\u011b t\u011bchto zku\u0161enost\u00ed proto \u017e\u00e1d\u00e1me o&nbsp;ud\u011blen\u00ed v\u00fdjimky z&nbsp;rota\u010dn\u00ed v\u00fduky pro z\u00e1kladn\u00ed \u0161koly, kter\u00e9 budou pravideln\u011b jednou t\u00fddn\u011b testovat \u017e\u00e1ky PCR testy. Z\u00e1rove\u0148 chceme, aby st\u00e1t na tyto testy p\u0159isp\u00edval. Ve spolupr\u00e1ci s\u00a0na\u0161imi \u0161kolami jsme p\u0159ipraveni testy obstarat vlastn\u00edmi silami, nem\u016f\u017eeme v\u0161ak n\u00e9st ve\u0161ker\u00e9 n\u00e1klady a&nbsp;donekone\u010dna tak suplovat vl\u00e1du, kter\u00e1 v\u00a0t\u011bchto kl\u00ed\u010dov\u00fdch ot\u00e1zk\u00e1ch st\u00e1le selh\u00e1v\u00e1,\u201c<\/em> uvedl <em><strong>starosta Prahy&nbsp;7 Jan \u010ci\u017einsk\u00fd<\/strong><\/em>.<\/p>\r\n<p>M\u010c Praha&nbsp;7 odeslala \u017e\u00e1dost o&nbsp;ud\u011blen\u00ed v\u00fdjimky pro sv\u00e9 \u0161koly na M\u0160MT a&nbsp;MZ \u010cR v\u00a0pond\u011bl\u00ed 3.&nbsp;5.&nbsp;2021. K\u00a0t\u00e9to iniciativ\u011b se p\u0159ipojuj\u00ed tak\u00e9 dal\u0161\u00ed m\u011bstsk\u00e9 \u010d\u00e1sti, kter\u00e9 ve sv\u00fdch \u0161kol\u00e1ch PCR testy pilotn\u011b zkou\u0161ely, jako je Praha 9, Praha 6, Praha 4 nebo \u010cakovice. Syst\u00e9m by m\u011bl fungovat tak, \u017ee v\u00a0pond\u011bl\u00ed budou d\u011bti z\u00a01.&nbsp;i&nbsp;2.&nbsp;stupn\u011b testov\u00e1ny PCR testy a&nbsp;od \u00fater\u00fd do p\u00e1tku pak bude prob\u00edhat b\u011b\u017en\u00e1 v\u00fduka bez rotac\u00ed. Krom\u011b toho, \u017ee jsou PCR testy mnohem v\u00edce pr\u016fkazn\u00e9, ne\u017e testy antigenn\u00ed, by se tak\u00e9 v\u00fdznamn\u011b ulevilo \u0161kol\u00e1m, kter\u00e9 nutnost realizovat antigenn\u00ed testov\u00e1n\u00ed (u&nbsp;2.&nbsp;stupn\u011b st\u00e1le dvakr\u00e1t t\u00fddn\u011b) na za\u010d\u00e1tku vyu\u010dov\u00e1n\u00ed organiza\u010dn\u011b velmi vy\u010derp\u00e1v\u00e1.<\/p>\r\n<p><em>\u201eV\u0161echny \u0159editelky a&nbsp;\u0159editel\u00e9 n\u00e1mi z\u0159izovan\u00fdch z\u00e1kladn\u00edch \u0161kol s\u00a0t\u00edmto provozem souhlas\u00ed a&nbsp;jsou na n\u011bj schopni velmi rychle p\u0159ej\u00edt. \u00a0Mnoho \u017e\u00e1k\u016f z&nbsp;distan\u010dn\u00ed v\u00fduky dlouhodob\u011b vypad\u00e1v\u00e1, rapidn\u011b se zvy\u0161uje po\u010det d\u011bt\u00ed s&nbsp;psychick\u00fdmi obt\u00ed\u017eemi, prokazateln\u011b roste mno\u017estv\u00ed p\u0159\u00edpad\u016f dom\u00e1c\u00edho n\u00e1sil\u00ed. N\u00e1sledky t\u00e9to ro\u010dn\u00ed pauzy ve \u0161koln\u00ed doch\u00e1zce budou pro \u0159adu rodin nedoz\u00edrn\u00e9. Chceme, aby n\u00e1m vl\u00e1da umo\u017enila v\u00a0praxi prov\u011b\u0159it bezpe\u010dn\u00fd zp\u016fsob n\u00e1vratu v\u0161ech d\u011bt\u00ed do lavic, kter\u00fd m\u016f\u017ee b\u00fdt n\u00e1sledn\u011b roz\u0161\u00ed\u0159en na \u0161koly v\u00a0cel\u00e9 \u010cR,\u201c<\/em> doplnila radn\u00ed M\u010c Praha&nbsp;7 pro oblast <strong><em>\u0161kolstv\u00ed a&nbsp;vzd\u011bl\u00e1v\u00e1n\u00ed Hana \u0160i\u0161kov\u00e1<\/em><\/strong>.<\/p>","protected":false},"excerpt":{"rendered":"[perex] Sedm\u00e1 m\u011bstsk\u00e1 \u010d\u00e1st z\u00e1sadn\u011b nesouhlas\u00ed s\u00a0bezd\u016fvodn\u00fdm odkl\u00e1d\u00e1n\u00edm n\u00e1vratu v\u0161ech d\u011bt\u00ed do \u0161kol bez rotac\u00ed a&nbsp;zas\u00edl\u00e1 na ministerstva \u0161kolstv\u00ed a&nbsp;zdravotnictv\u00ed \u017e\u00e1dost o&nbsp;v\u00fdjimku z\u00a0rota\u010dn\u00ed v\u00fduky pro \u0161koly, kde se budou d\u011bti testovat PCR testy. Z\u00e1rove\u0148 Praha&nbsp;7 \u017e\u00e1d\u00e1, aby st\u00e1t za\u010dal PCR testov\u00e1n\u00ed propl\u00e1cet. [\/perex] \u201eSpole\u010dn\u011b s\u00a0dal\u0161\u00edmi m\u011bstsk\u00fdmi \u010d\u00e1stmi jsme v\u00a0uplynul\u00fdch t\u00fddnech na \u0161kol\u00e1ch zkou\u0161eli PCR testov\u00e1n\u00ed [&hellip;]","protected":false},"author":5,"featured_media":47720,"comment_status":"closed","ping_status":"open","sticky":false,"template":"","format":"standard","meta":[],"categories":[34,74],"tags":[],"_links":{"self":[{"href":"https:\/\/www.praha7.cz\/api\/wp\/v2\/posts\/47719"}],"collection":[{"href":"https:\/\/www.praha7.cz\/api\/wp\/v2\/posts"}],"about":[{"href":"https:\/\/www.praha7.cz\/api\/wp\/v2\/types\/post"}],"author":[{"embeddable":true,"href":"https:\/\/www.praha7.cz\/api\/wp\/v2\/users\/5"}],"replies":[{"embeddable":true,"href":"https:\/\/www.praha7.cz\/api\/wp\/v2\/comments?post=47719"}],"version-history":[{"count":1,"href":"https:\/\/www.praha7.cz\/api\/wp\/v2\/posts\/47719\/revisions"}],"predecessor-version":[{"id":47721,"href":"https:\/\/www.praha7.cz\/api\/wp\/v2\/posts\/47719\/revisions\/47721"}],"wp:featuredmedia":[{"embeddable":true,"href":"https:\/\/www.praha7.cz\/api\/wp\/v2\/media\/47720"}],"wp:attachment":[{"href":"https:\/\/www.praha7.cz\/api\/wp\/v2\/media?parent=47719"}],"wp:term":[{"taxonomy":"category","embeddable":true,"href":"https:\/\/www.praha7.cz\/api\/wp\/v2\/categories?post=47719"},{"taxonomy":"post_tag","embeddable":true,"href":"https:\/\/www.praha7.cz\/api\/wp\/v2\/tags?post=47719"}],"curies":[{"name":"wp","href":"https:\/\/api.w.org\/{rel}","templated":true}]}}