    
{"id":47650,"date":"2021-05-03T18:14:24","date_gmt":"2021-05-03T16:14:24","guid":{"rendered":"https:\/\/www.praha7.cz\/?p=47650"},"modified":"2021-05-07T11:46:53","modified_gmt":"2021-05-07T09:46:53","slug":"majove-trhy-na-dvore-zemedelskeho-muzea","status":"publish","type":"post","link":"https:\/\/www.praha7.cz\/majove-trhy-na-dvore-zemedelskeho-muzea\/","title":{"rendered":"M\u00e1jov\u00e9 trhy na dvo\u0159e zem\u011bd\u011blsk\u00e9ho muzea"},"content":{"rendered":"<p>[perex]<\/p>\r\n<p>Pro v\u0161echny milovn\u00edky jara, kv\u011btin, zahrad a&nbsp;rozkvetl\u00fdch balkon\u016f po\u0159\u00e1d\u00e1 N\u00e1rodn\u00ed zem\u011bd\u011blsk\u00e9 muzeum na sv\u00e9m dvo\u0159e ve t\u0159ech kv\u011btnov\u00fdch p\u00e1tc\u00edch (14., 21.&nbsp;a&nbsp;28.&nbsp;5.) od 9 do 17 hodin M\u00e1jov\u00e9 trhy. Na nich n\u00e1v\u0161t\u011bvn\u00edk\u016fm nab\u00eddne sortiment zam\u011b\u0159en\u00fd p\u0159ev\u00e1\u017en\u011b na bylinky, trvalky, ke\u0159e, \u0159ezan\u00e9 kv\u011btiny a&nbsp;kytice z&nbsp;lok\u00e1ln\u00edch a&nbsp;ekologick\u00fdch kv\u011btin. Vstup je zdarma.\u00a0<\/p>\r\n<p>[\/perex]<\/p>\r\n<p><strong>Kdy? \u00a0<\/strong><br \/>\r\nM\u00e1jov\u00e9 p\u00e1tky: 14., 21.&nbsp;a&nbsp;28.&nbsp;5.<\/p>\r\n<p><strong>Kde?<\/strong><br \/>\r\nNa muzejn\u00edm dvo\u0159e.<\/p>\r\n<p>NZM tak chce v&nbsp;souladu se sv\u00fdm mottem \u201eVypr\u00e1v\u00edme p\u0159\u00edb\u011bh o&nbsp;v\u0161em mezi zem\u00ed a&nbsp;tal\u00ed\u0159em\u201c podpo\u0159it lok\u00e1ln\u00ed p\u011bstitele a&nbsp;producenty a&nbsp;spojit je nejkrat\u0161\u00ed cestou s&nbsp;jejich z\u00e1kazn\u00edky.<\/p>\r\n<p><a href=\"https:\/\/www.facebook.com\/events\/740047569993498\/?active_tab=about\" target=\"_blank\" rel=\"noopener\">FB ud\u00e1lost\u00a0M\u00e1jov\u00e9 trhy<\/a><\/p>","protected":false},"excerpt":{"rendered":"[perex] Pro v\u0161echny milovn\u00edky jara, kv\u011btin, zahrad a&nbsp;rozkvetl\u00fdch balkon\u016f po\u0159\u00e1d\u00e1 N\u00e1rodn\u00ed zem\u011bd\u011blsk\u00e9 muzeum na sv\u00e9m dvo\u0159e ve t\u0159ech kv\u011btnov\u00fdch p\u00e1tc\u00edch (14., 21.&nbsp;a&nbsp;28.&nbsp;5.) od 9 do 17 hodin M\u00e1jov\u00e9 trhy. Na nich n\u00e1v\u0161t\u011bvn\u00edk\u016fm nab\u00eddne sortiment zam\u011b\u0159en\u00fd p\u0159ev\u00e1\u017en\u011b na bylinky, trvalky, ke\u0159e, \u0159ezan\u00e9 kv\u011btiny a&nbsp;kytice z&nbsp;lok\u00e1ln\u00edch a&nbsp;ekologick\u00fdch kv\u011btin. Vstup je zdarma.\u00a0 [\/perex] Kdy? \u00a0 M\u00e1jov\u00e9 p\u00e1tky: 14., [&hellip;]","protected":false},"author":76,"featured_media":47776,"comment_status":"closed","ping_status":"open","sticky":false,"template":"","format":"standard","meta":[],"categories":[34],"tags":[],"_links":{"self":[{"href":"https:\/\/www.praha7.cz\/api\/wp\/v2\/posts\/47650"}],"collection":[{"href":"https:\/\/www.praha7.cz\/api\/wp\/v2\/posts"}],"about":[{"href":"https:\/\/www.praha7.cz\/api\/wp\/v2\/types\/post"}],"author":[{"embeddable":true,"href":"https:\/\/www.praha7.cz\/api\/wp\/v2\/users\/76"}],"replies":[{"embeddable":true,"href":"https:\/\/www.praha7.cz\/api\/wp\/v2\/comments?post=47650"}],"version-history":[{"count":16,"href":"https:\/\/www.praha7.cz\/api\/wp\/v2\/posts\/47650\/revisions"}],"predecessor-version":[{"id":47864,"href":"https:\/\/www.praha7.cz\/api\/wp\/v2\/posts\/47650\/revisions\/47864"}],"wp:featuredmedia":[{"embeddable":true,"href":"https:\/\/www.praha7.cz\/api\/wp\/v2\/media\/47776"}],"wp:attachment":[{"href":"https:\/\/www.praha7.cz\/api\/wp\/v2\/media?parent=47650"}],"wp:term":[{"taxonomy":"category","embeddable":true,"href":"https:\/\/www.praha7.cz\/api\/wp\/v2\/categories?post=47650"},{"taxonomy":"post_tag","embeddable":true,"href":"https:\/\/www.praha7.cz\/api\/wp\/v2\/tags?post=47650"}],"curies":[{"name":"wp","href":"https:\/\/api.w.org\/{rel}","templated":true}]}}