    
{"id":47611,"date":"2021-04-29T17:12:39","date_gmt":"2021-04-29T15:12:39","guid":{"rendered":"https:\/\/www.praha7.cz\/?p=47611"},"modified":"2021-05-04T11:14:42","modified_gmt":"2021-05-04T09:14:42","slug":"od-pondeli-3-kvetna-se-vraci-zaci-na-druhe-stupne-zs-a-deti-do-skolek","status":"publish","type":"post","link":"https:\/\/www.praha7.cz\/od-pondeli-3-kvetna-se-vraci-zaci-na-druhe-stupne-zs-a-deti-do-skolek\/","title":{"rendered":"Od pond\u011bl\u00ed 3.&nbsp;kv\u011btna se vrac\u00ed \u017e\u00e1ci na druh\u00e9 stupn\u011b Z\u0160 a&nbsp;d\u011bti do \u0161kolek"},"content":{"rendered":"<p>[perex]<\/p>\r\n<p><strong>Vl\u00e1da schv\u00e1lila, \u017ee se od pond\u011bl\u00ed 3.&nbsp;kv\u011btna mohou vr\u00e1tit do \u0161kol \u017e\u00e1ci druh\u00fdch stup\u0148\u016f Z\u0160 v&nbsp;Praze, Kr\u00e1lov\u00e9hradeck\u00e9m, Karlovarsk\u00e9m, Plze\u0148sk\u00e9m, St\u0159edo\u010desk\u00e9m, Libereck\u00e9m a&nbsp;Pardubick\u00e9m kraji. Ve stejn\u00fdch kraj\u00edch tak\u00e9 budou moci od pond\u011bl\u00ed chodit do \u0161kolek v\u0161echny d\u011bti.<\/strong><\/p>\r\n<p>\u017d\u00e1ci na z\u00e1kladn\u00edch \u0161kol\u00e1ch budou nad\u00e1le nosit rou\u0161ky, budou tak\u00e9 pravideln\u011b testov\u00e1ni neinvazivn\u00edmi antigenn\u00edmi testy (1.&nbsp;stupn\u011b jednou t\u00fddn\u011b, 2.&nbsp;stupn\u011b dvakr\u00e1t t\u00fddn\u011b). Druh\u00e9 stupn\u011b se budou u\u010dit jako nyn\u00ed \u017e\u00e1ci prvn\u00edho stupn\u011b v&nbsp;rota\u010dn\u00ed v\u00fduce.<\/p>\r\n<p>Do \u0161kolek budou v\u0161echny d\u011bti chodit bez test\u016f i&nbsp;bez rou\u0161ek.<\/p>\r\n<p>M\u010c Praha&nbsp;7 jako z\u0159izovatel z\u00e1kladn\u00edch a&nbsp;mate\u0159sk\u00fdch \u0161kol je v\u0161em \u0159editel\u016fm maxim\u00e1ln\u011b n\u00e1pomocn\u00e1. Sna\u017e\u00edme se d\u011blat v\u0161e pro to, abychom \u0161kol\u00e1m pomohli se v&nbsp;extr\u00e9mn\u011b kr\u00e1tk\u00e9m \u010dase na n\u00e1vrat d\u011bt\u00ed p\u0159ipravit. Hlavn\u00edm \u00faskal\u00edm je sehnat dostatek test\u016f pro v\u0161echny \u017e\u00e1ky, kte\u0159\u00ed budou do \u0161koly doch\u00e1zet. Vl\u00e1da navzdory sv\u00fdm na\u0159\u00edzen\u00edm \u017e\u00e1dn\u00e9 dal\u0161\u00ed testy nad r\u00e1mec ten\u010d\u00edc\u00edch se z\u00e1sob pro prvn\u00ed stupn\u011b a&nbsp;zbyl\u00fdch nevyu\u017eit\u00fdch test\u016f pro \u0161kolky nedodala.<\/p>\r\n<p><strong>Praha&nbsp;7 nad\u00e1le pokra\u010duje v\u00a0pilotn\u00edm testov\u00e1n\u00ed metodou <a href=\"https:\/\/www.praha7.cz\/praha-7-se-zapoji-do-pilotniho-projektu-pcr-pooling-testovani-s-cilem-bezpecne-vratit-vsechny-deti-do-skol\/\">PCR poolingu na Z\u0160 Fr. Plam\u00ednkov\u00e9<\/a>. Soub\u011b\u017en\u011b s&nbsp;t\u00edm prov\u011b\u0159ujeme dal\u0161\u00ed mo\u017enosti, jak PCR testy zav\u00e9st na v\u0161ech na\u0161ich \u0161kol\u00e1ch. Z\u00e1rove\u0148 ve spolupr\u00e1ci s&nbsp;magistr\u00e1tem i&nbsp;dal\u0161\u00edmi m\u011bstsk\u00fdmi \u010d\u00e1stmi vyv\u00edj\u00edme tlak na ministerstvo, aby p\u0159i pou\u017eit\u00ed PCR test\u016f umo\u017enilo n\u00e1vrat v\u0161ech d\u011bt\u00ed do \u0161kol a&nbsp;aby tento spolehliv\u00fd a&nbsp;\u0161etrn\u00fd zp\u016fsobe testov\u00e1n\u00ed za\u010dal st\u00e1t propl\u00e1cet.<\/strong><\/p>\r\n<p>[\/perex]<\/p>\r\n<h3>Z\u00e1kladn\u00ed \u0161koly<\/h3>\r\n<ul>\r\n\t<li>Do z\u00e1kladn\u00edch \u0161kol se krom\u011b prvn\u00edho stupn\u011b a&nbsp;p\u0159\u00edpravn\u00fdch t\u0159\u00edd vrac\u00ed tak\u00e9 \u017e\u00e1ci druh\u00e9ho stupn\u011b.<\/li>\r\n\t<li>V\u00fduka na obou stupn\u00edch bude rota\u010dn\u00ed, t\u0159\u00eddy se budou st\u0159\u00eddat v&nbsp;re\u017eimu: t\u00fdden ve \u0161kole, t\u00fdden doma na distan\u010dn\u00ed v\u00fduce.<\/li>\r\n\t<li>Pro \u017e\u00e1ky bude ve \u0161kole povinn\u00e9 no\u0161en\u00ed chirurgick\u00fdch rou\u0161ek (nebo ochrany \u00fast a&nbsp;nosu s&nbsp;odpov\u00eddaj\u00edc\u00ed certifikac\u00ed).<\/li>\r\n<\/ul>\r\n<h3>Mate\u0159sk\u00e9 \u0161koly<\/h3>\r\n<ul>\r\n\t<li>Do M\u0160 se vr\u00e1t\u00ed v\u0161echny d\u011bti.<\/li>\r\n\t<li>D\u011bti v&nbsp;mate\u0159sk\u00fdch \u0161kol\u00e1ch nebudou muset nosit rou\u0161ky.<\/li>\r\n\t<li>D\u011bti v\u00a0mate\u0159sk\u00fdch \u0161kol\u00e1ch nebudou muset b\u00fdt testov\u00e1ny.<\/li>\r\n<\/ul>\r\n<p>&nbsp;<\/p>\r\n<p>Ve \u0161kol\u00e1ch i\u00a0\u0161kolk\u00e1ch budou udr\u017eov\u00e1ny homogenn\u00ed kolektivy, kter\u00e9 se budou pokud mo\u017eno co nejm\u00e9n\u011b vz\u00e1jemn\u011b potk\u00e1vat, t\u0159\u00eddy budou pravideln\u011b v\u011btr\u00e1ny a\u00a0dezinfikov\u00e1ny, zaji\u0161t\u011bn je dostatek prost\u0159edk\u016f na \u010dast\u00e9 myt\u00ed rukou, doporu\u010deny jsou aktivity mimo \u0161koln\u00ed budovu.<\/p>\r\n<h3><\/h3>\r\n<h3>Testov\u00e1n\u00ed<\/h3>\r\n<ul>\r\n\t<li>V z\u00e1kladn\u00edch \u0161kol\u00e1ch je p\u0159\u00edtomnost \u017e\u00e1k\u016f z&nbsp;rozhodnut\u00ed vl\u00e1dy podm\u00edn\u011bna negativn\u00edm testem na covid-19 proveden\u00fdm ve \u0161kole.<\/li>\r\n\t<li>Prvn\u00ed stupn\u011b se budou testovat antigenn\u00edmi testy jednou t\u00fddn\u011b (v&nbsp;pond\u011bl\u00ed), druh\u00e9 stupn\u011b pak dvakr\u00e1t t\u00fddn\u011b (v&nbsp;pond\u011bl\u00ed a&nbsp;ve \u010dtvrtek).<\/li>\r\n\t<li>Postupu testov\u00e1n\u00ed ve \u0161kol\u00e1ch se p\u0159ipravuje v&nbsp;souladu s&nbsp;metodikami a&nbsp;pokyny M\u0160MT. Podrobnosti <a href=\"https:\/\/www.praha7.cz\/navrat-deti-do-skol-od-pondeli-12-4\/\">ZDE<\/a>.<\/li>\r\n\t<li>O konkr\u00e9tn\u00edm pr\u016fb\u011bhu testov\u00e1n\u00ed a&nbsp;dal\u0161\u00edch organiza\u010dn\u00edch opat\u0159en\u00edch v\u00e1s bude informovat va\u0161e \u0161kola.<\/li>\r\n<\/ul>\r\n<p>&nbsp;<\/p>\r\n<p><em><strong>Fungov\u00e1n\u00ed v\u0161ech nastaven\u00fdch pravidel budeme spole\u010dn\u011b se \u0161kolami a&nbsp;\u0161kolkami d\u00e1le vyhodnocovat a&nbsp;v&nbsp;p\u0159\u00edpad\u011b pot\u0159eby upravovat.\u00a0 Podrobn\u00e9 informace a&nbsp;instrukce v\u00e1m poskytnou va\u0161e \u0161koly \u010di \u0161kolky.<\/strong><\/em><\/p>\r\n<p><em><strong>Pros\u00edme rodi\u010de, aby dodr\u017eovali a&nbsp;respektovali p\u0159ijat\u00e1 opat\u0159en\u00ed a&nbsp;pravidla. D\u011bl\u00e1me v\u0161e pro to, aby se v&nbsp;maxim\u00e1ln\u00ed mo\u017en\u00e9 m\u00ed\u0159e p\u0159ede\u0161lo riziku \u0161\u00ed\u0159en\u00ed n\u00e1kazy.<\/strong><\/em><\/p>\r\n<p><em><strong>D\u011bkujeme v\u00e1m za vst\u0159\u00edcnost a&nbsp;ohleduplnost v&nbsp;z\u00e1jmu zachov\u00e1n\u00ed zdrav\u00ed d\u011bt\u00ed i&nbsp;zam\u011bstnanc\u016f \u0161kol a&nbsp;\u0161kolek.<\/strong><\/em><\/p>\r\n<p>&nbsp;<\/p>","protected":false},"excerpt":{"rendered":"[perex] Vl\u00e1da schv\u00e1lila, \u017ee se od pond\u011bl\u00ed 3.&nbsp;kv\u011btna mohou vr\u00e1tit do \u0161kol \u017e\u00e1ci druh\u00fdch stup\u0148\u016f Z\u0160 v&nbsp;Praze, Kr\u00e1lov\u00e9hradeck\u00e9m, Karlovarsk\u00e9m, Plze\u0148sk\u00e9m, St\u0159edo\u010desk\u00e9m, Libereck\u00e9m a&nbsp;Pardubick\u00e9m kraji. Ve stejn\u00fdch kraj\u00edch tak\u00e9 budou moci od pond\u011bl\u00ed chodit do \u0161kolek v\u0161echny d\u011bti. \u017d\u00e1ci na z\u00e1kladn\u00edch \u0161kol\u00e1ch budou nad\u00e1le nosit rou\u0161ky, budou tak\u00e9 pravideln\u011b testov\u00e1ni neinvazivn\u00edmi antigenn\u00edmi testy (1.&nbsp;stupn\u011b jednou t\u00fddn\u011b, [&hellip;]","protected":false},"author":5,"featured_media":41644,"comment_status":"closed","ping_status":"open","sticky":false,"template":"","format":"standard","meta":[],"categories":[34],"tags":[],"_links":{"self":[{"href":"https:\/\/www.praha7.cz\/api\/wp\/v2\/posts\/47611"}],"collection":[{"href":"https:\/\/www.praha7.cz\/api\/wp\/v2\/posts"}],"about":[{"href":"https:\/\/www.praha7.cz\/api\/wp\/v2\/types\/post"}],"author":[{"embeddable":true,"href":"https:\/\/www.praha7.cz\/api\/wp\/v2\/users\/5"}],"replies":[{"embeddable":true,"href":"https:\/\/www.praha7.cz\/api\/wp\/v2\/comments?post=47611"}],"version-history":[{"count":7,"href":"https:\/\/www.praha7.cz\/api\/wp\/v2\/posts\/47611\/revisions"}],"predecessor-version":[{"id":47718,"href":"https:\/\/www.praha7.cz\/api\/wp\/v2\/posts\/47611\/revisions\/47718"}],"wp:featuredmedia":[{"embeddable":true,"href":"https:\/\/www.praha7.cz\/api\/wp\/v2\/media\/41644"}],"wp:attachment":[{"href":"https:\/\/www.praha7.cz\/api\/wp\/v2\/media?parent=47611"}],"wp:term":[{"taxonomy":"category","embeddable":true,"href":"https:\/\/www.praha7.cz\/api\/wp\/v2\/categories?post=47611"},{"taxonomy":"post_tag","embeddable":true,"href":"https:\/\/www.praha7.cz\/api\/wp\/v2\/tags?post=47611"}],"curies":[{"name":"wp","href":"https:\/\/api.w.org\/{rel}","templated":true}]}}