    
{"id":47560,"date":"2021-04-28T14:15:08","date_gmt":"2021-04-28T12:15:08","guid":{"rendered":"https:\/\/www.praha7.cz\/?p=47560"},"modified":"2021-04-28T14:15:08","modified_gmt":"2021-04-28T12:15:08","slug":"vystaviste-praha-pokracuje-v-rekonstrukcich-po-rozvolneni-opatreni-se-tesi-na-navstevniky","status":"publish","type":"post","link":"https:\/\/www.praha7.cz\/vystaviste-praha-pokracuje-v-rekonstrukcich-po-rozvolneni-opatreni-se-tesi-na-navstevniky\/","title":{"rendered":"V\u00fdstavi\u0161t\u011b Praha pokra\u010duje v&nbsp;rekonstrukc\u00edch, po rozvoln\u011bn\u00ed opat\u0159en\u00ed se t\u011b\u0161\u00ed na n\u00e1v\u0161t\u011bvn\u00edky"},"content":{"rendered":"<p>[perex]<\/p>\r\n<p>V\u00fdstavi\u0161t\u011b Praha se nyn\u00ed nach\u00e1z\u00ed v&nbsp;dal\u0161\u00ed etap\u011b rekonstrukce. Byla dokon\u010dena modernizace prvn\u00edho z\u00a0K\u0159i\u017e\u00edkov\u00fdch pavilon\u016f, nov\u00fd skatepark nab\u00edz\u00ed vy\u017eit\u00ed pro sportovce. V\u00a0horizontu n\u011bkolika t\u00fddn\u016f zapo\u010dne i&nbsp;obnova b\u00fdval\u00e9ho divadla Spir\u00e1la. Za posledn\u00ed rok m\u011bsto investovalo do revitalizace are\u00e1lu V\u00fdstavi\u0161t\u011b Praha 160 milion\u016f korun a&nbsp;dal\u0161\u00edch t\u00e9m\u011b\u0159 200 milion\u016f je ve schv\u00e1len\u00e9m rozpo\u010dtu nachyst\u00e1no na leto\u0161n\u00ed rok.<\/p>\r\n<p>[\/perex]<\/p>\r\n<p>\u201e<em>Jsem moc r\u00e1d, \u017ee se bl\u00ed\u017e\u00ed doba, kdy se op\u011bt naplno otev\u0159ou br\u00e1ny V\u00fdstavi\u0161t\u011b a&nbsp;n\u00e1v\u0161t\u011bvn\u00edci se nechaj\u00ed p\u0159ekvapit n\u011bkolika novinkami. P\u0159ed v\u00edce ne\u017e dv\u011bma roky jsme sl\u00edbili, \u017ee za\u010dneme spl\u00e1cet dluh na V\u00fdstavi\u0161ti, kter\u00e9 bylo po dlouh\u00e1 l\u00e9ta zanedb\u00e1van\u00e9, a&nbsp;vr\u00e1t\u00edme jej zp\u011bt lidem. Postupn\u00e1 revitalizace je jednou z\u00a0priorit veden\u00ed m\u011bsta a&nbsp;m\u00e1m radost, \u017ee se are\u00e1l m\u011bn\u00ed p\u0159ed o\u010dima<\/em>,\u201c \u0159\u00edk\u00e1 n\u00e1m\u011bstek prim\u00e1tora pro finance a&nbsp;rozpo\u010det Pavel Vyhn\u00e1nek, v\u00a0jeho\u017e gesci je i&nbsp;are\u00e1l V\u00fdstavi\u0161t\u011b Praha.<\/p>\r\n<p>Z\u00a0budov je letos nejv\u011bt\u0161\u00ed dokon\u010denou rekonstrukc\u00ed <strong>K\u0159i\u017e\u00edk\u016fv pavilon D<\/strong>. Za necel\u00fd rok se jej poda\u0159ilo prom\u011bnit v\u00a0multifunk\u010dn\u00ed prostor, kter\u00fd bude slou\u017eit k&nbsp;po\u0159\u00e1d\u00e1n\u00ed v\u00fdstav, koncert\u016f, konferenc\u00ed nebo soukrom\u00fdch akc\u00ed. Sportovn\u011b zalo\u017een\u00e9 n\u00e1v\u0161t\u011bvn\u00edky pot\u011b\u0161\u00ed \u010derstv\u011b otev\u0159en\u00e1 a&nbsp;zcela nov\u00e1 v\u00edce\u00fa\u010delov\u00e1 plocha pro kole\u010dkov\u00e9 sporty, p\u0159ipraven\u00e1 ve spolupr\u00e1ci s\u00a0\u010ceskou skateboardingovou asociac\u00ed. <strong>Skateplaza<\/strong> se nach\u00e1z\u00ed v\u00a0obl\u00edben\u00e9 rekrea\u010dn\u00ed \u010d\u00e1sti are\u00e1lu, kter\u00e1 se v\u00a0revitalizovan\u00e9 podob\u011b otev\u0159ela Pra\u017ean\u016fm a&nbsp;dal\u0161\u00edm n\u00e1v\u0161t\u011bvn\u00edk\u016fm u\u017e v\u00a0lo\u0148sk\u00e9m roce. B\u011bhem l\u00e9ta by u&nbsp;n\u00ed tak\u00e9 m\u011blo vzniknout <strong>z\u00e1zem\u00ed pro sportovce s\u00a0relaxa\u010dn\u00ed z\u00f3nou, \u0161atnami a&nbsp;sprchami<\/strong>. Pestrou nab\u00eddku krou\u017ek\u016f, workshop\u016f, p\u0159\u00edm\u011bstsk\u00fdch t\u00e1bor\u016f a&nbsp;v\u00fdstav nab\u00eddnou zrekonstruovan\u00e9 prostory b\u00fdval\u00e9 restaurace U&nbsp;Primas\u016f, nov\u011b pod n\u00e1zvem <strong>Ateli\u00e9r Rychta<\/strong>.<\/p>\r\n<p>\u201e<em>V sou\u010dasn\u00e9 chv\u00edli v\u0161ichni u\u017e netrp\u011bliv\u011b vyhl\u00ed\u017e\u00edme, kdy budeme moci spustit kulturn\u00ed a&nbsp;sportovn\u00ed akce a&nbsp;p\u0159iv\u00edtat zase n\u00e1v\u0161t\u011bvn\u00edky na V\u00fdstavi\u0161ti v&nbsp;po\u010dtu, na jak\u00fd jsme byli zvykl\u00ed p\u0159ed vypuknut\u00edm pandemie. Spolu se sv\u00fdm t\u00fdmem v\u011b\u0159\u00edme, \u017ee a\u010dkoli je\u0161t\u011b nen\u00ed vyhr\u00e1no a&nbsp;samoz\u0159ejm\u011b i&nbsp;nad\u00e1le budou trvat velmi p\u0159\u00edsn\u00e1 hygienick\u00e1 a&nbsp;bezpe\u010dnost\u00ed opat\u0159en\u00ed, postupn\u011b se navr\u00e1t\u00edme k\u00a0norm\u00e1ln\u00edmu provozu. A&nbsp;op\u011bt budeme jedn\u00edm z\u00a0nejvyhled\u00e1van\u011bj\u0161\u00edch m\u00edst v\u00a0Praze, kam vyrazit za kulturou, sportem, na piknik, nebo zkr\u00e1tka jen p\u0159\u00edjemn\u00fdm m\u00edstem, kde si dop\u0159\u00e1t dobr\u00e9 ob\u010derstven\u00ed, odpo\u010dinek a&nbsp;pohodu v\u00a0zeleni, kterou v\u00a0\u0161ir\u0161\u00edm centru jak\u00e9hokoli m\u011bsta jen t\u011b\u017eko nach\u00e1z\u00edme<\/em>,\u201d komentuje aktu\u00e1ln\u00ed d\u011bn\u00ed Tom\u00e1\u0161 H\u00fcbl, p\u0159edseda p\u0159edstavenstva V\u00fdstavi\u0161t\u011b Praha, kter\u00fd svoji funkci zast\u00e1v\u00e1 od\u00a0listopadu 2018.<\/p>\r\n<p>Do revitalizace V\u00fdstavi\u0161t\u011b za posledn\u00ed rok vlo\u017eilo hlavn\u00ed m\u011bsto p\u0159es 160 milion\u016f korun a&nbsp;ani\u00a0do budoucna nepolev\u00ed v\u00a0investic\u00edch do are\u00e1lu. V\u00a0kv\u011btnu se za\u010dne s&nbsp;rekonstrukc\u00ed dal\u0161\u00edch d\u016fle\u017eit\u00fdch objekt\u016f, konkr\u00e9tn\u011b se bude jednat o&nbsp;<strong>zb\u00fdvaj\u00edc\u00ed t\u0159i K\u0159i\u017e\u00edkovy pavilony<\/strong>.<\/p>\r\n<p>Chyst\u00e1 se i&nbsp;obnova <strong>Spir\u00e1ly<\/strong>, kter\u00e1 by m\u011bla za\u010d\u00edt v\u00a0pr\u016fb\u011bhu kv\u011btna. B\u00fdval\u00e9 divadlo nen\u00ed v\u00a0provozu od povodn\u00ed v\u00a0roce 2002 a&nbsp;na jeho rekonstrukci bude vynalo\u017eeno zhruba 220 milion\u016f korun. Oce\u0148ovan\u00e1 stavba byla p\u016fvodn\u011b s\u00a0ohledem na sv\u016fj stav ur\u010dena k\u00a0demolici, ale sou\u010dasn\u00e9 veden\u00ed m\u011bsta se rozhodlo pro jej\u00ed z\u00e1chranu. Je\u0161t\u011b letos bude zah\u00e1jena dal\u0161\u00ed f\u00e1ze rekonstrukce cest, kter\u00e1 bude pokra\u010dovat i&nbsp;v\u00a0n\u00e1sleduj\u00edc\u00edm roce. St\u00e1le se tak\u00e9 pracuje na obnov\u011b objektu b\u00fdval\u00e9 restaurace Bohemia, jej\u00ed\u017e dokon\u010den\u00ed je pl\u00e1nu v\u00a0p\u0159\u00ed\u0161t\u00edm roce.<\/p>\r\n<h3>Dokon\u010den\u00e9 projekty:<\/h3>\r\n<p><strong>K\u0159i\u017e\u00edkovy pavilony<\/strong><br \/>\r\n<strong>Pavilon D<\/strong> &#8211; po rekonstrukci a&nbsp;kolaudaci.<\/p>\r\n<p>V\u00a0pr\u016fb\u011bhu kv\u011btna za\u010dne postupn\u00e1 rekonstrukce <strong>zb\u00fdvaj\u00edc\u00edch t\u0159\u00ed pavilon\u016f B, C, E<\/strong>.<br \/>\r\nPl\u00e1novan\u00e9 vyu\u017eit\u00ed: Multifunk\u010dn\u00ed prostory ur\u010den\u00e9 pro po\u0159\u00e1d\u00e1n\u00ed v\u00fdstav, koncert\u016f, konferenc\u00ed, soukrom\u00fdch akc\u00ed a&nbsp;jin\u00fdch spole\u010densk\u00fdch a&nbsp;kulturn\u00edch akc\u00ed.<br \/>\r\nP\u0159edpokl\u00e1dan\u00e9 n\u00e1klady: 300 milion\u016f<\/p>\r\n<p><strong>Ateli\u00e9r Rychta<\/strong><br \/>\r\nRekonstruovan\u00e9 interi\u00e9ry, term\u00edn otev\u0159en\u00ed pro ve\u0159ejnost: 1.&nbsp;\u010derven 2021.<br \/>\r\nPl\u00e1novan\u00e9 u\u017eit\u00ed: Interaktivn\u00ed prostor pro d\u011bti i&nbsp;dosp\u011bl\u00e9, kter\u00fd ve dvou patrech (ateli\u00e9r a&nbsp;galerie) nab\u00eddne celoro\u010dn\u00ed program v\u00a0podob\u011b krou\u017ek\u016f, workshop\u016f, v\u00fdstav, aj. V\u00a0l\u00e9t\u011b tak\u00e9 p\u0159\u00edm\u011bstsk\u00e9 t\u00e1bory.<br \/>\r\nN\u00e1klady: 3 miliony<\/p>\r\n<p><strong>Skateplaza<\/strong><br \/>\r\nDokon\u010deno v\u00a0dubnu 2021, prob\u00edh\u00e1 \u00faprava okol\u00ed v\u00a0souvislosti s\u00a0p\u0159\u00edpravou vedlej\u0161\u00edho z\u00e1zem\u00ed pro sportovce.<br \/>\r\nPl\u00e1novan\u00e9 u\u017eit\u00ed: Multifunk\u010dn\u00ed plocha zahrnuj\u00edc\u00ed skatepark, hokejbal, ko\u0161 na streetball.<br \/>\r\nN\u00e1klady: 1,7 milion\u016f<\/p>\r\n<h3>Rozpracovan\u00e9 projekty<\/h3>\r\n<p><strong>Z\u00e1zem\u00ed pro sportovce na Bruselu<\/strong><br \/>\r\nP\u0159\u00edprava ve\u0159ejn\u00e9 zak\u00e1zky na dodavatele, realizace v\u00a0l\u00e9t\u011b 2021.<br \/>\r\nPl\u00e1novan\u00e9 u\u017eit\u00ed: Z\u00e1zem\u00ed pro sportovn\u011b zalo\u017een\u00e9 n\u00e1v\u0161t\u011bvn\u00edky zahrnuj\u00edc\u00ed p\u016fj\u010dovnu sportovn\u00edho vybaven\u00ed, relaxa\u010dn\u00ed z\u00f3nu, \u0161atny, sprchy a&nbsp;toalety.<\/p>\r\n<p><strong>Budova Bohemia<\/strong><br \/>\r\nPokra\u010duj\u00edc\u00ed rekonstrukce, pl\u00e1novan\u00e9 dokon\u010den\u00ed jaro 2022.<br \/>\r\nPl\u00e1novan\u00e9 vyu\u017eit\u00ed: Prostor pro spole\u010densk\u00e9 akce, konference, v\u00fdstavy, firemn\u00ed akce apod.<br \/>\r\nP\u0159edpokl\u00e1dan\u00e9 n\u00e1klady: 90 milion\u016f<\/p>\r\n<p><strong>Divadlo Spir\u00e1la<\/strong><br \/>\r\nZah\u00e1jen\u00ed rekonstrukce v\u00a0kv\u011btnu 2021, pl\u00e1novan\u00e9 dokon\u010den\u00ed l\u00e9to 2022.<br \/>\r\nPl\u00e1novan\u00e9 u\u017eit\u00ed: Unik\u00e1tn\u00ed kruhov\u00fd multifunk\u010dn\u00ed s\u00e1l pro koncerty, divadeln\u00ed p\u0159edstaven\u00ed, konference, akce typu talk show, aj.<br \/>\r\nP\u0159edpokl\u00e1dan\u00e9 n\u00e1klady: 220 milion\u016f<\/p>\r\n<p><strong>Druh\u00e1 f\u00e1ze rekonstrukce cest<\/strong> <br \/>\r\nP\u0159\u00edprava ve\u0159ejn\u00e9 zak\u00e1zky na dodavatele, rekonstrukce budou prob\u00edhat pr\u016fb\u011b\u017en\u011b a\u017e do roku 2022.<br \/>\r\nRozsah rekonstrukce: Vyzna\u010den\u00ed stopy Bruselsk\u00e9ho pavilonu, roz\u0161\u00ed\u0159en\u00ed p\u016fvodn\u00ed Bruselsk\u00e9 cesty, povrchy u&nbsp;Bruselsk\u00e9 br\u00e1ny, \u00faprava p\u00e1su u&nbsp;lekn\u00ednov\u00e9ho jez\u00edrka, \u00faprava plochy p\u0159ed Maroldov\u00fdm panor\u00e1matem, p\u0159\u00edjezdov\u00e1 komunikace mezi halami, rekonstrukce zpevn\u011bn\u00fdch ploch kolem K\u0159i\u017e\u00edkov\u00fdch pavilon\u016f.<\/p>\r\n<p><img loading=\"lazy\" src=\"https:\/\/www.praha7.cz\/wp-content\/uploads\/2021\/04\/bohemia_pohled-od-Prumysloveho-palace.jpg\" alt=\"\" width=\"2592\" height=\"1944\" class=\"alignnone wp-image-47561 size-full\" srcset=\"https:\/\/www.praha7.cz\/wp-content\/uploads\/2021\/04\/bohemia_pohled-od-Prumysloveho-palace.jpg 2592w, https:\/\/www.praha7.cz\/wp-content\/uploads\/2021\/04\/bohemia_pohled-od-Prumysloveho-palace-533x400.jpg 533w, https:\/\/www.praha7.cz\/wp-content\/uploads\/2021\/04\/bohemia_pohled-od-Prumysloveho-palace-768x576.jpg 768w, https:\/\/www.praha7.cz\/wp-content\/uploads\/2021\/04\/bohemia_pohled-od-Prumysloveho-palace-1333x1000.jpg 1333w\" sizes=\"(max-width: 2592px) 100vw, 2592px\" \/> <img loading=\"lazy\" src=\"https:\/\/www.praha7.cz\/wp-content\/uploads\/2021\/04\/KPD_exterier.jpg\" alt=\"\" width=\"2895\" height=\"1930\" class=\"alignnone wp-image-47562 size-full\" srcset=\"https:\/\/www.praha7.cz\/wp-content\/uploads\/2021\/04\/KPD_exterier.jpg 2895w, https:\/\/www.praha7.cz\/wp-content\/uploads\/2021\/04\/KPD_exterier-600x400.jpg 600w, https:\/\/www.praha7.cz\/wp-content\/uploads\/2021\/04\/KPD_exterier-768x512.jpg 768w, https:\/\/www.praha7.cz\/wp-content\/uploads\/2021\/04\/KPD_exterier-1500x1000.jpg 1500w\" sizes=\"(max-width: 2895px) 100vw, 2895px\" \/> <img loading=\"lazy\" src=\"https:\/\/www.praha7.cz\/wp-content\/uploads\/2021\/04\/KPD_interier_02.png\" alt=\"\" width=\"1799\" height=\"1012\" class=\"alignnone wp-image-47563 size-full\" srcset=\"https:\/\/www.praha7.cz\/wp-content\/uploads\/2021\/04\/KPD_interier_02.png 1799w, https:\/\/www.praha7.cz\/wp-content\/uploads\/2021\/04\/KPD_interier_02-600x338.png 600w, https:\/\/www.praha7.cz\/wp-content\/uploads\/2021\/04\/KPD_interier_02-768x432.png 768w, https:\/\/www.praha7.cz\/wp-content\/uploads\/2021\/04\/KPD_interier_02-1500x844.png 1500w\" sizes=\"(max-width: 1799px) 100vw, 1799px\" \/> <img loading=\"lazy\" src=\"https:\/\/www.praha7.cz\/wp-content\/uploads\/2021\/04\/Spirala.jpg\" alt=\"\" width=\"5000\" height=\"3334\" class=\"alignnone wp-image-47565 size-full\" srcset=\"https:\/\/www.praha7.cz\/wp-content\/uploads\/2021\/04\/Spirala.jpg 5000w, https:\/\/www.praha7.cz\/wp-content\/uploads\/2021\/04\/Spirala-600x400.jpg 600w, https:\/\/www.praha7.cz\/wp-content\/uploads\/2021\/04\/Spirala-768x512.jpg 768w, https:\/\/www.praha7.cz\/wp-content\/uploads\/2021\/04\/Spirala-1500x1000.jpg 1500w\" sizes=\"(max-width: 5000px) 100vw, 5000px\" \/><\/p>\r\n<p>Dal\u0161\u00ed foto a&nbsp;vizualizace <a href=\"https:\/\/drive.google.com\/drive\/folders\/1lnA1kTbty0jj_I-HVd3HaRFqIm2wQCxA\" target=\"_blank\" rel=\"noopener\">zde<\/a>.<\/p>\r\n<hr \/>\r\n<p><a href=\"https:\/\/www.praha7.cz\/wp-content\/uploads\/2021\/04\/MAPA_V\u00fdstavi\u0161t\u011b.pdf\" target=\"_blank\" rel=\"noopener\">Mapa V\u00fdstavi\u0161t\u011b<\/a><\/p>\r\n<p><a href=\"https:\/\/www.praha7.cz\/wp-content\/uploads\/2021\/04\/Plany-2021_Na-Vystavisti.pdf\" target=\"_blank\" rel=\"noopener\">V\u00fdstavi\u0161t\u011b pl\u00e1ny 2021<\/a><\/p>\r\n<hr \/>\r\n<p><strong>V\u00fdstavi\u0161t\u011b v&nbsp;nov\u00e9m<\/strong><\/p>\r\n<p><iframe loading=\"lazy\" width=\"560\" height=\"314\" src=\"\/\/www.youtube.com\/embed\/I4IfQVerO68\" allowfullscreen=\"allowfullscreen\"><\/iframe><\/p>","protected":false},"excerpt":{"rendered":"[perex] V\u00fdstavi\u0161t\u011b Praha se nyn\u00ed nach\u00e1z\u00ed v&nbsp;dal\u0161\u00ed etap\u011b rekonstrukce. Byla dokon\u010dena modernizace prvn\u00edho z\u00a0K\u0159i\u017e\u00edkov\u00fdch pavilon\u016f, nov\u00fd skatepark nab\u00edz\u00ed vy\u017eit\u00ed pro sportovce. V\u00a0horizontu n\u011bkolika t\u00fddn\u016f zapo\u010dne i&nbsp;obnova b\u00fdval\u00e9ho divadla Spir\u00e1la. Za posledn\u00ed rok m\u011bsto investovalo do revitalizace are\u00e1lu V\u00fdstavi\u0161t\u011b Praha 160 milion\u016f korun a&nbsp;dal\u0161\u00edch t\u00e9m\u011b\u0159 200 milion\u016f je ve schv\u00e1len\u00e9m rozpo\u010dtu nachyst\u00e1no na leto\u0161n\u00ed rok. [\/perex] [&hellip;]","protected":false},"author":97,"featured_media":47564,"comment_status":"closed","ping_status":"open","sticky":false,"template":"","format":"standard","meta":[],"categories":[34],"tags":[],"_links":{"self":[{"href":"https:\/\/www.praha7.cz\/api\/wp\/v2\/posts\/47560"}],"collection":[{"href":"https:\/\/www.praha7.cz\/api\/wp\/v2\/posts"}],"about":[{"href":"https:\/\/www.praha7.cz\/api\/wp\/v2\/types\/post"}],"author":[{"embeddable":true,"href":"https:\/\/www.praha7.cz\/api\/wp\/v2\/users\/97"}],"replies":[{"embeddable":true,"href":"https:\/\/www.praha7.cz\/api\/wp\/v2\/comments?post=47560"}],"version-history":[{"count":2,"href":"https:\/\/www.praha7.cz\/api\/wp\/v2\/posts\/47560\/revisions"}],"predecessor-version":[{"id":47569,"href":"https:\/\/www.praha7.cz\/api\/wp\/v2\/posts\/47560\/revisions\/47569"}],"wp:featuredmedia":[{"embeddable":true,"href":"https:\/\/www.praha7.cz\/api\/wp\/v2\/media\/47564"}],"wp:attachment":[{"href":"https:\/\/www.praha7.cz\/api\/wp\/v2\/media?parent=47560"}],"wp:term":[{"taxonomy":"category","embeddable":true,"href":"https:\/\/www.praha7.cz\/api\/wp\/v2\/categories?post=47560"},{"taxonomy":"post_tag","embeddable":true,"href":"https:\/\/www.praha7.cz\/api\/wp\/v2\/tags?post=47560"}],"curies":[{"name":"wp","href":"https:\/\/api.w.org\/{rel}","templated":true}]}}