    
{"id":47512,"date":"2021-04-26T18:35:36","date_gmt":"2021-04-26T16:35:36","guid":{"rendered":"https:\/\/www.praha7.cz\/?p=47512"},"modified":"2021-04-27T12:38:50","modified_gmt":"2021-04-27T10:38:50","slug":"od-3-kvetna-otevrou-kadernici-a-dalsi-sluzby","status":"publish","type":"post","link":"https:\/\/www.praha7.cz\/od-3-kvetna-otevrou-kadernici-a-dalsi-sluzby\/","title":{"rendered":"Od 3.&nbsp;kv\u011btna otev\u0159ou kade\u0159n\u00edci a&nbsp;dal\u0161\u00ed slu\u017eby"},"content":{"rendered":"<p>[perex]<\/p>\r\n<p>Vl\u00e1da schv\u00e1lila, \u017ee se od 3.&nbsp;kv\u011btna otev\u0159ou holi\u010dstv\u00ed, kade\u0159nictv\u00ed, pedik\u00fary, manik\u00fary, mas\u00e9rsk\u00e9, kosmetick\u00e9 a&nbsp;regenera\u010dn\u00ed slu\u017eby, p\u00e9\u010de o&nbsp;zv\u00ed\u0159ata nebo l\u00e1ze\u0148sk\u00e1 l\u00e9\u010debn\u011b rehabilita\u010dn\u00ed p\u00e9\u010de. Podm\u00ednkou je, \u017ee se klienti prok\u00e1\u017eou PCR testy, kter\u00e9 budou platn\u00e9 7 dn\u016f, antigenn\u00edmi testy ne star\u0161\u00edmi ne\u017e 3 dny, p\u0159\u00edpadn\u011b potvrzen\u00edm o&nbsp;o\u010dkov\u00e1n\u00ed nebo prod\u011bl\u00e1n\u00edm nemoci p\u0159ed m\u00e9n\u011b ne\u017e 90 dny. O&nbsp;mo\u017en\u00e9m otev\u0159en\u00ed obchod\u016f bude vl\u00e1da jednat a\u017e ve \u010dtvrtek 29.&nbsp;4.<\/p>\r\n<p>V\u00edce informac\u00ed naleznete <a href=\"https:\/\/www.vlada.cz\/cz\/media-centrum\/aktualne\/od-3--kvetna-se-otevrou-kadernictvi-a-dalsi-sluzby-pece-o-telo--ve-trech-krajich-se-vrati-do-skol-dalsi-zaci-188003\/\">ZDE<\/a>.<\/p>\r\n<p>[\/perex]<\/p>\r\n<p>&nbsp;<\/p>","protected":false},"excerpt":{"rendered":"[perex] Vl\u00e1da schv\u00e1lila, \u017ee se od 3.&nbsp;kv\u011btna otev\u0159ou holi\u010dstv\u00ed, kade\u0159nictv\u00ed, pedik\u00fary, manik\u00fary, mas\u00e9rsk\u00e9, kosmetick\u00e9 a&nbsp;regenera\u010dn\u00ed slu\u017eby, p\u00e9\u010de o&nbsp;zv\u00ed\u0159ata nebo l\u00e1ze\u0148sk\u00e1 l\u00e9\u010debn\u011b rehabilita\u010dn\u00ed p\u00e9\u010de. Podm\u00ednkou je, \u017ee se klienti prok\u00e1\u017eou PCR testy, kter\u00e9 budou platn\u00e9 7 dn\u016f, antigenn\u00edmi testy ne star\u0161\u00edmi ne\u017e 3 dny, p\u0159\u00edpadn\u011b potvrzen\u00edm o&nbsp;o\u010dkov\u00e1n\u00ed nebo prod\u011bl\u00e1n\u00edm nemoci p\u0159ed m\u00e9n\u011b ne\u017e 90 dny. O&nbsp;mo\u017en\u00e9m [&hellip;]","protected":false},"author":5,"featured_media":47513,"comment_status":"closed","ping_status":"open","sticky":false,"template":"","format":"standard","meta":[],"categories":[34],"tags":[],"_links":{"self":[{"href":"https:\/\/www.praha7.cz\/api\/wp\/v2\/posts\/47512"}],"collection":[{"href":"https:\/\/www.praha7.cz\/api\/wp\/v2\/posts"}],"about":[{"href":"https:\/\/www.praha7.cz\/api\/wp\/v2\/types\/post"}],"author":[{"embeddable":true,"href":"https:\/\/www.praha7.cz\/api\/wp\/v2\/users\/5"}],"replies":[{"embeddable":true,"href":"https:\/\/www.praha7.cz\/api\/wp\/v2\/comments?post=47512"}],"version-history":[{"count":3,"href":"https:\/\/www.praha7.cz\/api\/wp\/v2\/posts\/47512\/revisions"}],"predecessor-version":[{"id":47527,"href":"https:\/\/www.praha7.cz\/api\/wp\/v2\/posts\/47512\/revisions\/47527"}],"wp:featuredmedia":[{"embeddable":true,"href":"https:\/\/www.praha7.cz\/api\/wp\/v2\/media\/47513"}],"wp:attachment":[{"href":"https:\/\/www.praha7.cz\/api\/wp\/v2\/media?parent=47512"}],"wp:term":[{"taxonomy":"category","embeddable":true,"href":"https:\/\/www.praha7.cz\/api\/wp\/v2\/categories?post=47512"},{"taxonomy":"post_tag","embeddable":true,"href":"https:\/\/www.praha7.cz\/api\/wp\/v2\/tags?post=47512"}],"curies":[{"name":"wp","href":"https:\/\/api.w.org\/{rel}","templated":true}]}}