    
{"id":47481,"date":"2021-04-28T11:22:05","date_gmt":"2021-04-28T09:22:05","guid":{"rendered":"https:\/\/www.praha7.cz\/?p=47481"},"modified":"2021-05-28T11:25:19","modified_gmt":"2021-05-28T09:25:19","slug":"zivot-zvirat-na-druhem-brehu","status":"publish","type":"post","link":"https:\/\/www.praha7.cz\/zivot-zvirat-na-druhem-brehu\/","title":{"rendered":"\u017divot zv\u00ed\u0159at na druh\u00e9m b\u0159ehu"},"content":{"rendered":"<p>[perex]<\/p>\r\n<p>ZOO Praha letos slav\u00ed 90 let sv\u00e9 existence. Cesta k\u00a0vybudov\u00e1n\u00ed jedn\u00e9 z\u00a0nejobl\u00edben\u011bj\u0161\u00edch\u00a0zoologick\u00fdch zahrad na sv\u011bt\u011b v\u0161ak nebyla lehk\u00e1 a\u00a0snadn\u00e9 pro ni nen\u00ed ani aktu\u00e1ln\u00ed obdob\u00ed pandemie. Jak\u00e9 byly okolnosti jej\u00edho vzniku a\u00a0kde v\u0161ude mohla zahrada st\u00e1t? Jak oslav\u00ed sv\u00e9 v\u00fdro\u010d\u00ed a\u00a0kter\u00e1 zv\u00ed\u0159ata byste p\u0159i n\u00e1v\u0161t\u011bv\u011b ur\u010dit\u011b nem\u011bli minout?<\/p>\r\n<p>[\/perex]<\/p>\r\n<p>Zoologick\u00e9 zahrady za\u010daly vznikat ve v\u0161ech v\u011bt\u0161\u00edch m\u011bstech ji\u017e pr\u016fb\u011bhu 19.&nbsp;stolet\u00ed, a\u00a0to jako instituce nejen z\u00e1bavn\u00ed, ale v\u00a0prvn\u00ed \u0159ad\u011b v\u011bdeck\u00e9. Pokusy o\u00a0z\u0159\u00edzen\u00ed zoo v\u00a0Praze se objevily na za\u010d\u00e1tku 80.&nbsp;let 19.&nbsp;stolet\u00ed. Tehdej\u0161\u00ed den\u00edk Prager Tagblatt otiskl 11.\u00a0\u00fanora\u00a01881 otev\u0159en\u00fd list hrab\u011bte Mo\u0159ice Sweerts-Sporcka Pra\u017ean\u016fm, v\u00a0n\u011bm\u017e vyz\u00fdval k\u00a0\u00fa\u010dasti na oslav\u00e1ch s\u0148atku korunn\u00edho prince Rudolfa s\u00a0belgickou princeznou \u0160t\u011bp\u00e1nkou. Ud\u00e1lost m\u011bla b\u00fdt zakon\u010dena trvalou pam\u00e1tkou \u2013 zoologickou zahradou. Hrab\u011b jej\u00ed vznik dlouhodob\u011b propagoval a\u00a0byl tak\u00e9 ochoten organizovat projekt jej\u00ed v\u00fdstavby, jeho pl\u00e1n ale nebyl ze strany m\u011bsta vysly\u0161en.<\/p>\r\n<p><strong>Ani Letn\u00e1, ani \u0160tvanice<\/strong><br \/>\r\nA\u017e v\u00edc ne\u017e deset let po Sweerts-Sporckov\u011b v\u00fdzv\u011b se v\u00a0Praze objevily hned dv\u011b instituce, kter\u00e9 usilovaly\u00a0o\u00a0zalo\u017een\u00ed zahrady. Jednou z\u00a0nich byl Spolek pro zoologickou zahradu v\u00a0Praze, kter\u00fd vznikl v\u00a0roce 1892 z\u00a0popudu JUDr. Vil\u00e9ma Nov\u00e1ka. Ten nejprve prosazoval jej\u00ed vybudov\u00e1n\u00ed na Neboz\u00edzku, pozd\u011bji se p\u0159iklonil k\u00a0Letn\u00e9. Tady v\u0161ak spolek narazil na nesplniteln\u00e9 podm\u00ednky m\u011bstsk\u00e9ho stavebn\u00edho \u00fa\u0159adu, a\u00a0tak se rozhodl nestav\u011bt jednu velkou zoo, ale vystavovat zv\u00ed\u0159ata na v\u00edce m\u00edstech v\u00a0Praze. V\u00a0lednu 1896 z\u00edskal spolek souhlas k\u00a0vybudov\u00e1n\u00ed jedn\u00e9 takov\u00e9 stanice ve Stromovce, jej\u00ed\u017e n\u00e1klady nesl bez \u00fa\u010dasti m\u011bsta. Tato stanice, kter\u00e1 zde fungovala deset let, sest\u00e1vala z\u00a0pta\u010d\u00ed voli\u00e9ry, opi\u010dince, jen\u017e z\u0159ejm\u011b nikdy nebyl zprovozn\u011bn,\u00a0a\u00a0rybn\u00edku.<\/p>\r\n<p>V\u00a0roce 1899 vzniklo dal\u0161\u00ed uskupen\u00ed p\u0159\u00edznivc\u016f z\u0159\u00edzen\u00ed zoologick\u00e9 zahrady \u2013 Dru\u017estvo zoologick\u00e9 a\u00a0akklimatisa\u010dn\u00ed zahrady. V\u00fdzvy jednotlivc\u016f, aby se zm\u00edn\u011bn\u00fd spolek, dru\u017estvo a\u00a0dal\u0161\u00ed chovatelsk\u00e9 spolky spojily a\u00a0pracovaly spole\u010dn\u011b, nena\u0161ly odezvu. V\u00a0t\u00e9m\u017ee roce sepsal Josef Kafka, kustod paleontologick\u00fdch sb\u00edrek N\u00e1rodn\u00edho muzea, pojedn\u00e1n\u00ed o\u00a064 stran\u00e1ch, kde podrobn\u011b popsal chovatelsk\u00e9 a\u00a0vzd\u011bl\u00e1vac\u00ed ot\u00e1zky a\u00a0tak\u00e9 uva\u017eoval o\u00a0p\u0159\u00edhodn\u00e9 lokalit\u011b pro um\u00edst\u011bn\u00ed zoologick\u00e9 zahrady. Za nejvhodn\u011bj\u0161\u00ed tehdy pova\u017eoval zahradu Kinsk\u00fdch. Pr\u00e1v\u011b tam v\u00a0roce 1923 vznikl prvn\u00ed ve\u0159ejnosti p\u0159\u00edstupn\u00fd zookoutek, za n\u00edm\u017e st\u00e1l tehdej\u0161\u00ed zam\u011bstnanec pra\u017esk\u00e9ho magistr\u00e1tu pan J\u00e1nsk\u00fd.<\/p>\r\n<p>V\u00a0prvn\u00edm desetilet\u00ed 20.&nbsp;stolet\u00ed\u00a0o\u00a0prosp\u011b\u0161nosti z\u0159\u00edzen\u00ed pra\u017esk\u00e9 zoo ji\u017e t\u00e9m\u011b\u0159 nikdo nepochyboval a\u00a0diskuze se t\u00fdkaly sp\u00ed\u0161e jej\u00edho pojet\u00ed a\u00a0um\u00edst\u011bn\u00ed. V\u00a0roce 1906 se na Starom\u011bstsk\u00e9 radnici se\u0161la m\u011bstsk\u00e1 rada a\u00a0rozhodla, \u017ee men\u0161\u00ed zoologick\u00e1 zahrada vznikne na \u0160tvanici. P\u0159\u00edpravami byl pov\u011b\u0159en zoolog, ornitolog a\u00a0gymnazi\u00e1ln\u00ed profesor Ji\u0159\u00ed Janda (1865\u20131938). Jeden\u00e1ct let str\u00e1vil na Morav\u011b jako u\u010ditel a\u00a0ned\u00e1vno se vr\u00e1til do Prahy s\u00a0pevn\u00fdm rozhodnut\u00edm pokra\u010dovat\u00a0ve sv\u00e9m mladick\u00e9m snu, kter\u00fdm byla pr\u00e1v\u011b zoo.<\/p>\r\n<p>\u0160tvanice s\u00a0rozlohou pouh\u00fdch 1,6 hektaru rozhodn\u011b nepat\u0159ila k\u00a0nejvhodn\u011bj\u0161\u00edm lokalit\u00e1m. Pozemek ale m\u011bsto poskytlo zdarma a\u00a0dokonce sl\u00edbilo, \u017ee bude v\u00fdstavbu zahrady financovat. Janda si byl dob\u0159e v\u011bdom toho, \u017ee nesta\u010d\u00ed pouh\u00e9 vyb\u00edr\u00e1n\u00ed p\u0159\u00edsp\u011bvk\u016f, ale \u017ee je nutn\u00e1 pr\u00e1v\u011b pomoc instituc\u00ed. Vznik zoo na\u0161el velkou podporu\u00a0u\u00a0\u010dlen\u016f tehdej\u0161\u00edho P\u0159\u00edrodov\u011bdeck\u00e9ho klubu, do kter\u00e9ho pat\u0159il nap\u0159\u00edklad cestovatel Emil Holub, \u0159editel zoologick\u00e9ho odd\u011blen\u00ed N\u00e1rodn\u00edho muzea dr. V\u00e1clav V\u00e1vra nebo ji\u017e zm\u00edn\u011bn\u00fd Josef Kafka. Av\u0161ak situace se nevyv\u00edjela dob\u0159e. Hlasy odp\u016frc\u016f, z\u00a0nich\u017e nejhlasit\u011bj\u0161\u00ed byl cestovatel Vil\u00e9m N\u011bmec, kter\u00fd m\u011bl o\u00a0zoo zcela jin\u00e9 p\u0159edstavy, vedly ke zru\u0161en\u00ed projektu. N\u011bmec ji\u017e tehdy uskute\u010dnil \u0159adu loveck\u00fdch v\u00fdprav do v\u00fdchodn\u00ed Afriky a\u00a0P\u0159edn\u00ed Asie. Studoval africkou p\u0159\u00edrodu a\u00a0sb\u00edral n\u00e1rodopisn\u00e9 doklady o\u00a0\u017eivot\u011b tamn\u00edch obyvatel. \u010c\u00e1st jeho p\u0159\u00edrodov\u011bdeck\u00fdch sb\u00edrek najdeme dnes v\u00a0N\u00e1rodn\u00edm muzeu v\u00a0Praze. Ji\u0159\u00ed Janda v\u0161ak navzdory dal\u0161\u00edm \u00fatok\u016fm a\u00a0nesn\u00e1z\u00edm vytrval, pokra\u010doval v\u00a0p\u0159\u00edpravn\u00fdch prac\u00edch a\u00a0ve sv\u00fdch publikac\u00edch vysv\u011btloval posl\u00e1n\u00ed zoo. Nav\u0161t\u00edvil tak\u00e9 n\u011bkolik evropsk\u00fdch zahrad.<\/p>\r\n<p>Nejd\u016fle\u017eit\u011bj\u0161\u00ed rozhodnut\u00ed se samoz\u0159ejm\u011b t\u00fdkalo v\u00fdb\u011bru m\u00edsta. Ve h\u0159e bylo dokonce 14 lokalit: krom\u011b \u0160tvanice, Letn\u00e9, Stromovky\u00a0a\u00a0Troji to byly tak\u00e9 Cibulka, Ko\u0161\u00ed\u0159e, Pet\u0159\u00edn, Strahov, Kinsk\u00e9ho zahrada, Vyso\u010dany, Kan\u00e1lka (zanikl\u00e1 zahrada, jej\u00ed\u017e \u010d\u00e1st splynula s\u00a0Riegrov\u00fdmi sady), Klamovka, \u0160\u00e1rka, Hloub\u011bt\u00edn \u2013 \u00fadol\u00ed Rokytky. Janda v\u0161ak od sam\u00e9ho za\u010d\u00e1tku projevoval z\u00e1jem o\u00a0trojsk\u00e9 \u00fazem\u00ed. D\u016fle\u017eit\u00fdm momentem se stala tak\u00e9 skute\u010dnost, \u017ee velkostatk\u00e1\u0159 Alois Svoboda daroval v\u00a0roce 1922 pozemky v\u00a0Troji st\u00e1tu, s\u00a0podm\u00ednkou, \u017ee na \u010d\u00e1sti vznikne pr\u00e1v\u011b zoo. \u201eM\u00e1me pozemek, jen\u017e by vzbudil z\u00e1vist v\u0161ech odborn\u00edk\u016f. Sk\u00e1ly, je\u017e jinde dlouho a\u00a0nep\u0159irozen\u011b se buduj\u00ed, rovina, svah i\u00a0n\u00e1horn\u00ed v\u011btrn\u00e9 prostranstv\u00ed a\u00a0p\u0159edev\u0161\u00edm star\u00fd, romantick\u00fd porost. A\u00a0to v\u0161e v\u00a0amfite\u00e1tru, sm\u011b\u0159uj\u00edc\u00edm k\u00a0poledni,\u201c p\u00ed\u0161e Janda v\u00a0novinov\u00e9m \u010dl\u00e1nku z\u00a0roku 1924.<\/p>\r\n<p>My\u0161lenka ale st\u00e1le nar\u00e1\u017eela na nedostatek financ\u00ed a\u00a0situace vedla nakonec\u00a0v\u00a0roce 1926 k\u00a0zalo\u017een\u00ed nov\u00e9ho dru\u017estva. Zdroji p\u0159\u00edjm\u016f m\u011bly b\u00fdt pod\u00edly \u010dlen\u016f, p\u0159\u00edsp\u011bvky st\u00e1tu, m\u011bsta a\u00a0p\u0159\u00edle\u017eitostn\u00e9 dary. Kup\u0159\u00edkladu slibovan\u00fdch p\u0159\u00edsp\u011bvk\u016f st\u00e1tu se ale dru\u017estvo domohlo po mnoh\u00fdch urgenc\u00edch a\u017e o\u00a0dva roky pozd\u011bji.<\/p>\r\n<p>Vzhledem k\u00a0neut\u011b\u0161en\u00e9 finan\u010dn\u00ed situaci se dru\u017estvo rozhodlo z\u00edskat dal\u0161\u00ed \u010dleny. Obr\u00e1tilo se na finan\u010dn\u00ed \u00fastavy, podniky, \u0161koly i\u00a0jednotlivce. U\u00a0\u0159ady instituc\u00ed se v\u00fdzva setkala s\u00a0odezvou. P\u0159ihl\u00e1sili se tak\u00e9 n\u011bkte\u0159\u00ed \u010dinitel\u00e9 ve\u0159ejn\u00e9ho \u017eivota, jako byl nap\u0159\u00edklad p\u0159edstavitel krumlovsk\u00e9 v\u011btve Schwarzenberg\u016f statk\u00e1\u0159 Adolf Schwarzenberg, \u0161t\u011bd\u0159\u00ed d\u00e1rci se ale na\u0161li i\u00a0mezi soukromn\u00edky. O\u00a0p\u0159\u00edsp\u011bvek byl po\u017e\u00e1d\u00e1n tak\u00e9 prezident Masaryk. Zjevn\u011b na p\u0159\u00edmluvu sv\u00e9 dcery Alice Masarykov\u00e9, kter\u00e1 se pozd\u011bji tak\u00e9 stala \u010dlenkou dru\u017estva, p\u0159isp\u011bl sumou 50&nbsp;000&nbsp;K\u010d. Ostatn\u011b Alice Masarykov\u00e1 si profesora Jandy velmi v\u00e1\u017eila\u00a0a\u00a0radila se s\u00a0n\u00edm v\u00a0ot\u00e1zce chovu papou\u0161k\u016f v\u00a0l\u00e1nsk\u00e9m z\u00e1mku. Pen\u00edze se dru\u017estvo sna\u017eilo z\u00edskat tak\u00e9 pomoc\u00ed poj\u00edzdn\u00e9 reklamy na motocyklech, vypisovan\u00e9 loterie, pozd\u011bji i\u00a0ve\u0159ejn\u00e9 sb\u00edrky.<\/p>\r\n<p><strong>Z\u00a0o\u0161et\u0159ovatel\u016f cirkus\u00e1ci<\/strong><br \/>\r\nI\u00a0p\u0159es st\u00e1le trvaj\u00edc\u00ed finan\u010dn\u00ed t\u011b\u017ekosti byla zahrada by\u0165 st\u00e1le je\u0161t\u011b ve stavu p\u0159ipom\u00ednaj\u00edc\u00edm staveni\u0161t\u011b 28.\u00a0z\u00e1\u0159\u00ed\u00a01931 kone\u010dn\u011b zp\u0159\u00edstupn\u011bna. Sen Ji\u0159\u00edho Jandy se tak kone\u010dn\u011b vyplnil a\u00a0on se stal prvn\u00edm \u0159editelem pra\u017esk\u00e9 zoo, j\u00edm\u017e byl a\u017e do sv\u00e9 smrti v\u00a0roce 1938.<\/p>\r\n<p><a href=\"https:\/\/www.praha7.cz\/zivot-zvirat-na-druhem-brehu\/yubgmb-o\/\" rel=\"attachment wp-att-47552\"><img loading=\"lazy\" src=\"https:\/\/www.praha7.cz\/wp-content\/uploads\/2021\/04\/yUBGmB-o-932x1000.png\" alt=\"\" width=\"640\" height=\"687\" class=\"alignnone wp-image-47552 size-large\" srcset=\"https:\/\/www.praha7.cz\/wp-content\/uploads\/2021\/04\/yUBGmB-o-932x1000.png 932w, https:\/\/www.praha7.cz\/wp-content\/uploads\/2021\/04\/yUBGmB-o-373x400.png 373w, https:\/\/www.praha7.cz\/wp-content\/uploads\/2021\/04\/yUBGmB-o-768x824.png 768w\" sizes=\"(max-width: 640px) 100vw, 640px\" \/><\/a><\/p>\r\n<p>Zpo\u010d\u00e1tku bylo pro ve\u0159ejnost zp\u0159\u00edstupn\u011bno osm hektar\u016f v\u00a0doln\u00ed \u010d\u00e1sti are\u00e1lu a\u00a0prvn\u00ed zv\u00ed\u0159e, kter\u00e9 zahrada p\u0159iv\u00edtala, byla samice vlka eurasijsk\u00e9ho Lotta. Ne\u017e se zv\u00ed\u0159ata dostala do sv\u00fdch nov\u00fdch ubikac\u00ed, tr\u00e1vila \u010dasto n\u011bjakou dobu\u00a0u\u00a0r\u016fzn\u00fdch soukromn\u00edk\u016f a\u00a0mnoh\u00e1 z\u00a0nich bydlela tak\u00e9 v\u00a0dom\u00e1cnosti man\u017eel\u016f Jandov\u00fdch. V\u00a0byt\u011b na Mal\u00e9 Stran\u011b nap\u0159\u00edklad chovali dvan\u00e1ct velk\u00fdch papou\u0161k\u016f a\u00a0des\u00edtky dal\u0161\u00edch jin\u00fdch men\u0161\u00edch exotick\u00fdch pt\u00e1\u010dk\u016f a\u00a0dom\u00e1c\u00edch druh\u016f. Kdy\u017e se Jandovi p\u0159est\u011bhovali do trojsk\u00e9 vilky v\u00a0bl\u00edzkosti zoo, za\u010dali na zahrad\u011b chovat i\u00a0savce \u2013 t\u0159eba opice, srnce R\u00ed\u0161u \u010di lvici \u0160\u00e1rku, kter\u00e1 se pozd\u011bji stala erbovn\u00edm zv\u00ed\u0159etem zahrady. M\u011bli zde i\u00a0dv\u011b pestrobarevn\u00e9 kachny z\u00a0poz\u016fstalosti Emy Destinnov\u00e9. Ve voli\u00e9r\u00e1ch pak chovali dravce \u2013 k\u00e1n\u011b b\u011blochvosta Lumpeho, samici orla skaln\u00edho Solon aj. Ti se pak objevili ve voli\u00e9\u0159e, kterou Janda, jen\u017e byl z\u00e1rove\u0148 prvn\u00edm p\u0159edsedou \u010ceskoslovensk\u00e9 spole\u010dnosti ornithologick\u00e9 a\u00a0autorem n\u011bkolika v\u00fdznamn\u00fdch ornitologick\u00fdch knih, s\u00e1m navrhl.<\/p>\r\n<p>Krom\u011b nich byly k\u00a0vid\u011bn\u00ed dal\u0161\u00ed voli\u00e9ry pro pt\u00e1ky, vl\u010dinec\u00a0a\u00a0rybn\u00edky. Prvn\u00ed soupis chovan\u00fdch zv\u00ed\u0159at k\u00a031.&nbsp;lednu 1932 obsahuje 80 \u201epolo\u017eek\u201c. Zoo je z\u00edsk\u00e1vala formou daru od soukrom\u00fdch osob nebo ze zv\u011b\u0159inc\u016f krachuj\u00edc\u00edch cirkus\u016f. D\u00edky tomu mohli ji\u017e v\u00a0prvn\u00edch letech n\u00e1v\u0161t\u011bvn\u00edci obdivovat velk\u00e9 \u0161elmy, slona, hrocha nebo nosoro\u017ece. Lachtany se jm\u00e9ny Batul a\u00a0H\u00fdta z\u00edskala zahrada d\u00edky herci Vlastovi Burianovi, kter\u00fd v\u00a0roce 1934 v\u011bnoval pen\u00edze na jejich zakoupen\u00ed. Cena \u010dinila 14&nbsp;000 K\u010d, co\u017e se bl\u00ed\u017eilo sum\u011b, za ni\u017e jste si tehdy mohli po\u0159\u00eddit nov\u00fd v\u016fz \u0160koda Popular.<\/p>\r\n<p>V\u00e1le\u010dn\u00e9 roky 1939\u20131945 siln\u011b omezily dal\u0161\u00ed rozvoj zahrady, probl\u00e9mem bylo i\u00a0zaji\u0161t\u011bn\u00ed krmiva. Na ploch\u00e1ch v\u00a0horn\u00ed \u010d\u00e1sti are\u00e1lu tak vzniklo m\u00edstn\u00ed hospod\u00e1\u0159stv\u00ed, kde se p\u011bstovaly r\u016fzn\u00e9 druhy zeleniny, vojt\u011b\u0161ka, tr\u00e1va a\u00a0dal\u0161\u00ed plodiny, a\u00a0zahrada se tak stala \u010d\u00e1ste\u010dn\u011b sob\u011bsta\u010dnou. Maso se dov\u00e1\u017eelo hlavn\u011b z\u00a0venkovsk\u00fdch jatek,\u00a0a\u00a0nebylo tedy nutn\u00e9 sni\u017eovat stavy zv\u00ed\u0159at. Po\u010det chovan\u00fdch jedinc\u016f dokonce v\u00a0letech 1939\u20131942\u00a0vzrostl, a\u00a0to v\u00edce ne\u017e o\u00a0dv\u011b st\u011b.<\/p>\r\n<p>Pen\u00edze byly p\u0159esto pot\u0159eba a\u00a0o\u0161et\u0159ovatel\u00e9 se je rozhodli z\u00edskat pomoc\u00ed improvizovan\u00fdch cirkusov\u00fdch p\u0159edstaven\u00ed. Ta m\u011bla velk\u00fd \u00fasp\u011bch a\u00a0traduje se, \u017ee se k\u00a0o\u0161et\u0159ovatel\u016fm z\u00e1hy p\u0159ipojil bez n\u00e1roku na honor\u00e1\u0159 i\u00a0jeden profesion\u00e1ln\u00ed artista se cvi\u010den\u00fdmi ko\u010dkami a\u00a0svou dcerou, kter\u00e1 p\u0159edv\u00e1d\u011bla kovbojsk\u00e9 um\u011bn\u00ed s\u00a0lasem. P\u0159edstaven\u00ed se zprvu odehr\u00e1vala v\u00a0pl\u00e1t\u011bn\u00e9m stanu, pozd\u011bji zoo po\u0159\u00eddila d\u0159ev\u011bn\u00fd. Na ja\u0159e\u00a0a\u00a0v\u00a0l\u00e9t\u011b se o\u00a0ned\u011bl\u00edch hr\u00e1lo i\u00a0osmkr\u00e1t a\u00a0tato praxe pokra\u010dovala a\u017e do roku 1951. Zoo z\u00e1rove\u0148 provozovala cirkusov\u00fd stan se zv\u011b\u0159incem na Letn\u00e9.<\/p>\r\n<p>Ke konci okupace tak\u00e9 do Prahy p\u0159ich\u00e1zela zv\u00ed\u0159ata z\u00a0n\u011bkter\u00fdch n\u011bmeck\u00fdch zoologick\u00fdch zahrad poni\u010den\u00fdch bombardov\u00e1n\u00edm \u2013 celkem to bylo 75 pt\u00e1k\u016f a\u00a0savc\u016f. K\u00a0nejv\u00fdznamn\u011bj\u0161\u00edm pat\u0159ily p\u0159\u00edr\u016fstky z\u00a0dr\u00e1\u017e\u010fansk\u00e9 zoo a\u00a0z\u00a0Berl\u00edna, odkud p\u0159i\u0161la i\u00a0samice hrocha oboj\u017eiveln\u00e9ho Zuzana, kter\u00e1 v\u00a0Praze \u017eila 32 let. Zoo ji zakoupila za symbolickou cenu 1&nbsp;K\u010d za kilo \u017eiv\u00e9 v\u00e1hy.<\/p>\r\n<p>Samoz\u0159ejm\u011b Zoo z\u00e1pasila i\u00a0s\u00a0Vltavou, \u010dasto\u00a0doch\u00e1zelo k\u00a0podm\u00e1\u010den\u00ed a\u00a0zaplaven\u00ed n\u011bkter\u00fdch \u010d\u00e1st\u00ed are\u00e1lu zahrady. Toho probl\u00e9mu si byl i\u00a0v\u011bdom u\u017e jej\u00ed zakladatel Janda, ale teprve a\u017e prvn\u00ed velk\u00e1 povode\u0148 v\u00a0roce 1940 rozto\u010dila kola nutn\u00fdch \u00faprav (v\u00edce se o\u00a0povodn\u00edch do\u010dtete v\u00a0samostatn\u00e9m boxu). Vznikla nov\u00e1 koncepce cel\u00e9 zahrady. T\u011b\u017ei\u0161t\u011b expozic se m\u011blo v\u00edce vzd\u00e1lit od \u0159eky a\u00a0nov\u00e1 podoba se celkov\u011b vyzna\u010dovala v\u011bt\u0161\u00ed citlivost\u00ed ke krajin\u011b. Zv\u00ed\u0159ata se m\u011bla chovat v\u00a0p\u0159irozen\u00fdch skupin\u00e1ch a\u00a0st\u00e1dech jako v\u00a0p\u0159\u00edrod\u011b a\u00a0m\u011bla m\u00edt p\u0159im\u011b\u0159en\u00fd voln\u00fd v\u00fdb\u011bh. Po skon\u010den\u00ed v\u00e1lky byl pl\u00e1n s\u00a0men\u0161\u00edmi \u00fapravami schv\u00e1len St\u00e1tn\u00edm pl\u00e1novac\u00edm \u00fa\u0159adem.<\/p>\r\n<p><a href=\"https:\/\/www.praha7.cz\/zivot-zvirat-na-druhem-brehu\/hgemupo4\/\" rel=\"attachment wp-att-47554\"><img loading=\"lazy\" src=\"https:\/\/www.praha7.cz\/wp-content\/uploads\/2021\/04\/hgemupO4-1500x876.png\" alt=\"\" width=\"640\" height=\"374\" class=\"alignnone wp-image-47554 size-large\" srcset=\"https:\/\/www.praha7.cz\/wp-content\/uploads\/2021\/04\/hgemupO4-1500x876.png 1500w, https:\/\/www.praha7.cz\/wp-content\/uploads\/2021\/04\/hgemupO4-600x350.png 600w, https:\/\/www.praha7.cz\/wp-content\/uploads\/2021\/04\/hgemupO4-768x448.png 768w\" sizes=\"(max-width: 640px) 100vw, 640px\" \/><\/a><\/p>\r\n<p>V\u00a0n\u00e1sleduj\u00edc\u00edch letech se tak n\u00e1v\u0161t\u011bvn\u00edci zoo do\u010dkali \u0159ady nov\u00fdch pavilon\u016f: pavilonu opic, pavilonu vz\u00e1cn\u00fdch savc\u016f nebo pavilonu vodn\u00edch pt\u00e1k\u016f. Po z\u00e1sadn\u00edch stavb\u00e1ch v\u00a050.&nbsp;a\u00a060.&nbsp;letech se na n\u00e1sleduj\u00edc\u00ed dv\u011b des\u00edtky let stavebn\u00ed ruch v\u00a0zahrad\u011b t\u00e9m\u011b\u0159 zastavil a\u00a0s\u00e1m dr. Zden\u011bk Veselovsk\u00fd, tehdej\u0161\u00ed \u0159editel zoo, napsal: \u201eJe snaz\u0161\u00ed dostat do zoo p\u00e1r goril z\u00a0Afriky ne\u017e jednoho klemp\u00ed\u0159e.\u201c Dal\u0161\u00ed vlna v\u00fdstavby p\u0159i\u0161la na p\u0159elomu 80.&nbsp;a\u00a090.&nbsp;let, a\u00a0v\u00a0zoo tak vyrostl pavilon velk\u00fdch \u017eelv, pavilon goril, Indon\u00e9sk\u00e1 d\u017eungle, Afrika zbl\u00edzka aj. Kovov\u00e9 ploty a\u00a0m\u0159\u00ed\u017ee nahradily p\u0159\u00edkopy a\u00a0sklo. Rozdroben\u00e9 v\u00fdb\u011bhy byly spojov\u00e1ny do logick\u00fdch celk\u016f\u00a0a\u00a0dost\u00e1valy p\u0159\u00edrodn\u011bj\u0161\u00ed podobu. Expozice za\u010daly vypov\u00eddat o\u00a0prost\u0159ed\u00ed a\u00a0o\u00a0\u017eivot\u011b v\u00a0konkr\u00e9tn\u00edch m\u00edstech na Zemi a\u00a0dal\u0161\u00ed rozvoj pokra\u010doval. Podle cestovatelsk\u00e9ho serveru TripAdvisor byla pra\u017esk\u00e1 zoo v\u00a0roce 2018 vyhl\u00e1\u0161ena p\u00e1tou nejlep\u0161\u00ed zoo z\u00a0cel\u00e9ho sv\u011bta.<\/p>\r\n<p>Zoo Praha m\u00e1 v\u0161ak \u0159adu dal\u0161\u00edch v\u011bc\u00ed, na\u00a0kter\u00e9 m\u016f\u017ee b\u00fdt pr\u00e1vem hrd\u00e1. Mezi n\u011b se\u00a0po\u010d\u00edtaj\u00ed \u00fasp\u011b\u0161n\u00e9 odchovy sv\u011btov\u00e9ho form\u00e1tu i\u00a0in-situ projekty, jejich\u017e c\u00edlem je ochrana \u017eivo\u010dich\u016f p\u0159\u00edmo v\u00a0m\u00edst\u011b jejich v\u00fdskytu. \u201eZa v\u0161echny mohu jmenovat alespo\u0148 N\u00e1vrat divok\u00fdch kon\u00ed a&nbsp;projekt Toulav\u00fd autobus, d\u00edky n\u011bmu\u017e \u0161kol\u00e1ci v&nbsp;africk\u00e9m Kamerunu zji\u0161\u0165uj\u00ed, \u017ee gorily nejsou maso na tal\u00ed\u0159i, n\u00fdbr\u017e fascinuj\u00edc\u00ed \u017eivo\u010dichov\u00e9 pot\u0159ebuj\u00edc\u00ed na\u0161\u00ed ochranu,\u201c \u0159ekl Hobuletu \u0159editel Zoo Praha Miroslav Bobek.<\/p>\r\n<p>Loni byla zahrada v\u00edce ne\u017e t\u0159etinu roku uzav\u0159ena. Jej\u00edmi branami pro\u0161lo o\u00a0600 tis\u00edc n\u00e1v\u0161t\u011bvn\u00edk\u016f m\u00e9n\u011b ne\u017e v\u00a0roce 2019 a\u00a0ztr\u00e1ty se bl\u00ed\u017e\u00ed 90 milion\u016fm K\u010d. Finan\u010dn\u00ed v\u00fdpadek se zoo sna\u017e\u00ed zm\u00edrnit nap\u0159\u00edklad z\u0159\u00edzen\u00edm stravenek pro zv\u00ed\u0159ata, v\u011bt\u0161\u00ed propagac\u00ed mo\u017en\u00e9ho sponzoringu a\u00a0adopc\u00ed zv\u00ed\u0159at nebo prodejem suven\u00fdr\u016f. \u017divot v\u00a0zoo se ale nezastavil, co\u017e dokazuje i\u00a0projekt s\u00a0n\u00e1zvem <a href=\"https:\/\/www.youtube.com\/channel\/UChEXjuYx8GyEYeMYP7LGUTA\">Kr\u00e1tce ze zoo<\/a>, kter\u00fd prost\u0159ednictv\u00edm stejnojmenn\u00e9ho youtubov\u00e9ho kan\u00e1lu pootev\u00edr\u00e1 sv\u011bt zoo alespo\u0148 virtu\u00e1ln\u011b. Chovatel\u00e9 po\u0159izuj\u00ed kr\u00e1tk\u00e1 videa se sv\u00fdmi sv\u011b\u0159enci a\u00a0poodkr\u00fdvaj\u00ed i\u00a0z\u00e1kulis\u00ed zoo. Postupn\u011b zde vzniklo p\u0159es osm set vide\u00ed. Posledn\u00ed b\u0159eznov\u00fd v\u00edkend, kdy m\u011blo prob\u011bhnout slavnostn\u00ed zah\u00e1jen\u00ed hlavn\u00ed sezony, ve\u0159ejnosti st\u00e1le uzav\u0159en\u00e1 zahrada uvedla do prodeje knihu Ztichl\u00e1 zoo, kter\u00e1 prost\u0159ednictv\u00edm 126 fotografi\u00ed ukazuje m\u00edstn\u00ed zv\u00ed\u0159ata a\u00a0celou zahradu bez n\u00e1v\u0161t\u011bvn\u00edk\u016f. Pom\u011brn\u011b v\u00a0tichosti tak\u00e9 prob\u011bhla oslava prvn\u00edch narozenin prvn\u00ed slon\u00ed sami\u010dky Lakuny. T\u0159\u00edpatrov\u00fd dort ze zeleniny a\u00a0ovoce, kter\u00fd dostali sloni do v\u00fdb\u011bhu, si u\u017eila nejen oslavenkyn\u011b, ale i\u00a0mlad\u0161\u00ed sl\u016fn\u011b Amalee a\u00a0ostatn\u00ed samice.<\/p>\r\n<p><strong>Br\u00e1ny se otev\u00edraj\u00ed<\/strong><br \/>\r\nDal\u0161\u00ed oslavy devades\u00e1tilet\u00e1 zoo nedo\u010dkav\u011b vyhl\u00ed\u017e\u00ed. P\u016fvodn\u011b m\u011bly za\u010d\u00edt ji\u017e po\u010d\u00e1tkem\u00a0leto\u0161n\u00edho roku se zah\u00e1jen\u00edm sezony. Uzav\u0159en\u00ed zoo a\u00a0trvaj\u00edc\u00ed opat\u0159en\u00ed ale cel\u00e9 oslavy zkomplikovaly. \u201ePokud n\u00e1m to situace dovol\u00ed, mohou\u00a0se n\u00e1v\u0161t\u011bvn\u00edci a&nbsp;fanou\u0161ci Zoo Praha t\u011b\u0161it na zaj\u00edmav\u00fd program spojen\u00fd s\u00a0oslavami v\u00fdro\u010d\u00ed v\u00a0pr\u016fb\u011bhu letn\u00edch m\u011bs\u00edc\u016f a&nbsp;v\u0161e vyvrchol\u00ed na\u00a0konci z\u00e1\u0159\u00ed tradi\u010dn\u00ed v\u00fdro\u010dn\u00ed slavnost\u00ed. P\u0159ipravili jsme \u0159adu nahl\u00e9dnut\u00ed do historie, p\u0159ipomeneme si ty nejv\u011bt\u0161\u00ed \u00fasp\u011bchy a&nbsp;momenty, sezn\u00e1m\u00edme fanou\u0161ky s\u00a0pl\u00e1ny do budoucna. Opravdu toho m\u00e1me p\u0159ipraveno hodn\u011b a&nbsp;t\u011b\u0161\u00edme se, a\u017e to v\u0161echno na\u0161im n\u00e1v\u0161t\u011bvn\u00edk\u016fm a&nbsp;v\u0161em, kdo Zoo Praha fand\u00ed, uk\u00e1\u017eeme,\u201c prozradil \u0159editel Bobek.<\/p>\r\n<p>V\u00a0dob\u011b vzniku tohoto \u010dl\u00e1nku se zoologick\u00e1 zahrada zase postupn\u011b otev\u00edr\u00e1 n\u00e1v\u0161t\u011bvn\u00edk\u016fm.\u00a0Pokud se tedy do zoo brzy vyd\u00e1te, kter\u00e1 zv\u00ed\u0159ata by v\u00e1m nem\u011bla uniknout? \u201eJsou to jist\u011b na\u0161e slon\u00ed princezny Lakuna a&nbsp;Amalee, aby je n\u00e1v\u0161t\u011bvn\u00edci st\u00e1le je\u0161t\u011b stihli vid\u011bt jako opravdu mal\u00e1 sl\u016f\u0148ata. Fascinuj\u00edc\u00ed pod\u00edvanou je tak\u00e9 krmen\u00ed \u010f\u00e1bl\u016f v\u00a0ji\u017e zmi\u0148ovan\u00e9m Darwinov\u011b kr\u00e1teru. A&nbsp;hned, jak to bude mo\u017en\u00e9, r\u00e1di pozveme n\u00e1v\u0161t\u011bvn\u00edky tak\u00e9 do pavilonu\u00a0Indon\u00e9sk\u00e1 d\u017eungle, aby kone\u010dn\u011b mohli na vlastn\u00ed o\u010di vid\u011bt same\u010dka orangutana sumatersk\u00e9ho Kawiho,\u201c doporu\u010duje Bobek.<\/p>\r\n<p>Nejv\u011bt\u0161\u00ed v\u00fdzvou do budoucna pak bude krom\u011b vyrovn\u00e1n\u00ed se se ztr\u00e1tami z\u00a0pandemie\u00a0tak\u00e9 pr\u00e1ce na nov\u00e9m pavilonu goril \u010di v\u00a0po\u0159ad\u00ed\u00a0ji\u017e des\u00e1t\u00fd transport kon\u00ed P\u0159evalsk\u00e9ho. \u201eR\u00e1d bych pod\u011bkoval v\u0161em na\u0161im zam\u011bstnanc\u016fm za jejich energii a\u00a0nasazen\u00ed, na\u0161emu z\u0159izovateli m\u011bstu a\u00a0tak\u00e9 v\u0161em fanou\u0161k\u016fm a&nbsp;p\u0159\u00edznivc\u016fm za ve\u0161kerou podporu. Budeme v\u00e1s i\u00a0nad\u00e1le pot\u0159ebovat,\u201c uzav\u00edr\u00e1 Bobek. A\u0165 u\u017e se tedy do zoo p\u0159\u00edmo vyprav\u00edte, nebo t\u0159eba jen zakoup\u00edte stravenku pro va\u0161eho zv\u00ed\u0159ec\u00edho obl\u00edbence, toto pod\u011bkov\u00e1n\u00ed pat\u0159\u00ed tak\u00e9 v\u00e1m.\u00a0<\/p>\r\n<p>&nbsp;<\/p>\r\n<p><a href=\"https:\/\/www.praha7.cz\/zivot-zvirat-na-druhem-brehu\/iiv-ahvi\/\" rel=\"attachment wp-att-47548\"><img loading=\"lazy\" src=\"https:\/\/www.praha7.cz\/wp-content\/uploads\/2021\/04\/Iiv-AhVI-1000x1000.png\" alt=\"\" width=\"640\" height=\"640\" class=\"alignnone wp-image-47548 size-large\" srcset=\"https:\/\/www.praha7.cz\/wp-content\/uploads\/2021\/04\/Iiv-AhVI-1000x1000.png 1000w, https:\/\/www.praha7.cz\/wp-content\/uploads\/2021\/04\/Iiv-AhVI-200x200.png 200w, https:\/\/www.praha7.cz\/wp-content\/uploads\/2021\/04\/Iiv-AhVI-400x400.png 400w, https:\/\/www.praha7.cz\/wp-content\/uploads\/2021\/04\/Iiv-AhVI-768x768.png 768w\" sizes=\"(max-width: 640px) 100vw, 640px\" \/><\/a><\/p>\r\n<p>&nbsp;<\/p>\r\n<hr \/>\r\n<p><strong>Zoo Praha v\u00a0\u010d\u00edslech<\/strong><br \/>\r\n58 ha\u00a0celkov\u00e1 rozloha zoo<br \/>\r\n50 ha\u00a0rozloha expozic<br \/>\r\n14\u00a0pavilon\u016f a\u00a0v\u00edce ne\u017e\u00a0150\u00a0expozic<br \/>\r\n251\u00a0zam\u011bstnanc\u016f<br \/>\r\n5686\u00a0jedinc\u016f zv\u00ed\u0159at<br \/>\r\n684\u00a0druh\u016f zv\u00ed\u0159at<br \/>\r\n1374\u00a0ml\u00e1\u010fat 217 druh\u016f narozen\u00fdch v\u00a0roce 2020<\/p>\r\n<p><strong>Denn\u00ed spot\u0159eba n\u011bkter\u00fdch krmiv v\u00a0roce 2020<br \/>\r\n<\/strong>ban\u00e1ny 16,7&nbsp;kg<br \/>\r\nmrkev 187&nbsp;kg<br \/>\r\n\u010d\u00ednsk\u00e9 zel\u00ed 78&nbsp;kg<br \/>\r\njablka 90&nbsp;kg<br \/>\r\n\u010dervi 6,6&nbsp;l<br \/>\r\nseno 1050&nbsp;kg<br \/>\r\nsl\u00e1ma 158&nbsp;kg<br \/>\r\nv\u011btve 2,2 kontejneru<br \/>\r\noves 8,7&nbsp;kg<br \/>\r\nryby sladkovodn\u00ed 109&nbsp;kg<br \/>\r\nryby mo\u0159sk\u00e9 72&nbsp;kg<br \/>\r\nmaso 142&nbsp;kg<br \/>\r\nmy\u0161i 385 ks<\/p>\r\n<hr \/>\r\n<p><strong>Trable s\u00a0Vltavou<br \/>\r\n<\/strong>Povode\u0148 v\u00a0roce 1940 zoo siln\u011b zas\u00e1hla a\u00a0voda s\u00a0sebou p\u0159in\u00e1\u0161ela kl\u00e1dy, ne\u010distoty, ale tak\u00e9 obrovsk\u00e9 ledov\u00e9 kry. Zaplavila sen\u00edky, st\u00e1je, odnesla \u010di pobo\u0159ila \u010d\u00e1st plot\u016f a\u00a0ohrad, poni\u010dila elektrorozvody a\u00a0syst\u00e9m vyt\u00e1p\u011bn\u00ed. Pracovn\u00edci zoo po celou dobu hl\u00eddkovali na lo\u010fk\u00e1ch a\u00a0voda nakonec vystoupila a\u017e k\u00a0vyv\u00fd\u0161en\u00fdm paland\u00e1m v\u00a0pavilonu ko\u010dkovit\u00fdch \u0161elem, kter\u00e9 tam na dva dny uv\u011bznila. Povode\u0148 se ale tehdy obe\u0161la bez ob\u011bt\u00ed. Zato tis\u00edcilet\u00e1 voda v\u00a0roce 2002 si vy\u017e\u00e1dala \u017eivot 134 zv\u00ed\u0159at. Mezi nimi byli nap\u0159\u00edklad slon Kad\u00edra, hro\u0161ice Barborka s\u00a0Lentilkou \u010di lachtan Gaston, kter\u00e9ho Vltava odnesla a\u017e do N\u011bmecka, kde na celkov\u00e9 vy\u010derp\u00e1n\u00ed uhynul. Dnes Gastona v\u00a0zoo p\u0159ipom\u00edn\u00e1 jeho socha. Evakuov\u00e1no bylo p\u0159es 1000 zv\u00ed\u0159at a\u00a0\u0161kody byly vy\u010d\u00edsleny na 232 milion\u016f K\u010d. Hrdinou a\u00a0symbolem nad\u011bje se p\u0159i povodn\u00edch stal hroch Sl\u00e1vek, kter\u00fd p\u0159e\u017eil dva dny v\u00a0\u00fazk\u00e9 chodb\u011b nad slon\u00ed st\u00e1j\u00ed s\u00a0hlavou vystr\u010denou z\u00a0okna (zem\u0159el v\u00a0\u0159\u00edjnu 2018). Voda zaplavila t\u00e9m\u011b\u0159 polovinu are\u00e1lu a\u00a0v\u00a0n\u011bkter\u00fdch m\u00edstech se vy\u0161plhala a\u017e do v\u00fd\u0161ky 10 metr\u016f nad zem\u00ed. Posledn\u00ed povode\u0148 za\u017eila zoo v\u00a0roce 2013. Zam\u011bstnanci v\u0161ak ji\u017e byli dob\u0159e p\u0159ipraveni\u00a0a\u00a0b\u011bhem 12 hodin se jim poda\u0159ilo odv\u00e9zt do bezpe\u010d\u00ed t\u00e9m\u011b\u0159 v\u0161echna zv\u00ed\u0159ata a\u00a0v\u011bt\u0161inu majetku. P\u0159esto se n\u00e1klady na opravu poni\u010den\u00fdch staveb vy\u0161plhaly k\u00a0n\u011bkolika des\u00edtk\u00e1m milion\u016f korun. Klimatick\u00e9 p\u0159edpov\u011bdi nazna\u010duj\u00ed, \u017ee dal\u0161\u00edm velk\u00fdm povodn\u00edm se Praha v\u00a0n\u00e1sleduj\u00edc\u00edch desetilet\u00edch nevyhne. Velkou nad\u011bj\u00ed je p\u0159\u00edslib magistr\u00e1tu zv\u00fd\u0161it protipovod\u0148ovou ochranu odd\u011bluj\u00edc\u00ed are\u00e1l zoo od \u0159eky Vltavy, kter\u00e1 by zahradu m\u011bla ochr\u00e1nit p\u0159ed pades\u00e1tiletou \u010di dokonce stoletou vodou.<br \/>\r\n\u00a0<br \/>\r\n<strong>N\u00e1vrat kon\u011b P\u0159evalsk\u00e9ho<\/strong><br \/>\r\nZoo se tak\u00e9 pod\u00edl\u00ed na z\u00e1chran\u011b ohro\u017een\u00fdch druh\u016f a\u00a0jejich navracen\u00ed do p\u0159\u00edrody. P\u0159\u00edkladem m\u016f\u017ee b\u00fdt osud kon\u011b P\u0159evalsk\u00e9ho, jen\u017e je posledn\u00edm druhem divok\u00e9ho kon\u011b v\u016fbec. Sv\u011btu je zn\u00e1m od roku 1881. O\u00a0necel\u00fdch sto let pozd\u011bji byl v\u0161ak ve voln\u00e9 p\u0159\u00edrod\u011b vyhuben a\u00a0p\u0159e\u017eil jen d\u00edky p\u00e9\u010di zoologick\u00fdch zahrad. Velkou z\u00e1sluhu na jeho zachov\u00e1n\u00ed m\u00e1 pr\u00e1v\u011b pra\u017esk\u00e1 zoo, kter\u00e1 od roku 1959 vede celosv\u011btovou plemennou knihu tohoto druhu a\u00a0je jedn\u00edm z\u00a0hlavn\u00edch organiz\u00e1tor\u016f mezin\u00e1rodn\u00edch p\u0159evoz\u016f t\u011bchto kon\u00ed do jejich p\u016fvodn\u00ed vlasti. V\u00a0posledn\u00edch letech v\u0161ak sv\u00e9 \u00fasil\u00ed je\u0161t\u011b zn\u00e1sobila, kdy\u017e jako jedin\u00e1 zoo na sv\u011bt\u011b uskute\u010dnila ve spolupr\u00e1ci s\u00a0Arm\u00e1dou \u010cR ji\u017e dev\u011bt transport\u016f kon\u00ed do mongolsk\u00fdch step\u00ed. Po\u010det kon\u00ed v\u00a0p\u0159\u00edsn\u011b chr\u00e1n\u011bn\u00e9 oblasti Velk\u00e1 Gobi B tak loni p\u0159ekro\u010dil ji\u017e t\u0159i sta. Celkov\u011b nyn\u00ed ve vnit\u0159n\u00ed Asii \u017eije p\u0159es tis\u00edc kon\u00ed P\u0159evalsk\u00e9ho. Posledn\u00ed divok\u00fd k\u016f\u0148 se tak postupn\u011b p\u0159esouv\u00e1 z\u00a0\u010derven\u00e9ho seznamu ohro\u017een\u00fdch druh\u016f na pomysln\u00fd zelen\u00fd a\u00a0je uv\u00e1d\u011bn jako p\u0159\u00edklad \u00fasp\u011b\u0161n\u00e9ho ochran\u00e1\u0159sk\u00e9ho \u00fasil\u00ed.<br \/>\r\n<br \/>\r\n<strong>Darwin\u016fv kr\u00e1ter<\/strong><br \/>\r\nMinul\u00fd rok byla otev\u0159ena expozice s\u00a0n\u00e1zvem Darwin\u016fv kr\u00e1ter, kde najdeme v\u00edce ne\u017e dv\u011b des\u00edtky druh\u016f tasm\u00e1nsk\u00e9 a\u00a0australsk\u00e9 fauny, z\u00a0nich\u017e nejv\u00fdznamn\u011bj\u0161\u00ed jsou ohro\u017een\u00ed \u010f\u00e1bli medv\u011bdovit\u00ed \u2013 ozna\u010dovan\u00ed tak\u00e9 jako tasm\u00e1n\u0161t\u00ed \u010derti. Pra\u017esk\u00e1 zahrada se tak stala teprve druhou v\u00a0Evrop\u011b, kter\u00e1 tyto nejv\u011bt\u0161\u00ed drav\u00e9 va\u010dnatce z\u00edskala p\u0159\u00edmo z\u00a0Tasm\u00e1nie. Sou\u010d\u00e1st\u00ed expozice, pro ni\u017e byl inspirac\u00ed stejnojmenn\u00fd kr\u00e1ter v\u00a0Tasm\u00e1nii, je rovn\u011b\u017e autentick\u00e1 fl\u00f3ra v\u010detn\u011b stromov\u00fdch kapradin rostouc\u00edch pod \u0161ir\u00fdm nebem.<br \/>\r\n\u00a0<br \/>\r\n<strong>Nov\u00e9 p\u0159\u00edr\u016fstky<\/strong><br \/>\r\nMinul\u00fd rok byl pro pra\u017eskou zoo velmi plodn\u00fd. Ob\u011b mlad\u00e9 slonice ze Sr\u00ed Lanky porodily na ja\u0159e sl\u016f\u0148ata, sami\u010dky, kter\u00e9 posl\u00e9ze dostaly jm\u00e9na Lakuna\u00a0a\u00a0Amalee. V\u00a0listopadu tak\u00e9 p\u0159ibylo ml\u00e1d\u011b samce orangutana sumatersk\u00e9ho. T\u0159eba\u017ee pra\u017esk\u00fd chov tohoto druhu m\u00e1 ji\u017e t\u00e9m\u011b\u0159 \u0161edes\u00e1tiletou tradici, je to teprve t\u0159et\u00ed orangutan\u00ed ml\u00e1d\u011b. S\u00a0nar\u00e1\u017ekou na d\u00edlo spisovatele a\u00a0ochr\u00e1nce orangutan\u016f Terryho Pratchetta dostal jm\u00e9no Pustakawan, zkr\u00e1cen\u011b Kawi, indon\u00e9sky Knihovn\u00edk. Do zoo tak\u00e9 p\u0159i\u0161lo mnoho v\u00fdjime\u010dn\u00fdch druh\u016f: nap\u0159\u00edklad dva samci rajky volav\u00e9, pt\u00e1ka, kter\u00fd si sv\u00e9 jm\u00e9no vyslou\u017eil podle pov\u011bsti o\u00a0jeho p\u0159\u00edchodu z\u00a0r\u00e1je. Pra\u017esk\u00e1 zoo se tak stala t\u0159et\u00ed zoologickou zahradou v\u00a0Evrop\u011b, je\u017e rajky chov\u00e1, a\u00a0brzy k\u00a0nim p\u0159ibude i\u00a0sami\u010dka. Mezi dal\u0161\u00ed pozoruhodn\u00e9 druhy se po\u010d\u00edt\u00e1 tak\u00e9 nap\u0159\u00edklad u\u017eovka urartsk\u00e1, trnorep som\u00e1lsk\u00fd, ibis b\u011blol\u00edc\u00ed, trogon l\u00edmcov\u00fd \u010di b\u00e9rcoun Peters\u016fv, ale\u00a0i\u00a0samice pandy \u010derven\u00e9 ze Zoo Z\u00e1h\u0159eb. Pra\u017esk\u00e1 zoo tak\u00e9 od roku 2008 chov\u00e1 kriticky ohro\u017een\u00e9ho a\u00a0evolu\u010dn\u011b v\u00fdjime\u010dn\u00e9ho krokod\u00fdla gavi\u00e1la indick\u00e9ho a\u00a0o\u00a0n\u011bkolik let pozd\u011bji byla dokonce pov\u011b\u0159ena veden\u00edm jeho evropsk\u00e9 plemenn\u00e9 knihy. V\u00a0roce 2014 bylo otev\u0159eno velemlok\u00e1rium, kde se p\u0159edstavuj\u00ed velemloci \u010d\u00edn\u0161t\u00ed v\u00a0ne\u010dekan\u00fdch pohledech a\u00a0v\u00a0prost\u0159ed\u00ed, kter\u00e9 p\u0159esn\u011b odpov\u00edd\u00e1 \u010d\u00ednsk\u00fdm hor\u00e1m, kde se vyskytuj\u00ed. Velemlok \u010d\u00ednsk\u00fd je pova\u017eov\u00e1n za jednoho z\u00a0nejohro\u017een\u011bj\u0161\u00edch, nejunik\u00e1tn\u011bj\u0161\u00edch a\u00a0nejcenn\u011bj\u0161\u00edch oboj\u017eiveln\u00edk\u016f na sv\u011bt\u011b.<\/p>\r\n<p><strong>Nov\u00fd pavilon goril<\/strong><br \/>\r\nPra\u017esk\u00e9 gorily jsou jedinou rozmno\u017euj\u00edc\u00ed se skupinou goril\u00a0v\u00a0\u010cR. Jejich sou\u010dasn\u00fd pavilon se ale nach\u00e1z\u00ed na nejni\u017e\u0161\u00edm m\u00edst\u011b are\u00e1lu zoo, a\u00a0v\u00a0p\u0159\u00edpad\u011b dal\u0161\u00ed velk\u00e9 povodn\u011b by tak evakuace znamenala velk\u00e9 riziko. Na podzim 2019 proto za\u010dala v\u00fdstavba nov\u00e9ho pavilonu, kter\u00fd krom\u011b jedn\u00e9 velk\u00e9 goril\u00ed rodiny pojme je\u0161t\u011b dal\u0161\u00ed men\u0161\u00ed skupinu. N\u00e1v\u0161t\u011bvnick\u00e9 prostory budou rozlehlej\u0161\u00ed a\u00a0z\u00e1rove\u0148 tak\u00e9 p\u0159edstav\u00ed prost\u0159ed\u00ed, kter\u00e9 gorily ob\u00fdvaj\u00ed ve st\u0159edn\u00ed Africe, i\u00a0problematiku jejich ochrany. Pro lep\u0161\u00ed splynut\u00ed s\u00a0ter\u00e9nem bude m\u00edt nov\u00fd objekt zatravn\u011bnou st\u0159echu. Pavilon vznik\u00e1 v\u00a0bl\u00edzkosti Africk\u00e9ho domu, pod vini\u010dn\u00edm domem Sklen\u00e1\u0159ka, a\u00a0m\u011bl by se otev\u0159\u00edt na p\u0159elomu l\u00e9ta a\u00a0podzimu p\u0159\u00ed\u0161t\u00edho roku.<\/p>\r\n<p><strong>Stravenky pro zv\u00ed\u0159ata<\/strong><br \/>\r\nV\u00edte, \u017ee samec orangutana sumatersk\u00e9ho spo\u0159\u00e1d\u00e1 okolo 6&nbsp;kg potravy denn\u011b (z\u00a0toho 4&nbsp;kg zeleniny a\u00a0650\u00a0g ovoce), tygr sumatersk\u00fd se\u017eere denn\u011b v\u00a0pr\u016fm\u011bru 5 a\u017e 7&nbsp;kg masa na kosti a\u00a0krm\u00ed se 6x t\u00fddn\u011b a\u00a0\u017ee jim na tuto krmi m\u016f\u017eete p\u0159isp\u011bt? Moment\u00e1ln\u011b lze n\u00e1kupem stravenky pro zv\u00ed\u0159ata podpo\u0159it 70 druh\u016f zv\u00ed\u0159at. Jej\u00ed cena symbolizuje finan\u010dn\u00ed n\u00e1ro\u010dnost t\u00e9 kter\u00e9 krmn\u00e9 denn\u00ed \u010di m\u011bs\u00ed\u010dn\u00ed d\u00e1vky, av\u0161ak nep\u0159edstavuje jej\u00ed p\u0159esn\u00e9 n\u00e1klady. Na webov\u00e9 str\u00e1nce <a href=\"http:\/\/stravenky.zoopraha.cz\">stravenky.zoopraha.cz<\/a> si m\u016f\u017eete naj\u00edt sv\u00e9 obl\u00edben\u00e9 zv\u00ed\u0159e, zakoupit mu stravenku a\u00a0tak\u00e9 se dozv\u011bd\u011bt, co mu chutn\u00e1, a\u00a0u\u00a0v\u011bt\u0161iny zv\u00ed\u0159at se pod\u00edvat i\u00a0na video jejich krmen\u00ed. Cenov\u00e1 hladina se pohybuje od 50 do 600&nbsp;K\u010d.<\/p>\r\n<p><strong>Plemenn\u00e9 knihy<\/strong><br \/>\r\nPlemenn\u00e9 knihy slou\u017e\u00ed k\u00a0p\u0159esn\u00e9 registraci v\u0161ech zv\u00ed\u0159at dan\u00e9ho druhu, kter\u00e1 jsou chov\u00e1na v\u00a0lidsk\u00e9 p\u00e9\u010di. S\u00a0jejich pomoc\u00ed lze sestavovat chovn\u00e9 skupiny tak, aby nedoch\u00e1zelo k\u00a0ne\u017e\u00e1douc\u00edmu p\u0159\u00edbuzensk\u00e9mu k\u0159\u00ed\u017een\u00ed apod. Pra\u017esk\u00e1 zoo vede mezin\u00e1rodn\u00ed plemennou knihu kon\u011b P\u0159evalsk\u00e9ho a\u00a0legu\u00e1na kub\u00e1nsk\u00e9ho a\u00a0evropskou plemennou knihu \u017eelvy \u010dernav\u00e9, orl\u00edcie bornejsk\u00e9, ocelota stromov\u00e9ho, komby u\u0161at\u00e9 a\u00a0komby ji\u017en\u00ed, krysy (velemy\u0161i) obl\u00e1\u010dkov\u00e9 a\u00a0krysy (velemy\u0161i) nejv\u011bt\u0161\u00ed a\u00a0gavi\u00e1la indick\u00e9ho.<br \/>\r\n<br \/>\r\n<strong>Co jste mo\u017en\u00e1 nev\u011bd\u011bli<\/strong><br \/>\r\n<br \/>\r\n<\/p>\r\n<ul>\r\n\t<li>V\u00a0dubnu 1932 p\u0159i\u0161la do pra\u017esk\u00e9 zoo samice ledn\u00edho medv\u011bda Nora, kter\u00e1 byla matkou slavn\u00e9 medv\u011bdice Ilun, prvn\u00edho um\u011ble odchovan\u00e9ho ledn\u00edho medv\u00edd\u011bte na sv\u011bt\u011b.<\/li>\r\n\t<li>Na pam\u00e1tku zakladatele a\u00a0prvn\u00edho \u0159editele pra\u017esk\u00e9 zoo profesora Jandy je tak\u00e9 pojmenov\u00e1na jedna z\u00a0trojsk\u00fdch ulic.<\/li>\r\n\t<li>Prvn\u00ed slon v\u00a0zoo v\u00a0Praze jm\u00e9nem Baby byl same\u010dek a\u00a0v\u00a0prvn\u00edch letech chodil po zoo voln\u011b jen doprovodu o\u0161et\u0159ovatele. B\u011bhem v\u00e1le\u010dn\u00fdch let se Baby \u00fa\u010dastnil cirkusov\u00fdch p\u0159edstaven\u00ed. \u010casem mu v\u0161ak za\u010dal b\u00fdt jeho pavilon mal\u00fd a\u00a0z\u00e1hy tak\u00e9 za\u010dal b\u00fdt \u00fato\u010dn\u00fd v\u016f\u010di lidem a\u00a0z\u00a0Prahy nakonec odcestoval.<\/li>\r\n\t<li>Raritou v\u00a0cirkusov\u00e9 zoo byla postar\u0161\u00ed b\u00fdval\u00e1 cirkusov\u00e1 klisna, kterou majitel poslal na jatka v\u00a0Hole\u0161ovic\u00edch. V\u00a0t\u00e9 dob\u011b tam v\u0161ak p\u016fsobil veterin\u00e1\u0159 MVDr. B. Antony, kter\u00fd byl z\u00e1rove\u0148 i\u00a0\u010dlenem veterin\u00e1rn\u00ed komise zoo. Zm\u00edn\u011bnou kobylku nab\u00eddl do z\u00e1bavn\u00edho koutku a\u00a0v\u00a0zoo \u010dasto vystupovala v\u00a0cirkuse. Kdy\u017e se pr\u00fd ukl\u00e1n\u011bla obecenstvu a\u00a0zvedala nohu, museli ji z\u00a0jedn\u00e9 strany podp\u00edrat, aby neupadla. V\u00a0zoo do\u017eila.<\/li>\r\n\t<li>Po konci druh\u00e9 sv\u011btov\u00e9 v\u00e1lky zoo nav\u00e1zala spolupr\u00e1ci\u00a0s\u00a0obchodn\u00ed organizac\u00ed Zoocentr, kter\u00e1 p\u016fsobila\u00a0v\u00a0tehdej\u0161\u00edm Sov\u011btsk\u00e9m svazu. Praha se toti\u017e nab\u00eddla jako prost\u0159edn\u00edk v\u00fdm\u011bny zv\u00ed\u0159at mezi Z\u00e1padem a\u00a0V\u00fdchodem. Spolupr\u00e1ce prob\u00edhala v\u00a0letech 1950\u20131957 a\u00a0v\u00a0t\u00e9 dob\u011b pro\u0161lo pra\u017eskou zoo t\u00e9m\u011b\u0159 11&nbsp;000 zv\u00ed\u0159at, kter\u00e1 putovala v\u00a0obou sm\u011brech.<\/li>\r\n\t<li>Minul\u00fd rok z\u0159\u00eddila pra\u017esk\u00e1 zoo ve\u0159ejnou sb\u00edrku na pomoc australsk\u00e9 faun\u011b, kter\u00e1 byla siln\u011b posti\u017eena po\u017e\u00e1ry. Vybralo se celkem 23 milion\u016f korun.<\/li>\r\n\t<li>Zoo se m\u016f\u017ee pochlubit tak\u00e9 nejkrat\u0161\u00ed lanovkou v\u00a0\u010cR. Vznikla v\u00a0roce 1970 a\u00a0m\u00e1 d\u00e9lku pouh\u00fdch 110&nbsp;m. Spojuje pavilon goril n\u00ed\u017einn\u00fdch\u00a0a\u00a0kon\u011b P\u0159evalsk\u00e9ho. Kapacita je 720&nbsp;lid\u00ed za hodinu, j\u00edzda trv\u00e1 dv\u011b minuty.<\/li>\r\n<\/ul>\r\n<p><a href=\"https:\/\/www.praha7.cz\/zivot-zvirat-na-druhem-brehu\/hs9hsqa1\/\" rel=\"attachment wp-att-47551\"><img loading=\"lazy\" src=\"https:\/\/www.praha7.cz\/wp-content\/uploads\/2021\/04\/HS9HsQa1-1000x1000.png\" alt=\"\" width=\"640\" height=\"640\" class=\"alignnone wp-image-47551 size-large\" srcset=\"https:\/\/www.praha7.cz\/wp-content\/uploads\/2021\/04\/HS9HsQa1-1000x1000.png 1000w, https:\/\/www.praha7.cz\/wp-content\/uploads\/2021\/04\/HS9HsQa1-200x200.png 200w, https:\/\/www.praha7.cz\/wp-content\/uploads\/2021\/04\/HS9HsQa1-400x400.png 400w, https:\/\/www.praha7.cz\/wp-content\/uploads\/2021\/04\/HS9HsQa1-768x768.png 768w, https:\/\/www.praha7.cz\/wp-content\/uploads\/2021\/04\/HS9HsQa1.png 1860w\" sizes=\"(max-width: 640px) 100vw, 640px\" \/><\/a><\/p>","protected":false},"excerpt":{"rendered":"[perex] ZOO Praha letos slav\u00ed 90 let sv\u00e9 existence. Cesta k\u00a0vybudov\u00e1n\u00ed jedn\u00e9 z\u00a0nejobl\u00edben\u011bj\u0161\u00edch\u00a0zoologick\u00fdch zahrad na sv\u011bt\u011b v\u0161ak nebyla lehk\u00e1 a\u00a0snadn\u00e9 pro ni nen\u00ed ani aktu\u00e1ln\u00ed obdob\u00ed pandemie. Jak\u00e9 byly okolnosti jej\u00edho vzniku a\u00a0kde v\u0161ude mohla zahrada st\u00e1t? Jak oslav\u00ed sv\u00e9 v\u00fdro\u010d\u00ed a\u00a0kter\u00e1 zv\u00ed\u0159ata byste p\u0159i n\u00e1v\u0161t\u011bv\u011b ur\u010dit\u011b nem\u011bli minout? [\/perex] Zoologick\u00e9 zahrady za\u010daly vznikat ve [&hellip;]","protected":false},"author":76,"featured_media":47952,"comment_status":"closed","ping_status":"open","sticky":false,"template":"","format":"standard","meta":[],"categories":[37],"tags":[],"_links":{"self":[{"href":"https:\/\/www.praha7.cz\/api\/wp\/v2\/posts\/47481"}],"collection":[{"href":"https:\/\/www.praha7.cz\/api\/wp\/v2\/posts"}],"about":[{"href":"https:\/\/www.praha7.cz\/api\/wp\/v2\/types\/post"}],"author":[{"embeddable":true,"href":"https:\/\/www.praha7.cz\/api\/wp\/v2\/users\/76"}],"replies":[{"embeddable":true,"href":"https:\/\/www.praha7.cz\/api\/wp\/v2\/comments?post=47481"}],"version-history":[{"count":9,"href":"https:\/\/www.praha7.cz\/api\/wp\/v2\/posts\/47481\/revisions"}],"predecessor-version":[{"id":47951,"href":"https:\/\/www.praha7.cz\/api\/wp\/v2\/posts\/47481\/revisions\/47951"}],"wp:featuredmedia":[{"embeddable":true,"href":"https:\/\/www.praha7.cz\/api\/wp\/v2\/media\/47952"}],"wp:attachment":[{"href":"https:\/\/www.praha7.cz\/api\/wp\/v2\/media?parent=47481"}],"wp:term":[{"taxonomy":"category","embeddable":true,"href":"https:\/\/www.praha7.cz\/api\/wp\/v2\/categories?post=47481"},{"taxonomy":"post_tag","embeddable":true,"href":"https:\/\/www.praha7.cz\/api\/wp\/v2\/tags?post=47481"}],"curies":[{"name":"wp","href":"https:\/\/api.w.org\/{rel}","templated":true}]}}