    
{"id":47476,"date":"2021-04-27T12:41:36","date_gmt":"2021-04-27T10:41:36","guid":{"rendered":"https:\/\/www.praha7.cz\/?p=47476"},"modified":"2021-04-27T12:41:36","modified_gmt":"2021-04-27T10:41:36","slug":"projizdet-katedralou","status":"publish","type":"post","link":"https:\/\/www.praha7.cz\/projizdet-katedralou\/","title":{"rendered":"Proj\u00ed\u017ed\u011bt katedr\u00e1lou"},"content":{"rendered":"<p>Jako mal\u00fd kluk si hr\u00e1l s\u00a0modelov\u00fdm koleji\u0161t\u011bm. V\u00a0ml\u00e1d\u00ed b\u011bhal kolem trat\u00ed, fotil si ma\u0161iny a\u00a0snil o\u00a0dr\u00e1ze strojv\u016fdce. Kv\u016fli nedokon\u010den\u00e9 maturit\u011b se ale musel spokojit s\u00a0\u201ekokpitem\u201c tramvaje. \u201eDva m\u011bs\u00edce mi zabraly nejr\u016fzn\u011bj\u0161\u00ed l\u00e9ka\u0159sk\u00e9 prohl\u00eddky a\u00a0deset t\u00fddn\u016f pak trval samotn\u00fd kurz,\u201c popisuje za\u010d\u00e1tky u\u00a0pra\u017esk\u00e9ho Dopravn\u00edho podniku Tom\u00e1\u0161 Honig, kter\u00fd br\u00e1zd\u00ed Prahu v\u00a0tramvaji u\u017e \u010dtvrt\u00fdm rokem. \u0158\u00eddit, ale t\u0159eba i\u00a0opravit drobn\u00e9 z\u00e1vady um\u00ed na v\u0161ech \u0161esti modelech voz\u016f, kter\u00fdmi se v\u00a0metropoli m\u016f\u017eeme sv\u00e9zt. \u201eNejv\u00edc se mi z\u00a0hlediska designu l\u00edbila T6A5. To kv\u016fli n\u00ed\u00a0jsem za\u010dal pracovat na vozovn\u011b \u017di\u017ekov. Dnes u\u017e se ale tyhle typy bohu\u017eel nepou\u017e\u00edvaj\u00ed,\u201c posteskne si. V\u00a0nejmodern\u011bj\u0161\u00ed tramvaji 15T m\u00e1 sice v\u011bt\u0161\u00ed pohodl\u00ed, rad\u0161i ale jezd\u00ed se starou T3, kter\u00e9 s\u00a0kolegy ne\u0159eknou jinak ne\u017e \u0161umper\u00e1k. \u00c0 propos, my cestuj\u00edc\u00ed m\u00e1me\u00a0u\u00a0\u0159idi\u010d\u016f p\u0159ezd\u00edvku ka\u0161tani.<\/p>\r\n<p>Nejrad\u0161i m\u00e1 Tom\u00e1\u0161 linky \u010d. 9 a\u00a01. \u201eKdy\u017e v\u00a0noci proj\u00ed\u017ed\u00edm p\u0159es most Legi\u00ed a\u00a0vid\u00edm osv\u011btlen\u00fd Pra\u017esk\u00fd hrad a\u00a0Karl\u016fv most, v\u017edycky se koch\u00e1m. Nebo kdy\u017e sj\u00ed\u017ed\u00edm z\u00a0Pet\u0159in nebo Mod\u0159an a\u00a0m\u00e1m p\u0159ed sebou celou Prahu jako na dlani. V\u00a0noci ob\u010das proj\u00ed\u017ed\u00edm p\u0159es nov\u00fd Trojsk\u00fd most. Ten je jako katedr\u00e1la, moc se povedl.\u201c<\/p>\r\n<p>V\u00a0nov\u00e9 tramvaji 15T vozil p\u0159ed epidemi\u00ed t\u0159eba\u00a0i\u00a0300&nbsp;lid\u00ed. \u201eNesm\u00edm si tu obrovskou zodpov\u011bdnost p\u0159ipou\u0161t\u011bt, bezpe\u010dnost je ale v\u017edy na\u00a0prvn\u00edm m\u00edst\u011b. Nem\u00e1 cenu se hn\u00e1t a\u00a0na sekundu dodr\u017eet j\u00edzdn\u00ed \u0159\u00e1d, rad\u0161i jezd\u00edm opatrn\u011b a\u00a0u\u017e n\u011bkolikr\u00e1t se mi to vyplatilo.\u201c Jak\u00e9koliv rozptylov\u00e1n\u00ed\u00a0maj\u00ed \u0159idi\u010di zak\u00e1zan\u00e9 v\u010detn\u011b poslechu r\u00e1dia. \u201eJe to trochu pr\u00e1ce pro samot\u00e1\u0159e. Sice se s\u00a0ostatn\u00edmi \u0159idi\u010di pozdrav\u00edme a\u00a0na kone\u010dn\u00e9 chvilku\u00a0pokl\u00e1bos\u00edme, cel\u00fd den jsme ale sami. M\u00e1m zato \u010das sledovat Prahu a\u00a0co se kde zm\u011bnilo,\u201c dod\u00e1v\u00e1.<\/p>\r\n<p>Svou pr\u00e1ci m\u00e1 moc r\u00e1d, i\u00a0kdy\u017e nastaly i\u00a0situace, kdy p\u0159em\u00fd\u0161lel o\u00a0zm\u011bn\u011b. \u201eP\u0159ed dv\u011bma lety jsem m\u011bl nehodu. Star\u00e1 pan\u00ed mi vb\u011bhla pod tramvaj. Na\u0161t\u011bst\u00ed tam byly venkovn\u00ed kamery i\u00a0sv\u011bdci,\u00a0i\u00a0tak to ale bylo velmi nep\u0159\u00edjemn\u00e9. Bohu\u017eel, hodn\u011b lid\u00ed st\u00e1le zapom\u00edn\u00e1, \u017ee tramvaj m\u00e1 p\u0159ednost.\u201c Posledn\u00ed dobou pak mus\u00ed \u0159e\u0161it i\u00a0cestuj\u00edc\u00ed bez respir\u00e1tor\u016f. \u201eV\u00a0palubn\u00edm po\u010d\u00edta\u010di\u00a0m\u00e1me nahranou v\u00fdzvu, kter\u00e1 tuto povinnost p\u0159ipom\u00edn\u00e1. S\u00e1m ji ale pou\u0161t\u00edm jen v\u00fdjime\u010dn\u011b. Kolegovi se ned\u00e1vno stalo, \u017ee mu po n\u00ed jeden\u00a0agresivn\u00ed cestuj\u00edc\u00ed rozbil sklo u\u00a0dve\u0159\u00ed. My p\u0159itom za tramvaje ru\u010d\u00edme. Je to t\u011b\u017ek\u00e9. \u010c\u00edm d\u00e1l t\u00edm v\u00edc\u00a0vn\u00edm\u00e1m, jak ve spole\u010dnosti nar\u016fst\u00e1 nap\u011bt\u00ed. Je pochopiteln\u00e9, \u017ee jsme v\u0161ichni z\u00a0t\u00e9 situace u\u017e unaveni, to n\u00e1m ale ned\u00e1v\u00e1 pr\u00e1vo chovat se o\u0161kliv\u011b jeden k\u00a0druh\u00e9mu,\u201c zam\u00fd\u0161l\u00ed se Tom\u00e1\u0161.<\/p>\r\n<p>V\u00a0Hole\u0161ovic\u00edch bydl\u00ed od narozen\u00ed, na z\u00e1kladku chodil na Ortenovo n\u00e1m\u011bst\u00ed a\u00a0r\u00e1d se proch\u00e1z\u00ed ve Stromovce. \u201ePracuji na sm\u011bny a\u00a0moc voln\u00e9ho \u010dasu mi nezb\u00fdv\u00e1. R\u00e1d ale vyjedu na kolo, lu\u0161t\u00edm k\u0159\u00ed\u017eovky, maluji portr\u00e9ty, poslouch\u00e1m \u010deskou country hudbu nebo vyraz\u00edm na v\u00fdlet. Taky se t\u011b\u0161\u00edm, \u017ee s\u00a0rodinou snad ji\u017e brzy zajdeme na pivo do nedalek\u00e9 restaurace Hamburg.\u201c<\/p>","protected":false},"excerpt":{"rendered":"Jako mal\u00fd kluk si hr\u00e1l s\u00a0modelov\u00fdm koleji\u0161t\u011bm. V\u00a0ml\u00e1d\u00ed b\u011bhal kolem trat\u00ed, fotil si ma\u0161iny a\u00a0snil o\u00a0dr\u00e1ze strojv\u016fdce. Kv\u016fli nedokon\u010den\u00e9 maturit\u011b se ale musel spokojit s\u00a0\u201ekokpitem\u201c tramvaje. \u201eDva m\u011bs\u00edce mi zabraly nejr\u016fzn\u011bj\u0161\u00ed l\u00e9ka\u0159sk\u00e9 prohl\u00eddky a\u00a0deset t\u00fddn\u016f pak trval samotn\u00fd kurz,\u201c popisuje za\u010d\u00e1tky u\u00a0pra\u017esk\u00e9ho Dopravn\u00edho podniku Tom\u00e1\u0161 Honig, kter\u00fd br\u00e1zd\u00ed Prahu v\u00a0tramvaji u\u017e \u010dtvrt\u00fdm rokem. \u0158\u00eddit, ale [&hellip;]","protected":false},"author":76,"featured_media":47528,"comment_status":"closed","ping_status":"open","sticky":false,"template":"","format":"standard","meta":[],"categories":[37],"tags":[],"_links":{"self":[{"href":"https:\/\/www.praha7.cz\/api\/wp\/v2\/posts\/47476"}],"collection":[{"href":"https:\/\/www.praha7.cz\/api\/wp\/v2\/posts"}],"about":[{"href":"https:\/\/www.praha7.cz\/api\/wp\/v2\/types\/post"}],"author":[{"embeddable":true,"href":"https:\/\/www.praha7.cz\/api\/wp\/v2\/users\/76"}],"replies":[{"embeddable":true,"href":"https:\/\/www.praha7.cz\/api\/wp\/v2\/comments?post=47476"}],"version-history":[{"count":1,"href":"https:\/\/www.praha7.cz\/api\/wp\/v2\/posts\/47476\/revisions"}],"predecessor-version":[{"id":47477,"href":"https:\/\/www.praha7.cz\/api\/wp\/v2\/posts\/47476\/revisions\/47477"}],"wp:featuredmedia":[{"embeddable":true,"href":"https:\/\/www.praha7.cz\/api\/wp\/v2\/media\/47528"}],"wp:attachment":[{"href":"https:\/\/www.praha7.cz\/api\/wp\/v2\/media?parent=47476"}],"wp:term":[{"taxonomy":"category","embeddable":true,"href":"https:\/\/www.praha7.cz\/api\/wp\/v2\/categories?post=47476"},{"taxonomy":"post_tag","embeddable":true,"href":"https:\/\/www.praha7.cz\/api\/wp\/v2\/tags?post=47476"}],"curies":[{"name":"wp","href":"https:\/\/api.w.org\/{rel}","templated":true}]}}